{"id":332370,"date":"2017-06-12T01:02:22","date_gmt":"2017-06-11T23:02:22","guid":{"rendered":"https:\/\/www.focolare.org\/serbie-le-sport-fait-egalement-bouger-les-idees\/"},"modified":"2024-05-16T15:19:44","modified_gmt":"2024-05-16T13:19:44","slug":"serbie-le-sport-fait-egalement-bouger-les-idees","status":"publish","type":"post","link":"https:\/\/www.focolare.org\/fr\/serbie-le-sport-fait-egalement-bouger-les-idees\/","title":{"rendered":"Serbie : le sport fait \u00e9galement bouger les id\u00e9es"},"content":{"rendered":"<p><strong><img loading=\"lazy\" decoding=\"async\" class=\"alignleft wp-image-153177\" src=\"https:\/\/www.focolare.org\/wp-content\/uploads\/2017\/06\/11.jpg\" alt=\"11\" width=\"300\" height=\"225\" \/>Dans la Serbie centrale,<\/strong> Belgrade (\u2018\u2019La ville blanche\u2019\u2019) est une des plus antiques villes d\u2019Europe, au confluent entre les fleuves de la Save et du Danube. \u2018\u2019Porte des Balkans\u2019\u2019 ou \u2018\u2019Porte de l\u2019Europe\u2019\u2019 (d\u00e9finie ainsi par sa position \u00e0 la fronti\u00e8re entre Orient et Occident d\u2019Europe), ren\u00e9e aussi apr\u00e8s un pass\u00e9 de guerres, est aujourd\u2019hui une capitale \u00e0 l\u2019avant-garde, o\u00f9 de nouvelles id\u00e9es, ferment et vitalit\u00e9, circulent dans les domaines de l\u2019art, de l\u2019\u00e9conomie, de l\u2019architecture. Et du sport.  <strong>A l\u2019occasion du vingti\u00e8me anniversaire de sa fondation,<\/strong> le <em>College of Sport and Health, <\/em>institut de formation reconnu avec 600 \u00e9tudiants, a organis\u00e9, les 12 et 13 mai derniers, une conf\u00e9rence internationale ayant pour titre <em>\u2018\u2019Sport, r\u00e9cr\u00e9ation , sant\u00e9\u2019\u2019.<\/em> Parmi les h\u00f4tes, \u00e0 l\u2019invitation du professeur <strong>Alexander Ivanovski<\/strong>, \u00e9galement <a href=\"http:\/\/www.sportmeet.org\/\" target=\"_blank\" rel=\"noopener\">Sportmeet<\/a>, expression du monde du sport de ce renouvellement social et spirituel ayant son origine \u00e0 partir de l\u2019exp\u00e9rience des <a href=\"https:\/\/www.focolare.org\/fr\/chi-siamo\/\" target=\"_blank\" rel=\"noopener\">Focolari\u00a0<\/a><u>:<\/u> un r\u00e9seau mondial de sportifs agonistes ou non, enseignants, instructeurs, journalistes, administrateurs et op\u00e9rateurs du commerce dans le domaine sportif, qui vivent le sport comme une r\u00e9alit\u00e9 positive de confrontation et d\u2019\u00e9change, comme occasion pour faire bouger les muscles et les tendons, mais aussi les id\u00e9es de fraternit\u00e9 universelle et d\u2019inclusion.<em> \u2018\u2019Sport moves people and moves ideas\u2019\u2019\u00a0 <\/em>voici comment est intitul\u00e9e la relation de <strong>Paolo Cipolli, pr\u00e9sident de Sportmeet,<\/strong> pr\u00e9sent \u00e0 la conf\u00e9rence, avec une d\u00e9l\u00e9gation serbo-croate.  <strong>Le \u2018\u2019ph\u00e9nom\u00e8ne sport\u2019\u2019 est une des r\u00e9alit\u00e9s les plus complexes,<\/strong> int\u00e9ressantes et fascinantes de notre temps. 800 millions de pratiquants, 5 millions de soci\u00e9t\u00e9s sportives, 205 f\u00e9d\u00e9rations nationales adh\u00e9rentes au Comit\u00e9 Olympique International, 208 \u00e0 la FIFA.  <strong>Si on pense qu\u2019aux Nations Unies, n\u2019adh\u00e8rent \u2018\u2019que\u2019\u2019 192 nations<\/strong>, on comprend sa port\u00e9e et son omnipr\u00e9sence, comme une sorte de nouveau pouvoir plan\u00e9taire ou, d\u2019apr\u00e8s certains, de \u2018\u2019nouvelle religion\u2019\u2019. Terre d\u2019int\u00e9r\u00eats \u00e9conomiques in\u00e9puis\u00e9s, malheureusement aussi malhonn\u00eates, le sport peut devenir, dans la direction oppos\u00e9e, un v\u00e9ritable terrain de sport de fraternit\u00e9, unit\u00e9 et int\u00e9gration. Un \u2018\u2019langage des gestes\u2019\u2019 universel, qui abat des fronti\u00e8res, des obstacles, les diff\u00e9rences.  <strong><img loading=\"lazy\" decoding=\"async\" class=\"alignright wp-image-153178\" src=\"https:\/\/www.focolare.org\/wp-content\/uploads\/2017\/06\/20170610-01.jpg\" alt=\"20170610-01\" width=\"300\" height=\"201\" \/>A Belgrade, cette face propre du sport a \u00e9t\u00e9 mise en exergue\u00a0<\/strong>: parmi de nombreuses interventions, sur les diff\u00e9rent aspects li\u00e9s au r\u00f4le et au potentiel du sport dans la promotion de la sant\u00e9, avec des experts et des professeurs originaires de Slov\u00e9nie, Croatie, Mac\u00e9doine, Bulgarie, une consid\u00e9ration commune a \u00e9merg\u00e9\u00a0: la n\u00e9cessit\u00e9 de d\u00e9finir des politiques nouvelles pour une pleine valorisation du sport dans la direction d\u2019un style de vie correct et de toutes les formes possibles d\u2019int\u00e9gration, particuli\u00e8rement parmi les jeunes. La conf\u00e9rence a \u00e9t\u00e9 l\u2019occasion d\u2019\u00e9tablir de nouvelles relations et un protocole d\u2019entente en vue de futures collaborations, en valorisant des exp\u00e9riences significatives d\u00e9j\u00e0 en route, comme l\u2019utilisation du jeu dans quelques maisons d\u2019accueil pour juniors.  Apr\u00e8s Belgrade, Sportmeet se tourne vers la prochaine \u00e9tape.<strong> On parlera d\u2019inclusion sociale, d\u2019\u00e9ducation<\/strong> <strong>sportive, d\u2019int\u00e9gration de personnes ayant diff\u00e9rentes<\/strong> comp\u00e9tences et du rapport entre les g\u00e9n\u00e9rations, du 13 au 16 juillet en Espagne. Quatre jours au cours desquels t\u00e9moins et op\u00e9rateurs sportifs se confronteront, \u00e0 partir du symposium international de Barcelone (au Palau Robert, le 13 juillet), organis\u00e9 en collaboration avec d\u2019autres partenaires locaux, parmi lesquels l\u2019<em>Universitat Aut\u00f2noma de Barcelona, <\/em>pour poursuivre avec la<em> Summer School di Castel d\u2019Aro,<\/em> \u00e0 une centaine de kilom\u00e8tres de la capitale de la Catalogne, et un programme riche pour sensibiliser au sport inclusif et aux bonnes pratiques.  <strong>Avec le r\u00eave que le \u2018\u2019sport\u2019\u2019 devienne r\u00e9ellement et \u00e0 tous les niveaux, synonyme de \u2018\u2019rencontre\u2019\u2019.<\/strong><\/p>\n","protected":false},"excerpt":{"rendered":"<p>Handicap, \u00e9ducation, inclusion sociale : les grands d\u00e9fis de Sportmeet. Le sport v\u00e9cu en tant qu\u2019opportunit\u00e9, comme synonyme de rencontre.<\/p>\n","protected":false},"author":34,"featured_media":0,"comment_status":"open","ping_status":"open","sticky":false,"template":"","format":"standard","meta":{"give_campaign_id":0,"_seopress_robots_primary_cat":"","_seopress_titles_title":"","_seopress_titles_desc":"","_seopress_robots_index":"","_et_pb_use_builder":"","_et_pb_old_content":"","_et_gb_content_width":"","footnotes":""},"categories":[47],"tags":[],"class_list":["post-332370","post","type-post","status-publish","format-standard","hentry","category-non-classifiee"],"_links":{"self":[{"href":"https:\/\/www.focolare.org\/fr\/wp-json\/wp\/v2\/posts\/332370","targetHints":{"allow":["GET"]}}],"collection":[{"href":"https:\/\/www.focolare.org\/fr\/wp-json\/wp\/v2\/posts"}],"about":[{"href":"https:\/\/www.focolare.org\/fr\/wp-json\/wp\/v2\/types\/post"}],"author":[{"embeddable":true,"href":"https:\/\/www.focolare.org\/fr\/wp-json\/wp\/v2\/users\/34"}],"replies":[{"embeddable":true,"href":"https:\/\/www.focolare.org\/fr\/wp-json\/wp\/v2\/comments?post=332370"}],"version-history":[{"count":0,"href":"https:\/\/www.focolare.org\/fr\/wp-json\/wp\/v2\/posts\/332370\/revisions"}],"wp:attachment":[{"href":"https:\/\/www.focolare.org\/fr\/wp-json\/wp\/v2\/media?parent=332370"}],"wp:term":[{"taxonomy":"category","embeddable":true,"href":"https:\/\/www.focolare.org\/fr\/wp-json\/wp\/v2\/categories?post=332370"},{"taxonomy":"post_tag","embeddable":true,"href":"https:\/\/www.focolare.org\/fr\/wp-json\/wp\/v2\/tags?post=332370"}],"curies":[{"name":"wp","href":"https:\/\/api.w.org\/{rel}","templated":true}]}}