{"id":332376,"date":"2017-06-13T01:08:49","date_gmt":"2017-06-12T23:08:49","guid":{"rendered":"https:\/\/www.focolare.org\/ce-dialogue-voulu-par-dieu\/"},"modified":"2024-05-16T15:19:45","modified_gmt":"2024-05-16T13:19:45","slug":"ce-dialogue-voulu-par-dieu","status":"publish","type":"post","link":"https:\/\/www.focolare.org\/fr\/ce-dialogue-voulu-par-dieu\/","title":{"rendered":"Ce dialogue voulu par Dieu"},"content":{"rendered":"<p><strong><a href=\"https:\/\/www.focolare.org\/wp-content\/uploads\/2017\/06\/SEcum20170513-104205_1.jpg\"><img loading=\"lazy\" decoding=\"async\" class=\"wp-image-153362 alignright\" src=\"https:\/\/www.focolare.org\/wp-content\/uploads\/2017\/06\/SEcum20170513-104205_1.jpg\" alt=\"SEcum20170513-104205_1\" width=\"368\" height=\"245\" \/><\/a>Le Patriarche <\/strong><a href=\"https:\/\/www.focolare.org\/fr\/news\/2012\/07\/04\/athenagoras-i-e-chiara-lubich\/\">Ath\u00e9nagoras <\/a><strong>et <\/strong><a href=\"https:\/\/www.focolare.org\/fr\/chiara-lubich\/\">Chiara Lubich,<\/a><strong> promoteurs d\u2019unit\u00e9.<\/strong>  <strong>Le fait de recommencer n\u2019est pas facile<\/strong> et ne l\u2019a jamais \u00e9t\u00e9 surtout si le temps a creus\u00e9 des foss\u00e9s, si certaines diversit\u00e9s sont devenues culture et si, pour compliquer les choses, il y a aussi la conviction d\u2019\u00eatre dans le vrai. Nous ne sommes pas loin de la v\u00e9rit\u00e9 si nous disons que c\u2019\u00e9tait plus ou moins la situation vers la moiti\u00e9 du 20\u00b0 si\u00e8cle, entre l\u2019\u00c9glise catholique et l\u2019\u00c9glise orthodoxe\u00a0: des si\u00e8cles durant, pendant tout un mill\u00e9naire, la s\u00e9paration avait \u00e9t\u00e9 entretenue.  <strong>Les c\u00e9l\u00e8bres et inoubliables acteurs et initiateurs du<\/strong> \u00ab<em>\u00a0Dialogue de la Charit\u00e9<\/em>\u00a0\u00bb, les grands penseurs du dialogue du peuple, ce sont <a href=\"https:\/\/www.focolare.org\/fr\/news\/2015\/10\/20\/cristiani-doriente-e-doccidente-2\/\">Ath\u00e9nagoras, Patriarche \u0153cum\u00e9nique et Chiara Lubich<\/a>, fondatrice du <a href=\"https:\/\/www.focolare.org\/fr\/chi-siamo\/\">Mouvement de l\u2019unit\u00e9<\/a>. Par leur vie humble, s\u00e9rieuse, disponible, par leur d\u00e9vouement, leur amour et leur pri\u00e8re, ils ont \u00e9t\u00e9 les acteurs et les promoteurs d\u2019une \u00e8re \u0153cum\u00e9nique nouvelle\u00a0; ils ont instruit les peuples et leur ont donn\u00e9 courage, force, patience, fid\u00e9lit\u00e9, disponibilit\u00e9, amour et unit\u00e9.  <strong>Au fond, la solution \u00e9tait simple et le Patriarche l\u2019exprimait par ces mots<\/strong>\u00a0: \u00ab\u00a0<em>Nous avons v\u00e9cu isol\u00e9s, sans avoir de fr\u00e8res, sans avoir de s\u0153urs, pendant de longs si\u00e8cles, comme des orphelins. Pourquoi\u00a0? Le fr\u00e8re est la porte. Voil\u00e0 le secret\u00a0!<\/em>\u00a0\u00bb  <strong>Les inoubliables acteurs du<\/strong> \u00ab<em>\u00a0Dialogue de la charit\u00e9<\/em>\u00a0\u00bb, les grands innovateurs du dialogue du peuple, se sont rencontr\u00e9s bien 27 fois, de 1997 \u00e0 1972, (date de la mort du Patriarche). C\u2019est au 13\u00a0juin 1967 que remonte la premi\u00e8re rencontre historique de Chiara Lubich au Patriarcat \u0153cum\u00e9nique de Constantinople m\u00eame si, jusqu\u2019\u00e0 nos jours, ce moment n\u2019a pas \u00e9t\u00e9 appr\u00e9ci\u00e9 dans toute sa port\u00e9e. Le Patriarche approuva et accueillit avec amour et s\u00e9rieux le charisme de Chiara, une <a href=\"https:\/\/www.focolare.org\/fr\/chiara-lubich\/spiritualita-dellunita\/\">spiritualit\u00e9 <\/a>mystique, qui est la spiritualit\u00e9 de l\u2019\u00c9glise, au point de consid\u00e9rer cette rencontre \u00ab\u00a0<em>comme une extase<\/em>\u00a0\u00bb. Dans son c\u0153ur, la conviction qu\u2019en vivant les paroles du Testament de J\u00e9sus on pourrait bient\u00f4t parvenir \u00e0 l\u2019unique calice a fait de plus en plus son chemin. Avec des paroles \u00e9mouvantes, il disait\u00a0: \u00ab\u00a0<em>Ce serait pour moi, un jour de paradis<\/em>.\u00a0\u00bb  <strong><a href=\"https:\/\/www.focolare.org\/wp-content\/uploads\/2012\/07\/20120704-01.jpg\"><img loading=\"lazy\" decoding=\"async\" class=\"wp-image-66709 alignleft\" src=\"https:\/\/www.focolare.org\/wp-content\/uploads\/2012\/07\/20120704-01.jpg\" alt=\"20120704-01\" width=\"368\" height=\"280\" \/><\/a>Le Patriarche s\u2019est tr\u00e8s vite d\u00e9clar\u00e9<\/strong> <em>\u00ab\u00a0focolarino<\/em>\u00a0\u00bb. Il commen\u00e7a \u00e0 appeler Chiara Lubich du nom de \u2018<em>Tecla<\/em>\u2019. Il avait en effet d\u00e9couvert en elle le m\u00eame z\u00e8le que cette sainte qui \u00e9tait l\u2019\u00e9gale des ap\u00f4tres et il continuait \u00e0 dire\u00a0: \u00ab\u00a0<em>Nous avons soif de la spiritualit\u00e9.<\/em>\u00a0\u00bb <strong>En m\u00eame temps, Chiara elle-m\u00eame fut tout autant touch\u00e9e<\/strong><em><strong>.<\/strong> Le Patriarche lui \u00ab\u00a0apparaissait comme un Archange qui lutte et luttera jusqu\u2019au bout pour son Id\u00e9al\u00a0: un homme de Dieu, \u00e9prouv\u00e9 dans la charit\u00e9 h\u00e9ro\u00efque et la patience h\u00e9ro\u00efque\u00a0\u00bb.<\/em>  <strong>Avec sa spiritualit\u00e9 et sa merveilleuse personnalit\u00e9,<\/strong> Chiara\u00a0n\u2019a pas seulement pr\u00e9par\u00e9 les deux pr\u00e9cieux Ponts principaux. Dans ces rencontres entre orthodoxes et catholiques, le lien de l\u2019amour r\u00e9ciproque adoucissait la souffrance de ne pas pouvoir partager l\u2019Eucharistie. Il rendait m\u00eame aimable cette croix comme la contribution du peuple chr\u00e9tien \u00e0 l\u2019Unique Calice.  <em>\u00ab\u00a0<\/em><em>Le Pape est notre leader \u2013 <\/em><strong>confia en confidence le Patriarche \u00e0 Chiara<\/strong><em>\u00a0; je vois parfois le Pape \u2018\u00e0 l\u2019agonie\u2019, car il conna\u00eet tout ce qu\u2019il y a de n\u00e9gatif dans le monde. C\u2019est pour cela que je me suis mis \u00e0 son service, \u00e0 cent pour cent. Je le suis, je le comprends, je l\u2019aime, je le respecte, je l\u2019admire.\u00a0<\/em><em>\u00bb<\/em>  \u00c0 la suite de ce parcours qui a dur\u00e9 cinquante ans, j\u2019ai fait personnellement la proposition au prof. Piero Coda, Pr\u00e9sident de l\u2019Institut Universitaire \u201c<a href=\"http:\/\/www.iu-sophia.org\/\" target=\"_blank\" rel=\"noopener\">Sophia<\/a>\u201d, d\u2019instituer une Chaire \u0152cum\u00e9nique comme signe de reconnaissance envers ces deux extraordinaires acteurs et initiateurs de la fraternit\u00e9 entre l\u2019\u00c9glise orthodoxe et l\u2019\u00c9glise catholique. Cette proposition a re\u00e7u une grande et cordiale approbation avec la b\u00e9n\u00e9diction du Patriarche Bartholom\u00e9e et l\u2019adh\u00e9sion convaincue de <a href=\"https:\/\/www.focolare.org\/fr\/news\/2014\/09\/15\/maria-voce\/\">Maria Voce<\/a>, la <a href=\"https:\/\/www.focolare.org\/fr\/la-presidente\/\">Pr\u00e9sidente des Focolari<\/a>.  <strong>Nous offrons de tout notre c\u0153ur un<\/strong> <em>\u00ab\u00a0grand merci\u00a0\u00bb,<\/em> comme de tr\u00e8s belles fleurs, \u00e0 Ath\u00e9nagoras et \u00e0 Chiara, envoy\u00e9s par Dieu\u00a0; ils ont donn\u00e9 leur vie avant tout pour la r\u00e9alisation de la volont\u00e9 de Dieu\u00a0: \u00ab\u00a0<em>Que tous soient un\u00a0\u00bb, <\/em>qui se r\u00e9alisera comme don de l\u2019Esprit Saint.  <em>M\u00e9tropolite Gennadios Zervos,<\/em>  <em>archev\u00eaque orthodoxe d\u2019Italie et Malte du Patriarcat \u0153cum\u00e9nique de Constantinople.<\/em><\/p>\n","protected":false},"excerpt":{"rendered":"<p>Lors du 50\u00e8me anniversaire de la rencontre historique entre Ath\u00e9nagoras 1er et Chiara Lubich, le t\u00e9moignage du M\u00e9tropolite d\u2019Italie et de Malte, Son Excellence Gennadios Zervos, du Patriarcat \u0152cum\u00e9nique de Constantinople.<\/p>\n","protected":false},"author":34,"featured_media":0,"comment_status":"open","ping_status":"open","sticky":false,"template":"","format":"standard","meta":{"give_campaign_id":0,"_seopress_robots_primary_cat":"","_seopress_titles_title":"","_seopress_titles_desc":"","_seopress_robots_index":"","_et_pb_use_builder":"","_et_pb_old_content":"","_et_gb_content_width":"","footnotes":""},"categories":[47],"tags":[],"class_list":["post-332376","post","type-post","status-publish","format-standard","hentry","category-non-classifiee"],"_links":{"self":[{"href":"https:\/\/www.focolare.org\/fr\/wp-json\/wp\/v2\/posts\/332376","targetHints":{"allow":["GET"]}}],"collection":[{"href":"https:\/\/www.focolare.org\/fr\/wp-json\/wp\/v2\/posts"}],"about":[{"href":"https:\/\/www.focolare.org\/fr\/wp-json\/wp\/v2\/types\/post"}],"author":[{"embeddable":true,"href":"https:\/\/www.focolare.org\/fr\/wp-json\/wp\/v2\/users\/34"}],"replies":[{"embeddable":true,"href":"https:\/\/www.focolare.org\/fr\/wp-json\/wp\/v2\/comments?post=332376"}],"version-history":[{"count":0,"href":"https:\/\/www.focolare.org\/fr\/wp-json\/wp\/v2\/posts\/332376\/revisions"}],"wp:attachment":[{"href":"https:\/\/www.focolare.org\/fr\/wp-json\/wp\/v2\/media?parent=332376"}],"wp:term":[{"taxonomy":"category","embeddable":true,"href":"https:\/\/www.focolare.org\/fr\/wp-json\/wp\/v2\/categories?post=332376"},{"taxonomy":"post_tag","embeddable":true,"href":"https:\/\/www.focolare.org\/fr\/wp-json\/wp\/v2\/tags?post=332376"}],"curies":[{"name":"wp","href":"https:\/\/api.w.org\/{rel}","templated":true}]}}