{"id":332408,"date":"2017-06-24T00:10:41","date_gmt":"2017-06-23T22:10:41","guid":{"rendered":"https:\/\/www.focolare.org\/bouddhistes-et-chretiens-en-dialogue-2\/"},"modified":"2024-05-16T15:19:53","modified_gmt":"2024-05-16T13:19:53","slug":"bouddhistes-et-chretiens-en-dialogue-2","status":"publish","type":"post","link":"https:\/\/www.focolare.org\/fr\/bouddhistes-et-chretiens-en-dialogue-2\/","title":{"rendered":"Bouddhistes et Chr\u00e9tiens en dialogue\/ 2"},"content":{"rendered":"<p><strong><a href=\"https:\/\/www.focolare.org\/wp-content\/uploads\/2017\/06\/P4260731.jpg\"><img loading=\"lazy\" decoding=\"async\" class=\"alignleft wp-image-153998\" src=\"https:\/\/www.focolare.org\/wp-content\/uploads\/2017\/06\/P4260731.jpg\" alt=\"P4260731\" width=\"300\" height=\"225\" \/><\/a>\u201cNous sommes arriv\u00e9s \u00e0 Dharma Drum Mountain (Taiwan)<\/strong>\u00a0 hier soir \u00e0 la tomb\u00e9e de la nuit, accueillis avec une gentillesse exquise par de jeunes b\u00e9n\u00e9voles qui nous ont aid\u00e9s \u00e0 nous installer et \u00e0 trouver nos chambres. Ensuite d\u00eener et salutations.  <strong>Ce matin le Symposium a commenc\u00e9<\/strong> comme on l\u2019avait envisag\u00e9 lors de la visite faite avec quelques dirigeants des <a href=\"https:\/\/www.focolare.org\/fr\/chi-siamo\/\">Focolari <\/a>en f\u00e9vrier 2016. Tout l\u2019\u00e9difice qui abrite le <em>College of Liberal Arts<\/em> est moderne, construit par un architecte japonais, avec des jardins suspendus\u00a0 pour assurer un climat agr\u00e9able, y compris pendant la saison chaude et humide, m\u00eame si ici l\u2019humidit\u00e9 semble r\u00e9gner toute l\u2019ann\u00e9e. La nourriture offerte est d\u2019une grande qualit\u00e9 culinaire, mais elle est avant tout l\u2019expression du sentiment d\u2019accueil qui fait qu\u2019on se sent chez soi.  <strong><a href=\"https:\/\/www.focolare.org\/wp-content\/uploads\/2017\/06\/P4260682.jpg\"><img loading=\"lazy\" decoding=\"async\" class=\"alignright wp-image-153999\" src=\"https:\/\/www.focolare.org\/wp-content\/uploads\/2017\/06\/P4260682.jpg\" alt=\"P4260682\" width=\"300\" height=\"225\" \/><\/a><\/strong>.<strong>A dix heures, d\u00e9but de la c\u00e9r\u00e9monie d\u2019ouverture<\/strong>. C\u2019est l\u2019un des membres du corps enseignant, <em>Guohuei<\/em> <em>Shih<\/em>, qui pr\u00e9sente les diff\u00e9rents rapporteurs. <em>Rita Moussallem<\/em> et moi-m\u00eame sommes les premiers \u00e0 intervenir, tout de suite apr\u00e8s les salutations du\u00a0 <em>Charg\u00e9 d\u2019Affaires du Vatican<\/em>, le p\u00e8re <em>Giuseppe Silvestrini<\/em>, qui nous avait accueillis en soir\u00e9e \u00e0 la Nonciature, peu de temps avant.  <strong>Nous sommes environ 70, en provenance des USA, d\u2019Europe, de Tha\u00eflande, de Cor\u00e9e, du Japon, des Philippines, de la Chine, et bien s\u00fbr de Taiwan<\/strong>. Les participants sont des catholiques ainsi que des bouddhistes de diverses traditions\u00a0: des moines et des fid\u00e8les la\u00efcs theravada de Tha\u00eflande, des Bouddhistes japonais mahayana repr\u00e9sentant diverses \u00e9coles antiques comme la Nichiren-Shu et aussi des mouvements r\u00e9cents comme la Rissho Kosei-kai. Il r\u00e8gne entre tous une atmosph\u00e8re tr\u00e8s chaleureuse\u00a0: les ann\u00e9es ont consolid\u00e9 la relation \u00a0avec certains, d\u00e9sormais plut\u00f4t \u00e2g\u00e9s, et qui sont venus avec quelques jeunes disciples.  Puis c\u2019est aussit\u00f4t la visite de ce grand complexe qui conduit les diff\u00e9rents groupes en divers points du <em>Dharma Drum Mountain<\/em>. La visite du mus\u00e9e consacr\u00e9 au fondateur et celle des diverses salles o\u00f9 sont v\u00e9n\u00e9r\u00e9es de nombreuses repr\u00e9sentations du Bouddha sont pleines de sens&#8230;  <strong>On retiendra en particulier<\/strong> la le\u00e7on sur la mani\u00e8re dont, ici \u00e0 Fagu Shan, on v\u00e9n\u00e8re l\u2019Illumin\u00e9. Les moines Theravada se mettent humblement \u00e0 l\u2019\u00e9cole des jeunes moines qui \u00e9tudient dans cette universit\u00e9.  <strong><a href=\"https:\/\/www.focolare.org\/wp-content\/uploads\/2017\/06\/P4260611.jpg\"><img loading=\"lazy\" decoding=\"async\" class=\"alignright wp-image-153997\" src=\"https:\/\/www.focolare.org\/wp-content\/uploads\/2017\/06\/P4260611.jpg\" alt=\"P4260611\" width=\"300\" height=\"225\" \/><\/a><\/strong>Le moment le plus beau de la journ\u00e9e est sans aucun doute celui qu\u2019on appelle <em>Blessing<\/em>. Il s\u2019agit d\u2019un long temps de pri\u00e8re o\u00f9 chacun prie selon sa propre tradition sans verser dans le moindre syncr\u00e9tisme, ni dans la confusion\u00a0: solennit\u00e9, respect et silence caract\u00e9risent cette phase du programme. Dans la salle du Bouddha, o\u00f9 ce matin nous avons c\u00e9l\u00e9br\u00e9 la messe avec les chr\u00e9tiens, nous passons une heure et demie \u00e0 suivre diverses pri\u00e8res, chacune diff\u00e9rente selon sa tradition.  <strong>Les moines Theravada commencent et les chr\u00e9tiens continuent<\/strong>. Puis suivent \u00a0les membres de la Rissho Kosei-Kai et ceux de la Tendai Shu, pour finir avec les moines du Fo Gu Shan. Le temps semble s\u2019arr\u00eater et, au fur et \u00e0 mesure qu\u2019il avance on \u00e9prouve en soi une grande richesse. D\u2019un c\u00f4t\u00e9 on semble toucher du doigt l\u2019aspiration de l\u2019homme \u00e0 l\u2019infini et, de l\u2019autre la n\u00e9cessit\u00e9 d\u2019arriver \u00e0 l\u2019absolu en pr\u00e9sence des grands probl\u00e8mes que sont la souffrance et la guerre.  En sortant nous nous sentons plus proches les uns des autres et pourtant le programme de ces journ\u00e9es a \u00e9t\u00e9 celui o\u00f9 sont venues davantage en \u00e9vidence \u00a0nos diversit\u00e9s. Ce qui fait la diff\u00e9rence c\u2019est l\u2019esprit de communion et de respect r\u00e9ciproque qui nous rapproche dans chaque action et expression du programme\u00a0\u00bb.  Tir\u00e9 du \u00a0<a href=\"http:\/\/whydontwedialogue.blogspot.it\/2017\/04\/dharma-drum-mountain-buddhists-and.html\">blog <\/a>de Roberto Catalano  <span id=\"result_box\" class=\"short_text\" lang=\"fr\"><span class=\"\"><a href=\"https:\/\/www.focolare.org\/fr\/news\/2017\/06\/23\/buddhisti-e-cristiani-in-dialogo1\/\">Lire la premi\u00e8re partie<\/a><\/span><\/span><\/p>\n","protected":false},"excerpt":{"rendered":"<p>Seconde \u00e9tape du symposium-p\u00e8lerinage qui s\u2019est d\u00e9roul\u00e9 \u00e0 Taiwan, dans le Dharma Drum Mountain, monast\u00e8re r\u00e9formateur du bouddhisme Chan (\u00e0 une heure de Taipei). Quelques passages du journal de voyage.<\/p>\n","protected":false},"author":34,"featured_media":0,"comment_status":"open","ping_status":"open","sticky":false,"template":"","format":"standard","meta":{"give_campaign_id":0,"_seopress_robots_primary_cat":"","_seopress_titles_title":"","_seopress_titles_desc":"","_seopress_robots_index":"","_et_pb_use_builder":"","_et_pb_old_content":"","_et_gb_content_width":"","footnotes":""},"categories":[906],"tags":[],"class_list":["post-332408","post","type-post","status-publish","format-standard","hentry","category-focolare-worldwide-2-3"],"_links":{"self":[{"href":"https:\/\/www.focolare.org\/fr\/wp-json\/wp\/v2\/posts\/332408","targetHints":{"allow":["GET"]}}],"collection":[{"href":"https:\/\/www.focolare.org\/fr\/wp-json\/wp\/v2\/posts"}],"about":[{"href":"https:\/\/www.focolare.org\/fr\/wp-json\/wp\/v2\/types\/post"}],"author":[{"embeddable":true,"href":"https:\/\/www.focolare.org\/fr\/wp-json\/wp\/v2\/users\/34"}],"replies":[{"embeddable":true,"href":"https:\/\/www.focolare.org\/fr\/wp-json\/wp\/v2\/comments?post=332408"}],"version-history":[{"count":0,"href":"https:\/\/www.focolare.org\/fr\/wp-json\/wp\/v2\/posts\/332408\/revisions"}],"wp:attachment":[{"href":"https:\/\/www.focolare.org\/fr\/wp-json\/wp\/v2\/media?parent=332408"}],"wp:term":[{"taxonomy":"category","embeddable":true,"href":"https:\/\/www.focolare.org\/fr\/wp-json\/wp\/v2\/categories?post=332408"},{"taxonomy":"post_tag","embeddable":true,"href":"https:\/\/www.focolare.org\/fr\/wp-json\/wp\/v2\/tags?post=332408"}],"curies":[{"name":"wp","href":"https:\/\/api.w.org\/{rel}","templated":true}]}}