{"id":332434,"date":"2017-07-03T00:10:48","date_gmt":"2017-07-02T22:10:48","guid":{"rendered":"https:\/\/www.focolare.org\/evangile-vecu-aller-a-contre-courant\/"},"modified":"2024-05-16T15:19:58","modified_gmt":"2024-05-16T13:19:58","slug":"evangile-vecu-aller-a-contre-courant","status":"publish","type":"post","link":"https:\/\/www.focolare.org\/fr\/evangile-vecu-aller-a-contre-courant\/","title":{"rendered":"\u00c9vangile v\u00e9cu : aller \u00e0 contre-courant"},"content":{"rendered":"<p><strong><img loading=\"lazy\" decoding=\"async\" class=\"alignright wp-image-154369\" src=\"https:\/\/www.focolare.org\/wp-content\/uploads\/2017\/07\/20170703-01.jpg\" alt=\"20170703-01\" width=\"250\" height=\"197\" \/>Combien de fois faut-il pardonner\u00a0? <\/strong>Il y a trois ans, mon demi-fr\u00e8re plus \u00e2g\u00e9 est venu \u00e0 la maison et a offens\u00e9 ma femme alors que j\u2019\u00e9tais au travail. Quand je suis rentr\u00e9 \u00e0 la maison, je me suis \u00e9nerv\u00e9 tr\u00e8s fort mais ensemble, nous avons d\u00e9cid\u00e9 de ne pas r\u00e9agir. Nous avons ensuite su que la fille, qui habitait avec nous cette p\u00e9riode-l\u00e0, \u00e9tait retourn\u00e9e chez elle en disant qu\u2019elle devait se pr\u00e9parer seule \u00e0 manger. De plus, \u00e0 notre grande surprise, mon fr\u00e8re a commenc\u00e9 \u00e0 raconter aux personnes de notre communaut\u00e9 que nous l\u2019avions insult\u00e9 et qu\u2019il ne nous aurait pardonn\u00e9 qu\u2019apr\u00e8s que nous lui aurions pr\u00e9sent\u00e9 nos excuses. A ce point-l\u00e0, pour nous c\u2019\u00e9tait trop et nous ne nous sommes plus adress\u00e9s la parole pendant un an.  Un jour, je me suis souvenu que J\u00e9sus nous a enseign\u00e9 que nous devions pardonner jusqu\u2019\u00e0 soixante-dix fois sept fois quelle que soit la situation qui se pr\u00e9sente \u00e0 nous et jusqu\u2019\u00e0 prier pour nos ennemis. Ainsi, le dernier jour de l\u2019an, j\u2019ai organis\u00e9 une r\u00e9union de r\u00e9conciliation entre nous, avec la pr\u00e9sence de toute la famille \u00e9largie.  J\u2019ai \u00e9t\u00e9 le premier \u00e0 parler. J\u2019ai dit aux membres de la famille que nous n\u2019\u00e9tions pas l\u00e0 pour faire de longs discours, ni pour juger l\u2019autre, mais simplement pour demander pardon \u00e0 mon fr\u00e8re a\u00een\u00e9 et que cela nous avait attrist\u00e9s de l\u2019avoir offens\u00e9. Puis je me suis lev\u00e9 et me suis agenouill\u00e9 devant lui, geste qui voulait signifier humilit\u00e9 et magnanimit\u00e9, deux vertus chr\u00e9tiennes. Les membres de la famille, y compris mon fr\u00e8re, sont rest\u00e9s abasourdis par ce geste et personne n\u2019osait dire une seule parole. Apr\u00e8s un moment, il m\u2019a dit qu\u2019il m\u2019avait pardonn\u00e9. Nous sommes rentr\u00e9s heureux et sereins \u00e0 la maison, d\u2019avoir r\u00e9tabli la paix entre nos familles. (Christopher et Perp\u00e9tua Idu \u2013 <a href=\"https:\/\/www.focolare.org\/fr\/focolare-worldwide\/\" target=\"_blank\" rel=\"noopener\">Afrique<\/a>)  <strong><img loading=\"lazy\" decoding=\"async\" class=\"alignleft wp-image-154367\" src=\"https:\/\/www.focolare.org\/wp-content\/uploads\/2017\/07\/Pearl_resized.jpg\" alt=\"Pearl_resized\" width=\"250\" height=\"188\" \/>Perle de grande valeur <\/strong>J\u2019\u00e9tais en train de vivre un mariage r\u00e9ellement difficile. Mon mari, qui autrefois\u00a0 \u00e9tait un homme gentil, intelligent et cultiv\u00e9, \u00e9tait devenu alcoolique \u00e0 cause de la p\u00e9riode qu\u2019il avait pass\u00e9 sous les armes. Peu apr\u00e8s son retour en Angleterre du front, il a repris la vie d\u2019une mani\u00e8re normale mais bien vite, il a d\u00e9velopp\u00e9 un ulc\u00e8re duod\u00e9nal qui lui faisait fort mal. Il \u00e9tait incurable, et bien souvent, il \u00e9tait incapable de travailler. C\u2019est alors qu\u2019il a d\u00e9couvert l\u2019alcool comme anti-douleur\u2026 Il buvait \u00e9norm\u00e9ment. J\u2019ai v\u00e9cu avec lui ce moment terrible. Cela a \u00e9t\u00e9 un v\u00e9ritable traumatisme aussi bien physique que mental\u00a0: je n\u2019en pouvais plus\u00a0!  J\u2019ai demand\u00e9 conseil \u00e0 diff\u00e9rents m\u00e9decins et sp\u00e9cialistes, mais sans succ\u00e8s.  Apr\u00e8s quelques ann\u00e9es, nous avons rencontr\u00e9 le Mouvement des Focolari. J\u2019ai \u00e9crit \u00e0 une personne envers laquelle j\u2019avais beaucoup de respect et de confiance. Sa r\u00e9ponse m\u2019a fort \u00e9tonn\u00e9e\u00a0:\u00a0\u00ab\u00a0Merci d\u2019avoir partag\u00e9 avec moi ta \u2018\u2019perle de grande valeur\u2019\u2019&#8230;\u00a0\u00bb. Comment l\u2019\u00e9norme difficult\u00e9 que nous \u00e9tions en train de vivre pouvait \u00eatre appel\u00e9e une \u2018\u2019perle de grande valeur\u2019\u2019\u00a0?  Il a fallu plusieurs ann\u00e9es pour commencer \u00e0 comprendre comment je pouvais transformer la souffrance en amour, \u00e0 savoir perdre tout ce que je croyais \u00eatre n\u00e9cessaire pour nous, \u00eatre accept\u00e9s socialement, et ne plus faire semblant que tout allait bien. Au fond, il s\u2019agissait de dire \u2018\u2019oui\u2019\u2019 plut\u00f4t que \u2018\u2019non\u2019\u2019. A la fin, je me suis \u2018rendue\u2019 permettant \u00e0 Dieu de me prendre entre ses bras. Et Lui s\u2019est manifest\u00e9.  Pendant la derni\u00e8re p\u00e9riode de la vie, mon mari a fait la profonde exp\u00e9rience de l\u2019amour personnel de Dieu pour lui et il n\u2019a plus bu. Moi aussi, j\u2019ai r\u00e9ussi \u00e0 me lib\u00e9rer de la d\u00e9pression. J\u2019ai mis certainement une grande partie de ma vie pour arriver \u00e0 cet objectif. Mais c\u2019\u00e9tait et c\u2019est, ma \u2018\u2019perle de grande valeur\u2019\u2019. (Source\u00a0: <a href=\"http:\/\/newcitymagazine.co.uk\/files\/2017%20pdf\/may2017%20pdf\/07%20nc_may2017_w.pdf\" target=\"_blank\" rel=\"noopener\">New City<\/a> &#8211; Londres)  &nbsp;<\/p>\n","protected":false},"excerpt":{"rendered":"<p>La Parole de Vie de ce mois nous invite \u00e0 aller vers J\u00e9sus en le reconnaissant comme source de paix et d\u2019esp\u00e9rance. Deux t\u00e9moignages ancr\u00e9s dans la foi et la force de ses paroles.<\/p>\n","protected":false},"author":34,"featured_media":0,"comment_status":"open","ping_status":"open","sticky":false,"template":"","format":"standard","meta":{"give_campaign_id":0,"_seopress_robots_primary_cat":"","_seopress_titles_title":"","_seopress_titles_desc":"","_seopress_robots_index":"","_et_pb_use_builder":"","_et_pb_old_content":"","_et_gb_content_width":"","footnotes":""},"categories":[906,907],"tags":[],"class_list":["post-332434","post","type-post","status-publish","format-standard","hentry","category-focolare-worldwide-2-3","category-senza-categoria-2-3"],"_links":{"self":[{"href":"https:\/\/www.focolare.org\/fr\/wp-json\/wp\/v2\/posts\/332434","targetHints":{"allow":["GET"]}}],"collection":[{"href":"https:\/\/www.focolare.org\/fr\/wp-json\/wp\/v2\/posts"}],"about":[{"href":"https:\/\/www.focolare.org\/fr\/wp-json\/wp\/v2\/types\/post"}],"author":[{"embeddable":true,"href":"https:\/\/www.focolare.org\/fr\/wp-json\/wp\/v2\/users\/34"}],"replies":[{"embeddable":true,"href":"https:\/\/www.focolare.org\/fr\/wp-json\/wp\/v2\/comments?post=332434"}],"version-history":[{"count":0,"href":"https:\/\/www.focolare.org\/fr\/wp-json\/wp\/v2\/posts\/332434\/revisions"}],"wp:attachment":[{"href":"https:\/\/www.focolare.org\/fr\/wp-json\/wp\/v2\/media?parent=332434"}],"wp:term":[{"taxonomy":"category","embeddable":true,"href":"https:\/\/www.focolare.org\/fr\/wp-json\/wp\/v2\/categories?post=332434"},{"taxonomy":"post_tag","embeddable":true,"href":"https:\/\/www.focolare.org\/fr\/wp-json\/wp\/v2\/tags?post=332434"}],"curies":[{"name":"wp","href":"https:\/\/api.w.org\/{rel}","templated":true}]}}