{"id":332454,"date":"2017-07-13T00:10:57","date_gmt":"2017-07-12T22:10:57","guid":{"rendered":"https:\/\/www.focolare.org\/tout-est-different-mais-rien-na-change\/"},"modified":"2024-05-16T15:20:07","modified_gmt":"2024-05-16T13:20:07","slug":"tout-est-different-mais-rien-na-change","status":"publish","type":"post","link":"https:\/\/www.focolare.org\/fr\/tout-est-different-mais-rien-na-change\/","title":{"rendered":"Tout est diff\u00e9rent, mais rien n\u2019a chang\u00e9"},"content":{"rendered":"<p><strong><a href=\"https:\/\/www.focolare.org\/wp-content\/uploads\/2017\/08\/ElisaNuin.jpg\"><img loading=\"lazy\" decoding=\"async\" class=\"alignleft wp-image-153759\" src=\"https:\/\/www.focolare.org\/wp-content\/uploads\/2017\/08\/ElisaNuin.jpg\" alt=\"ElisaNuin\" width=\"300\" height=\"310\" \/><\/a>Elisa vit au <\/strong><a href=\"https:\/\/www.focolare.org\/fr\/movimento-dei-focolari\/scelte-e-impegno\/focolarini\/\"><strong>Focolare<\/strong><\/a><strong> de Welwyn Garden City, \u00e0 35\u00a0km du nord de Londres, <\/strong>dans le Hertfordshire. Une \u00ab\u00a0cit\u00e9-jardin\u00a0\u00bb, fond\u00e9e dans les ann\u00e9es\u00a020, avec de beaux \u00e9difices de style n\u00e9o-georgien, des roses autour des porches, des all\u00e9es bord\u00e9es d\u2019arbres. Elle raconte:  \u00ab\u00a0<strong>Je suis n\u00e9e dans le nord de l\u2019<\/strong><a href=\"https:\/\/www.focolare.org\/it\/focolare-worldwide\/europa\/italia\/\"><strong>Italie<\/strong><\/a>, dans un petit village de la province de Novare. J\u2019ai deux fr\u00e8res plus jeunes. Nos parents nous ont transmis les valeurs chr\u00e9tiennes, comme \u2018penser aux autres\u2019. \u00c0 20 ans, mes \u00e9tudes de fran\u00e7ais et anglais termin\u00e9es, je cherchais un travail. Mais c\u2019\u00e9tait difficile dans une petite ville, j\u2019\u00e9tais tr\u00e8s d\u00e9courag\u00e9e. Une de mes amies m\u2019a invit\u00e9e \u00e0 une rencontre durant laquelle \u00e9tait planifi\u00e9 un voyage \u00e0 Rome, pour participer au <a href=\"https:\/\/www.focolare.org\/fr\/movimento-dei-focolari\/un-popolo\/giovani-per-un-mondo-unito\/\">Genfest<\/a>, une grande manifestation des jeunes du <a href=\"https:\/\/www.focolare.org\/fr\/chi-siamo\/\">Mouvement des Focolari<\/a> au stade Flaminio. <strong>C\u2019\u00e9tait en mai 1980.<\/strong> J\u2019y suis all\u00e9e, mais seulement pour passer un week-end diff\u00e9rent. J&rsquo;ai cependant \u00e9t\u00e9 surprise et \u00e9mue par ce que j&rsquo;ai vu: les affiches qui parlaient d\u2019un monde uni, l\u2019enthousiasme de dizaines de milliers de jeunes. J\u2019ai eu la nette impression d\u2019avoir trouv\u00e9 quelque chose de pr\u00e9cieux.  <strong>Une fois rentr\u00e9e, je suis rest\u00e9e en contact avec ces personnes.<\/strong> Il y avait quelque chose qui m\u2019attirait chez elles. J\u2019ai commenc\u00e9 \u00e0 fr\u00e9quenter le focolare, pendant qu\u2019en moi s\u2019\u00e9claircissait ce que je voulais faire dans la vie. Jusqu\u2019\u00e0 ce que je comprenne: me donner \u00e0 Dieu et aux fr\u00e8res, justement \u00e0 travers le Focolare. <strong>J\u2019ai trouv\u00e9 un bon travail \u00e0 Caritas, <\/strong>l\u2019action sociale du Dioc\u00e8se. Un poste int\u00e9ressant et \u00e0 responsabilit\u00e9. Trois ans apr\u00e8s, je devais d\u00e9m\u00e9nager \u00e0 Bologne, mais le pr\u00eatre responsable de Caritas essayait avec insistance de me convaincre de ne pas partir. Ce jour-l\u00e0, l\u2019\u00c9vangile parlait justement de \u2018ceux qui ne quittent pas m\u00e8re, p\u00e8re et terres\u2026 ne peuvent pas \u00eatre mes disciples\u2019. J\u2019ai pens\u00e9 que J\u00e9sus s\u2019adressait \u00e0 moi. Je suis partie sur le champ.  <strong>De 1985 \u00e0 1987, j\u2019ai fr\u00e9quent\u00e9 l\u2019\u00e9cole de formation \u00e0 la cit\u00e9-pilote de <\/strong><a href=\"http:\/\/www.loppiano.it\/\"><strong>Loppiano<\/strong><\/a> (pr\u00e8s de Florence, en Italie). Et ensuite\u2026 l\u2019Afrique! J\u2019ai eu l\u2019impression de me retrouver dans un film: tout \u00e9tait nouveau et diff\u00e9rent. Le lendemain de mon arriv\u00e9e, dans une chapelle, devant le tabernacle, je Lui ai dit: \u2018Tu es le m\u00eame J\u00e9sus, j&rsquo;ai donn\u00e9 ma vie pour toi et, maintenant, je te trouve aussi ici\u2019. J\u2019ai pass\u00e9 le premier mois \u00e0 Fontem, au <a href=\"https:\/\/www.focolare.org\/fr\/focolare-worldwide\/africa\/camerun\/\">Cameroun<\/a>. Ensuite, je suis partie au Nigeria, o\u00f9 je suis rest\u00e9e vingt ans.  <strong>En 1989, \u00e0 Lagos, <\/strong>nous avons lanc\u00e9 un projet pour un groupe de jeunes filles. Pour les h\u00e9berger, une religieuse nous a offert deux chambres dans leur mission, ensuite, une famille nous a propos\u00e9 une maison gratuitement pendant cinq ans. Enfin, nous avons trouv\u00e9 un lopin de terre et beaucoup de personnes nous ont aid\u00e9es \u00e0 construire le premier focolare du Nigeria. Tout arrivait gr\u00e2ce \u00e0 l\u2019aide inattendue de Dieu, \u00e0 travers les personnes. Nous avons lanc\u00e9 une premi\u00e8re entreprise qui produit des travaux en batik, une technique traditionnelle de peinture sur \u00e9toffe par application de cire. Le projet a aid\u00e9 d\u2019innombrables jeunes filles au fil des ans.  <strong>En 2002 \u00e0 Jos, dans le Nigeria septentrional, <\/strong>environ un millier de personnes ont perdu la vie dans un affrontement entre musulmans et chr\u00e9tiens. Jusque-l\u00e0, les deux groupes avaient toujours v\u00e9cu pacifiquement. \u00c0 Jos justement, nous avons voulu faire une <a href=\"https:\/\/www.focolare.org\/fr\/all-opera\/mariapoli\/\">Mariapolis<\/a>, parce qu\u2019il \u00e9tait n\u00e9cessaire d\u2019exp\u00e9rimenter le dialogue, la paix, la r\u00e9conciliation, sp\u00e9cialement dans un endroit aux profondes blessures, pas seulement physiques. Les personnes avaient perdu leur entreprise, les lieux de culte avaient \u00e9t\u00e9 d\u00e9truits. \u00c0 la fin de la Mariapolis, une femme, qui, pr\u00e9c\u00e9demment, avait incit\u00e9 les jeunes de son village \u00e0 combattre les rebelles, a particip\u00e9 \u00e0 un voyage d\u2019un mois sous le signe de la r\u00e9conciliation, de village en village, voulu par l\u2019\u00e9v\u00eaque local.  <strong>Par la suite, j\u2019ai \u00e9t\u00e9 pendant six ans \u00e0 Douala, <\/strong>au Cameroun. Depuis 2013, je vis \u00e0 Welwyn Garden City (Grande-Bretagne), o\u00f9 il a neig\u00e9 de f\u00e9vrier \u00e0 avril la premi\u00e8re ann\u00e9e! <strong>Dehors, tout \u00e9tait diff\u00e9rent, mais rien n\u2019avait chang\u00e9. <\/strong><strong>O\u00f9 Dieu te veut, voici ta maison!\u00a0\u00bb<\/strong>  &nbsp;<\/p>\n","protected":false},"excerpt":{"rendered":"<p>Du Nigeria au Royaume-Uni: l\u2019histoire d\u2019Elisa Zuin<\/p>\n","protected":false},"author":34,"featured_media":0,"comment_status":"open","ping_status":"open","sticky":false,"template":"","format":"standard","meta":{"give_campaign_id":0,"_seopress_robots_primary_cat":"","_seopress_titles_title":"","_seopress_titles_desc":"","_seopress_robots_index":"","_et_pb_use_builder":"","_et_pb_old_content":"","_et_gb_content_width":"","footnotes":""},"categories":[906,907],"tags":[],"class_list":["post-332454","post","type-post","status-publish","format-standard","hentry","category-focolare-worldwide-2-3","category-senza-categoria-2-3"],"_links":{"self":[{"href":"https:\/\/www.focolare.org\/fr\/wp-json\/wp\/v2\/posts\/332454","targetHints":{"allow":["GET"]}}],"collection":[{"href":"https:\/\/www.focolare.org\/fr\/wp-json\/wp\/v2\/posts"}],"about":[{"href":"https:\/\/www.focolare.org\/fr\/wp-json\/wp\/v2\/types\/post"}],"author":[{"embeddable":true,"href":"https:\/\/www.focolare.org\/fr\/wp-json\/wp\/v2\/users\/34"}],"replies":[{"embeddable":true,"href":"https:\/\/www.focolare.org\/fr\/wp-json\/wp\/v2\/comments?post=332454"}],"version-history":[{"count":0,"href":"https:\/\/www.focolare.org\/fr\/wp-json\/wp\/v2\/posts\/332454\/revisions"}],"wp:attachment":[{"href":"https:\/\/www.focolare.org\/fr\/wp-json\/wp\/v2\/media?parent=332454"}],"wp:term":[{"taxonomy":"category","embeddable":true,"href":"https:\/\/www.focolare.org\/fr\/wp-json\/wp\/v2\/categories?post=332454"},{"taxonomy":"post_tag","embeddable":true,"href":"https:\/\/www.focolare.org\/fr\/wp-json\/wp\/v2\/tags?post=332454"}],"curies":[{"name":"wp","href":"https:\/\/api.w.org\/{rel}","templated":true}]}}