{"id":332466,"date":"2017-07-19T00:04:21","date_gmt":"2017-07-18T22:04:21","guid":{"rendered":"https:\/\/www.focolare.org\/familles-nouvelles-franchit-le-cap-des-50-ans\/"},"modified":"2024-05-16T15:20:10","modified_gmt":"2024-05-16T13:20:10","slug":"familles-nouvelles-franchit-le-cap-des-50-ans","status":"publish","type":"post","link":"https:\/\/www.focolare.org\/fr\/familles-nouvelles-franchit-le-cap-des-50-ans\/","title":{"rendered":"Familles Nouvelles franchit le cap des 50 ans"},"content":{"rendered":"<p><img loading=\"lazy\" decoding=\"async\" class=\"wp-image-154945 alignleft\" src=\"https:\/\/www.focolare.org\/wp-content\/uploads\/2017\/07\/Chiara-Lubich-con-A-e-D-Zanzucchi-e-G-Fumagalli.jpg\" alt=\"Chiara Lubich con A e D Zanzucchi e G Fumagalli\" width=\"368\" height=\"271\" \/>Au cours de la premi\u00e8re \u00c9cole des focolarini mari\u00e9s, Chiara Lubich, reprenant une expression que le jour pr\u00e9c\u00e9dent, \u00e0 l\u2019audience g\u00e9n\u00e9rale,<strong> Paul VI<\/strong> avait adress\u00e9e aux jeunes du Mouvement des Focolari, annon\u00e7a que ce jour-l\u00e0, le 19 juillet 1967, serait n\u00e9 au sein du Mouvement des Focolari <strong>\u00ab\u00a0un Mouvement explosif, apostolique et rayonnant\u00a0\u00bb pour le monde de la famille.<\/strong>  <strong>Cinquante ans apr\u00e8s on peut dire que les <a href=\"https:\/\/www.focolare.org\/famiglienuove\" target=\"_blank\" rel=\"noopener\">Familles Nouvelles<\/a> ont vraiment concr\u00e9tis\u00e9 ces paroles gr\u00e2ce \u00e0 leur vie<\/strong>. Au cours de ces ann\u00e9es en effet, des couples, des fianc\u00e9s, et tous ceux qui ont en quelque mani\u00e8re \u00e0 faire avec le monde de la famille, ont vu, au contact du charisme de l\u2019unit\u00e9, leur amour r\u00e9ciproque \u00eatre raviv\u00e9 par cette flamme qui se nourrit de l\u2019\u00c9vangile, en le transformant en un t\u00e9moignage de l\u2019amour de Dieu pour l\u2019humanit\u00e9.  Un amour qui a eu pour effet de permettre la diffusion du Mouvement dans la majeure partie des Pays du monde, jusqu\u2019aux \u00eeles Fidji (Oc\u00e9an Pacifique)  <strong><img loading=\"lazy\" decoding=\"async\" class=\"alignright wp-image-154919\" src=\"https:\/\/www.focolare.org\/wp-content\/uploads\/2017\/07\/Chiara_Famiglie002-Argentina-1998.jpg\" alt=\"Chiara_Famiglie002 Argentina 1998\" width=\"357\" height=\"230\" \/><\/strong>  Les <em>Familles Nouvelles<\/em> sont engag\u00e9es \u00e0 r\u00e9pondre aux n\u00e9cessit\u00e9s des familles d\u2019aujourd\u2019hui, dans la ligne propos\u00e9e par l\u2019exhortation apostolique \u201c<a href=\"http:\/\/w2.vatican.va\/content\/francesco\/fr\/apost_exhortations\/documents\/papa-francesco_esortazione-ap_20160319_amoris-laetitia.html\" target=\"_blank\" rel=\"noopener\">Amoris Laetitia<\/a>\u201d. Non par des paroles, mais gr\u00e2ce aux fruits de la vie d\u2019une multitude de familles qui par leur t\u00e9moignage d\u2019unit\u00e9 au quotidien et la mise en \u0153uvre d\u2019une centaine de <a href=\"http:\/\/www.afnonlus.org\" target=\"_blank\" rel=\"noopener\">projets de coop\u00e9ration internationale et de parrainage \u00e0 distance<\/a>, contribuent au renouvellement de la soci\u00e9t\u00e9 et \u00e0 la r\u00e9alisation du testament de J\u00e9sus\u00a0: \u00ab\u00a0Que tous soient Un\u00a0\u00bb.  &nbsp;  &nbsp;<\/p>\n","protected":false},"excerpt":{"rendered":"<p>Le 19 juillet 1967 Chiara Lubich fondait Familles Nouvelles, un \u201cmouvement explosif, apostolique et rayonnant\u201d, d\u00e9sormais pr\u00e9sent dans le monde entier, engag\u00e9 \u00e0 r\u00e9pondre aux besoins de la famille.<\/p>\n","protected":false},"author":34,"featured_media":0,"comment_status":"open","ping_status":"open","sticky":false,"template":"","format":"standard","meta":{"give_campaign_id":0,"_seopress_robots_primary_cat":"","_seopress_titles_title":"","_seopress_titles_desc":"","_seopress_robots_index":"","_et_pb_use_builder":"","_et_pb_old_content":"","_et_gb_content_width":"","footnotes":""},"categories":[47],"tags":[],"class_list":["post-332466","post","type-post","status-publish","format-standard","hentry","category-non-classifiee"],"_links":{"self":[{"href":"https:\/\/www.focolare.org\/fr\/wp-json\/wp\/v2\/posts\/332466","targetHints":{"allow":["GET"]}}],"collection":[{"href":"https:\/\/www.focolare.org\/fr\/wp-json\/wp\/v2\/posts"}],"about":[{"href":"https:\/\/www.focolare.org\/fr\/wp-json\/wp\/v2\/types\/post"}],"author":[{"embeddable":true,"href":"https:\/\/www.focolare.org\/fr\/wp-json\/wp\/v2\/users\/34"}],"replies":[{"embeddable":true,"href":"https:\/\/www.focolare.org\/fr\/wp-json\/wp\/v2\/comments?post=332466"}],"version-history":[{"count":0,"href":"https:\/\/www.focolare.org\/fr\/wp-json\/wp\/v2\/posts\/332466\/revisions"}],"wp:attachment":[{"href":"https:\/\/www.focolare.org\/fr\/wp-json\/wp\/v2\/media?parent=332466"}],"wp:term":[{"taxonomy":"category","embeddable":true,"href":"https:\/\/www.focolare.org\/fr\/wp-json\/wp\/v2\/categories?post=332466"},{"taxonomy":"post_tag","embeddable":true,"href":"https:\/\/www.focolare.org\/fr\/wp-json\/wp\/v2\/tags?post=332466"}],"curies":[{"name":"wp","href":"https:\/\/api.w.org\/{rel}","templated":true}]}}