{"id":332508,"date":"2017-08-11T00:10:17","date_gmt":"2017-08-10T22:10:17","guid":{"rendered":"https:\/\/www.focolare.org\/rencontrer-un-charisme\/"},"modified":"2024-05-16T15:20:20","modified_gmt":"2024-05-16T13:20:20","slug":"rencontrer-un-charisme","status":"publish","type":"post","link":"https:\/\/www.focolare.org\/fr\/rencontrer-un-charisme\/","title":{"rendered":"Rencontrer un charisme"},"content":{"rendered":"<p><strong><img loading=\"lazy\" decoding=\"async\" class=\"alignright wp-image-154646\" src=\"https:\/\/www.focolare.org\/wp-content\/uploads\/2017\/08\/Assisi-11.jpg\" alt=\"Assisi-1\" width=\"391\" height=\"185\" \/>Le premier \u00e9v\u00e9nement de la vie de Marie que l\u2019\u00c9vangile rapporte, est l\u2019annonciation<\/strong> (<em>Lc<\/em> 1,25 ss.). Marie a \u00e9t\u00e9 choisie par Dieu depuis toujours, et cependant, \u00e0 l\u2019annonciation il s\u2019est produit pour elle un fait tr\u00e8s particulier. L\u2019ange se pr\u00e9sente \u00e0 elle avec un message de Dieu, qu\u2019elle accepte. Son \u00ab\u00a0oui\u00a0\u00bb fait aussit\u00f4t s\u2019\u00e9panouir en elle une r\u00e9alit\u00e9 nouvelle\u00a0: l\u2019incarnation du Verbe dans son sein.  Regardons la vie de certains saints. Quelque chose d\u2019analogue \u00e0 ce que Marie a v\u00e9cu se produit en eux, sur le plan spirituel, lorsqu\u2019ils rencontrent un charisme donn\u00e9 par Dieu pour le bien de toute l\u2019\u00c9glise.  <strong>Nous connaissons l\u2019histoire de Claire d\u2019Assise<\/strong>, la plus parfaite disciple de Fran\u00e7ois d\u2019Assise.  Quand on visite Assise, o\u00f9 elle a v\u00e9cu, le guide qui explique l\u2019histoire de l\u2019\u00e9glise Saint Damien dit\u00a0: \u00ab\u00a0Ici, le Christ s\u2019est incarn\u00e9 dans le c\u0153ur de Claire.\u00a0\u00bb Ce ne sont pas que des mots. Ils r\u00e9v\u00e8lent une v\u00e9rit\u00e9 profonde.  <strong>Bien que Claire d\u2019Assise<\/strong> ait v\u00e9cu une vie chr\u00e9tienne fervente m\u00eame auparavant, sa rencontre avec Fran\u00e7ois, qui personnifiait une parole redite par Dieu au monde \u2013 la parole pauvret\u00e9 \u2013, a provoqu\u00e9 en elle un ph\u00e9nom\u00e8ne nouveau. Elle a fait grandir le Christ dans son \u00e2me, jusqu\u2019\u00e0 faire d\u2019elle l\u2019une des plus grandes saintes de l\u2019\u00c9glise catholique.  Certains papes, certains saints et P\u00e8res de l\u2019\u00c9glise, ne disent-ils pas que la Parole engendre le Christ dans les \u00e2mes\u00a0?  Il en est ainsi lorsqu\u2019une personne rencontre le charisme de l\u2019unit\u00e9, soit \u00e0 travers quelqu\u2019un, soit \u00e0 l\u2019occasion d\u2019une lecture, ou lors d\u2019un congr\u00e8s. Cette personne, se sentant appel\u00e9e \u00e0 y adh\u00e9rer, dit son \u00ab\u00a0oui\u00a0\u00bb, et il se produit alors en elle quelque chose de semblable \u00e0 ce qui s\u2019est produit en Marie et chez ces saints. Le Christ peut vraiment se d\u00e9velopper et cro\u00eetre spirituellement en elle. Son bapt\u00eame en est en quelque sorte actualis\u00e9.  <strong>J\u2019ai lu que sainte Claire d\u2019Assise<\/strong>, avant de mourir, pronon\u00e7a une phrase merveilleuse\u00a0: \u00ab\u00a0Mon Dieu, je te remercie de m\u2019avoir cr\u00e9\u00e9e.\u00a0\u00bb Elle voulait dire\u00a0: \u00ab\u00a0En me cr\u00e9ant, tu as \u0153uvr\u00e9 pour ta gloire.\u00a0\u00bb Sa mort a sans doute \u00e9t\u00e9 une mort d\u2019amour.  <strong>Que le Ciel veuille qu\u2019il en soit de m\u00eame pour nous<\/strong>.  Si nous sommes fid\u00e8les, notre mort ne sera pas simplement une mort physique mais une mort d\u2019amour. Nous irons nous aussi rencontrer notre Maman, notre sainte, notre mod\u00e8le, Celle qui sur la terre a \u00e9t\u00e9 notre Chef, notre Reine et notre M\u00e8re.  Nous verrons la gloire de Marie, Reine du ciel et de la terre. Et nous la verrons entour\u00e9e, surtout de tous ceux qui l\u2019ont aim\u00e9e.  &nbsp;  De <a href=\"https:\/\/www.focolare.org\/fr\/chiara-lubich\/\">Chiara Lubich<\/a>, \u00a0\u201cMaria \u2013 Trasparenza di Dio\u201d, 2003 Citt\u00e0 Nuova \u2013 pagg. 49-50-63.  En fran\u00e7ais : \u201c<em>Marie, transparence de Dieu<\/em>\u201d, 2003 Nouvelle Cit\u00e9 \u2013 p. 60, 62, 63<\/p>\n","protected":false},"excerpt":{"rendered":"<p>Quelques passages de la vie de Claire d\u2019Assise, propos\u00e9s le jour de sa f\u00eate par la fondatrice des Focolari qui avait pris son nom, attir\u00e9e par sa vie lumineuse reflet de celle de Marie.<\/p>\n","protected":false},"author":34,"featured_media":0,"comment_status":"open","ping_status":"open","sticky":false,"template":"","format":"standard","meta":{"give_campaign_id":0,"_seopress_robots_primary_cat":"","_seopress_titles_title":"","_seopress_titles_desc":"","_seopress_robots_index":"","_et_pb_use_builder":"","_et_pb_old_content":"","_et_gb_content_width":"","footnotes":""},"categories":[47],"tags":[],"class_list":["post-332508","post","type-post","status-publish","format-standard","hentry","category-non-classifiee"],"_links":{"self":[{"href":"https:\/\/www.focolare.org\/fr\/wp-json\/wp\/v2\/posts\/332508","targetHints":{"allow":["GET"]}}],"collection":[{"href":"https:\/\/www.focolare.org\/fr\/wp-json\/wp\/v2\/posts"}],"about":[{"href":"https:\/\/www.focolare.org\/fr\/wp-json\/wp\/v2\/types\/post"}],"author":[{"embeddable":true,"href":"https:\/\/www.focolare.org\/fr\/wp-json\/wp\/v2\/users\/34"}],"replies":[{"embeddable":true,"href":"https:\/\/www.focolare.org\/fr\/wp-json\/wp\/v2\/comments?post=332508"}],"version-history":[{"count":0,"href":"https:\/\/www.focolare.org\/fr\/wp-json\/wp\/v2\/posts\/332508\/revisions"}],"wp:attachment":[{"href":"https:\/\/www.focolare.org\/fr\/wp-json\/wp\/v2\/media?parent=332508"}],"wp:term":[{"taxonomy":"category","embeddable":true,"href":"https:\/\/www.focolare.org\/fr\/wp-json\/wp\/v2\/categories?post=332508"},{"taxonomy":"post_tag","embeddable":true,"href":"https:\/\/www.focolare.org\/fr\/wp-json\/wp\/v2\/tags?post=332508"}],"curies":[{"name":"wp","href":"https:\/\/api.w.org\/{rel}","templated":true}]}}