{"id":332524,"date":"2017-08-22T00:10:32","date_gmt":"2017-08-21T22:10:32","guid":{"rendered":"https:\/\/www.focolare.org\/nigeria-laube-dun-jour-nouveau\/"},"modified":"2024-05-16T15:20:22","modified_gmt":"2024-05-16T13:20:22","slug":"nigeria-laube-dun-jour-nouveau","status":"publish","type":"post","link":"https:\/\/www.focolare.org\/fr\/nigeria-laube-dun-jour-nouveau\/","title":{"rendered":"Nigeria: l\u2019Aube d\u2019un jour nouveau"},"content":{"rendered":"<p><em>\u00ab\u00a0<img loading=\"lazy\" decoding=\"async\" class=\"wp-image-154614 alignright\" src=\"https:\/\/www.focolare.org\/wp-content\/uploads\/2017\/07\/2017-05-Casa-Alba-Feast-3.jpg\" alt=\"2017-05 Casa Alba Feast 3\" width=\"319\" height=\"260\" \/>J\u2019\u00e9tais mari\u00e9e depuis peu lorsque mon mari est tomb\u00e9 gravement malade. <\/em><em>En m\u00eame temps, j\u2019ai d\u00e9couvert que j\u2019\u00e9tais enceinte.\u00a0\u00bb<\/em> C\u2019est ainsi que commence le r\u00e9cit d\u2019une jeune femme nig\u00e9riane. Loin de sa famille et seule, elle se tourne vers sa belle-famille. Mais elle trouve porte close. <em>\u00ab\u00a0Nous avons v\u00e9cu un enfer.\u00a0\u00bb <\/em>Heureusement, apr\u00e8s, d\u2019autres portes se sont ouvertes. <strong>Celles de Casa Alba.<\/strong> Pour elle, comme pour beaucoup d\u2019autres jeunes femmes en difficult\u00e9, un jour nouveau a commenc\u00e9. <em>\u00ab\u00a0Je ne sais pas comment j&rsquo;aurais surv\u00e9cu autrement. <\/em><em>Maintenant, gr\u00e2ce \u00e0 Dieu, les choses se sont am\u00e9lior\u00e9es.\u00a0\u00bb<\/em>  Casa Alba est un projet du <a href=\"https:\/\/www.focolare.org\/fr\/chi-siamo\/\">Mouvement des Focolari<\/a> au <a href=\"https:\/\/www.focolare.org\/fr\/focolare-worldwide\/africa\/nigeria\/\">Nigeria<\/a>. D\u2019abord, pendant de nombreuses ann\u00e9es, elle est simplement appel\u00e9e \u00ab\u00a0Casa Gen\u00a0\u00bb (G\u00e9n\u00e9ration nouvelle). Plus tard, <a href=\"https:\/\/www.focolare.org\/fr\/chiara-lubich\/\">Chiara Lubich<\/a> propose de l\u2019appeler <em>\u00ab\u00a0Alba\u00a0\u00bb<\/em>, avec le souhait qu\u2019elle puisse devenir une vraie maison pour de nombreuses jeunes filles en difficult\u00e9 provenant de tout le Nigeria. Ici, beaucoup, dont plusieurs sorties de la rue, trouvent un accueil et apprennent un m\u00e9tier. Les activit\u00e9s de couture (ensuite transform\u00e9es en cours) et de batik (art de la coloration d\u2019\u00e9toffes), qui initialement servent \u00e0 r\u00e9unir un peu d\u2019argent, deviennent un vrai projet de valorisation. La formation morale et spirituelle fait partie int\u00e9grante du programme.  <strong>Fin mai <strong>2017<\/strong><\/strong>. Dans le centre Mariapolis d\u2019Onitsha, on f\u00eate le 25<sup>e<\/sup> anniversaire de Casa Alba, un week-end entier et une messe finale en plein air. 400 invit\u00e9s, dont beaucoup portent le costume africain typique tr\u00e8s color\u00e9, justement peint avec la technique batik. <strong>L\u2019\u00e9v\u00eaque auxiliaire, Mgr <strong>Denis Chidi Isizoh, c\u00e9l\u00e8bre la messe.<\/strong><\/strong> <em>\u00ab\u00a0Focolare signifie feu <\/em>\u2013 explique-t-il durant l\u2019hom\u00e9lie. <em>Le feu de l\u2019encouragement, de l\u2019\u00e9vang\u00e9lisation, de l\u2019amour.\u00a0\u00bb<\/em> Il d\u00e9crit les rencontres personnelles qu\u2019il a eues avec Chiara Lubich, pendant qu\u2019il travaillait avec le cardinal Arinze au Conseil pontifical pour le dialogue interreligieux. Il continue: <em>\u00ab\u00a0Un \u00e9colier fran\u00e7ais a \u00e9crit \u2018Je pense donc je suis\u2019. <\/em><em>Un Africain ne le dirait jamais. <\/em><em>Les Africains diraient \u2018Nous sommes donc je suis\u2019. <\/em><em>Je suis une personne parce que j\u2019appartiens \u00e0 une communaut\u00e9, \u00e0 un groupe. <\/em><em>C&rsquo;est ce que les membres du Mouvement des <em>Focolari nous disent: lorsque nous sommes unis comme une communaut\u00e9, alors nous nous retrouvons nous-m\u00eames\u00a0\u00bb.<\/em><\/em>  <strong><img loading=\"lazy\" decoding=\"async\" class=\"wp-image-154615 alignleft\" src=\"https:\/\/www.focolare.org\/wp-content\/uploads\/2017\/07\/2017-05-Casa-Alba-Feast-5.jpg\" alt=\"2017-05 Casa Alba Feast 5\" width=\"416\" height=\"234\" \/>Un pas en arri\u00e8re.<\/strong> Quelque temps auparavant, <strong>Elde de Souza<\/strong><strong>, responsable de <\/strong>Casa Alba, se rend chez <strong>Mgr<\/strong> <strong>Denis<\/strong><strong> pour l\u2019informer des difficult\u00e9s \u00e9conomiques du projet et de sa suspension imminente.<\/strong> Pour toute r\u00e9ponse, l\u2019\u00e9v\u00eaque renouvelle sa confiance et propose de f\u00eater en grande pompe le 25<sup>e<\/sup> anniversaire de Casa Alba, au lieu de la fermer. <em>\u00ab\u00a0Le <em>Focolare au Nigeria est trop silencieux!\u00a0\u00bb<\/em><\/em> Toute la communaut\u00e9 se mobilise, ne pouvant rester insensible \u00e0 une telle proposition. Tous, grands et petits, se mettent au travail. L&rsquo;enthousiasme de Mgr Denis est contagieux: <em>\u00ab\u00a0Le <em>Nigeria est un endroit heureux.<\/em> <\/em><em>Nous sommes des personnes heureuses. <\/em><em>Cependant, certaines ne le sont pas. <\/em><em>Elles sont vraiment en <em>difficult\u00e9.<\/em> <\/em><em>C\u2019est l\u2019exp\u00e9rience de la vie\u00a0\u00bb, <\/em>mais tous nous pouvons unir nos souffrances \u00e0 celle de J\u00e9sus sur la croix, conclut-il.  <strong>Toutes les \u00ab\u00a0jeunes filles\u00a0\u00bb de <strong>Casa Alba sont pr\u00e9sentes.<\/strong><\/strong> Certaines sont adolescentes, d\u2019autres d\u00e9j\u00e0 grands-m\u00e8res. La f\u00eate est l\u2019occasion de renouer, de parler des parcours et histoires. <em>\u00ab\u00a0Elle a chang\u00e9 ma vie.\u00a0\u00bb <\/em><em>\u00ab\u00a0Avant, j\u2019\u00e9tais une personne col\u00e9rique. Ici, je me suis calm\u00e9e.\u00a0\u00bb <\/em><em>\u00ab\u00a0Ce que j&rsquo;ai v\u00e9cu ici m\u2019a aid\u00e9e pour toute la vie.\u00a0\u00bb <\/em><em>\u00ab\u00a0C\u2019est merveilleux d\u2019\u00e9couter comment cette petite semence a donn\u00e9 autant de fruits\u00a0\u00bb, <\/em>commente \u00ab\u00a0Mama Regina\u00a0\u00bb, 83 ans, une des premi\u00e8res \u00e9ducatrices. Le jour suivant, le quotidien de l\u2019archidioc\u00e8se d\u2019Onitsha (deux millions de catholiques) d\u00e9finit l\u2019anniversaire comme <em>\u00ab\u00a0un spectaculaire \u00e9v\u00e9nement color\u00e9\u00a0\u00bb.<\/em> Il explique: <em>\u00ab\u00a0Le Mouvement des <em>Focolari a s\u00e9ch\u00e9 les larmes de jeunes sans esp\u00e9rance, qui maintenant vivent au-dessus du niveau de pauvret\u00e9 gr\u00e2ce aux comp\u00e9tences acquises \u00e0 Casa Alba\u00a0\u00bb.<\/em> <\/em>Radios et t\u00e9l\u00e9visions en parlent. Le journal r\u00e9gional publie un appel pour r\u00e9colter des fonds pour relancer le projet. Un jour nouveau commence aussi pour Casa Alba.  &nbsp;<\/p>\n","protected":false},"excerpt":{"rendered":"<p>Depuis 25 ans, \u00ab\u00a0Casa Alba\u00a0\u00bb (\u00ab\u00a0Maison Aube\u00a0\u00bb) ouvre ses portes \u00e0 des jeunes filles en graves difficult\u00e9s et leur offre la possibilit\u00e9 de recommencer, avec dignit\u00e9 et esp\u00e9rance, une vie nouvelle.<\/p>\n","protected":false},"author":34,"featured_media":0,"comment_status":"open","ping_status":"open","sticky":false,"template":"","format":"standard","meta":{"give_campaign_id":0,"_seopress_robots_primary_cat":"","_seopress_titles_title":"","_seopress_titles_desc":"","_seopress_robots_index":"","_et_pb_use_builder":"","_et_pb_old_content":"","_et_gb_content_width":"","footnotes":""},"categories":[906],"tags":[],"class_list":["post-332524","post","type-post","status-publish","format-standard","hentry","category-focolare-worldwide-2-3"],"_links":{"self":[{"href":"https:\/\/www.focolare.org\/fr\/wp-json\/wp\/v2\/posts\/332524","targetHints":{"allow":["GET"]}}],"collection":[{"href":"https:\/\/www.focolare.org\/fr\/wp-json\/wp\/v2\/posts"}],"about":[{"href":"https:\/\/www.focolare.org\/fr\/wp-json\/wp\/v2\/types\/post"}],"author":[{"embeddable":true,"href":"https:\/\/www.focolare.org\/fr\/wp-json\/wp\/v2\/users\/34"}],"replies":[{"embeddable":true,"href":"https:\/\/www.focolare.org\/fr\/wp-json\/wp\/v2\/comments?post=332524"}],"version-history":[{"count":0,"href":"https:\/\/www.focolare.org\/fr\/wp-json\/wp\/v2\/posts\/332524\/revisions"}],"wp:attachment":[{"href":"https:\/\/www.focolare.org\/fr\/wp-json\/wp\/v2\/media?parent=332524"}],"wp:term":[{"taxonomy":"category","embeddable":true,"href":"https:\/\/www.focolare.org\/fr\/wp-json\/wp\/v2\/categories?post=332524"},{"taxonomy":"post_tag","embeddable":true,"href":"https:\/\/www.focolare.org\/fr\/wp-json\/wp\/v2\/tags?post=332524"}],"curies":[{"name":"wp","href":"https:\/\/api.w.org\/{rel}","templated":true}]}}