{"id":332528,"date":"2017-08-23T00:10:45","date_gmt":"2017-08-22T22:10:45","guid":{"rendered":"https:\/\/www.focolare.org\/un-an-apres-le-tremblement-de-terre-en-italie-centrale\/"},"modified":"2024-05-16T15:20:23","modified_gmt":"2024-05-16T13:20:23","slug":"un-an-apres-le-tremblement-de-terre-en-italie-centrale","status":"publish","type":"post","link":"https:\/\/www.focolare.org\/fr\/un-an-apres-le-tremblement-de-terre-en-italie-centrale\/","title":{"rendered":"Un an apr\u00e8s le tremblement de terre en Italie Centrale"},"content":{"rendered":"<p>Pendant une semaine, du 26 ao\u00fbt au 2 septembre, dans le cadre d\u2019un programme organis\u00e9 par la Caritas <em>(Secours Catholique), <\/em>les jeunes du Mouvement des Focolari engageront des actions aupr\u00e8s des enfants, des jeunes\u00a0 et des personnes \u00e2g\u00e9es dans les environs d\u2019Amatrice et de Borbona, deux des agglom\u00e9rations frapp\u00e9es par le s\u00e9isme de l\u2019Italie Centrale<em>. <\/em>Une fa\u00e7on de continuer \u00e0 soutenir les communaut\u00e9s de ces lieux. Sont en route environ 25 jeunes, en provenance de toute l\u2019Italie.<\/p>\n","protected":false},"excerpt":{"rendered":"<p>Pendant une semaine, du 26 ao\u00fbt au 2 septembre, dans le cadre d\u2019un programme organis\u00e9 par la Caritas (Secours Catholique), les jeunes du Mouvement des Focolari engageront des actions aupr\u00e8s des enfants, des jeunes\u00a0 et des personnes \u00e2g\u00e9es dans les environs d\u2019Amatrice et de Borbona, deux des agglom\u00e9rations frapp\u00e9es par le s\u00e9isme de l\u2019Italie Centrale. [&hellip;]<\/p>\n","protected":false},"author":34,"featured_media":0,"comment_status":"open","ping_status":"open","sticky":false,"template":"","format":"standard","meta":{"give_campaign_id":0,"_seopress_robots_primary_cat":"","_seopress_titles_title":"","_seopress_titles_desc":"","_seopress_robots_index":"","_et_pb_use_builder":"","_et_pb_old_content":"","_et_gb_content_width":"","footnotes":""},"categories":[47],"tags":[],"class_list":["post-332528","post","type-post","status-publish","format-standard","hentry","category-non-classifiee"],"_links":{"self":[{"href":"https:\/\/www.focolare.org\/fr\/wp-json\/wp\/v2\/posts\/332528","targetHints":{"allow":["GET"]}}],"collection":[{"href":"https:\/\/www.focolare.org\/fr\/wp-json\/wp\/v2\/posts"}],"about":[{"href":"https:\/\/www.focolare.org\/fr\/wp-json\/wp\/v2\/types\/post"}],"author":[{"embeddable":true,"href":"https:\/\/www.focolare.org\/fr\/wp-json\/wp\/v2\/users\/34"}],"replies":[{"embeddable":true,"href":"https:\/\/www.focolare.org\/fr\/wp-json\/wp\/v2\/comments?post=332528"}],"version-history":[{"count":0,"href":"https:\/\/www.focolare.org\/fr\/wp-json\/wp\/v2\/posts\/332528\/revisions"}],"wp:attachment":[{"href":"https:\/\/www.focolare.org\/fr\/wp-json\/wp\/v2\/media?parent=332528"}],"wp:term":[{"taxonomy":"category","embeddable":true,"href":"https:\/\/www.focolare.org\/fr\/wp-json\/wp\/v2\/categories?post=332528"},{"taxonomy":"post_tag","embeddable":true,"href":"https:\/\/www.focolare.org\/fr\/wp-json\/wp\/v2\/tags?post=332528"}],"curies":[{"name":"wp","href":"https:\/\/api.w.org\/{rel}","templated":true}]}}