{"id":332540,"date":"2017-08-26T00:10:48","date_gmt":"2017-08-25T22:10:48","guid":{"rendered":"https:\/\/www.focolare.org\/maria-voce-dialogue-un-style-de-vie-1\/"},"modified":"2024-05-16T15:20:25","modified_gmt":"2024-05-16T13:20:25","slug":"maria-voce-dialogue-un-style-de-vie-1","status":"publish","type":"post","link":"https:\/\/www.focolare.org\/fr\/maria-voce-dialogue-un-style-de-vie-1\/","title":{"rendered":"Maria Voce : Dialogue, un style de vie\/1"},"content":{"rendered":"<p><strong><img loading=\"lazy\" decoding=\"async\" class=\"alignright wp-image-154537\" src=\"https:\/\/www.focolare.org\/wp-content\/uploads\/2017\/07\/Emmaus-2.jpg\" alt=\"Emmaus 2\" width=\"424\" height=\"239\" \/>\u00ab\u00a0Dans le monde d\u2019aujourd\u2019hui, si mondialis\u00e9 et interd\u00e9pendant, <\/strong>le dialogue semble l\u2019unique chemin pour que l\u2019humanit\u00e9 puisse survivre. Ou l\u2019on se combat les uns contre les autres jusqu\u2019\u00e0 la destruction r\u00e9ciproque ou l\u2019on dialogue\u00a0; de fait seule l\u2019ouverture \u00e0 l\u2019autre et le dialogue cr\u00e9ent la vie et m\u00e8nent \u00e0 la vie, parce qu\u2019ils fondent toute action sur les \u00eatres reconnus comme fr\u00e8res, enfants de Dieu. Et l\u2019Esprit Saint, d\u2019apr\u00e8s ce qu\u2019il me semble comprendre, est en train de pousser un peu partout nos \u00c9glises dans cette direction\u00a0: dialoguer pour retrouver l\u2019unit\u00e9 rompue les si\u00e8cles pass\u00e9s, pour donner en tant que chr\u00e9tiens un t\u00e9moignage commun face au monde, selon la pri\u00e8re de J\u00e9sus\u00a0: <em>\u00ab\u00a0P\u00e8re, que tous soient un, afin que le monde croie\u00a0\u00bb <\/em>(cf. <em>Jn<\/em> 17)\u00a0\u00bb.  <strong>C\u2019est ce qu\u2019exhorte la pr\u00e9sidente du <u><a href=\"https:\/\/www.focolare.org\/fr\/chi-siamo\/\" target=\"_blank\" rel=\"noopener\">mouvement des Focolari<\/a><\/u>, <u><a href=\"https:\/\/www.focolare.org\/fr\/news\/2014\/09\/15\/maria-voce\/\" target=\"_blank\" rel=\"noopener\">Maria Voce<\/a><\/u>, <\/strong>dans son intervention bien articul\u00e9e. Une partie de son t\u00e9moignage \u0153cum\u00e9nique personnel jusqu\u2019\u00e0 la rencontre avec la spiritualit\u00e9 de l\u2019unit\u00e9\u00a0:  \u00ab\u00a0Au cours des ann\u00e9es 60, \u00e0 travers l\u2019exp\u00e9rience de <a href=\"https:\/\/www.focolare.org\/fr\/chiara-lubich\/\" target=\"_blank\" rel=\"noopener\"><u>Chiara Lubich<\/u><\/a> qui \u00e9tait entr\u00e9e en contact avec quelques chr\u00e9tiens, membres de la \u00ab\u00a0Fraternit\u00e9 de vie commune\u00a0\u00bb d\u2019Allemagne, s\u2019ouvre pour le Mouvement le dialogue \u0153cum\u00e9nique. En 1965, la cit\u00e9-pilote d\u2019Ottmaring (Allemagne), voit le jour\u00a0; catholiques et \u00e9vang\u00e9liques\u00a0vivent ensemble\u00a0\u00bb.  <strong>Durant le Concile Vatican II, Chiara entre en contact avec quelque Observateurs d\u2019autres<\/strong> \u00c9glises.  D\u00e9butent ainsi celles qu\u2019on a appel\u00e9es les \u00ab\u00a0Semaines \u0153cum\u00e9niques\u00a0\u00bb, o\u00f9, chaque ann\u00e9e, nous nous communiquons r\u00e9ciproquement les exp\u00e9riences de la Parole v\u00e9cue entre chr\u00e9tiens de diff\u00e9rentes \u00c9glises, en mettant surtout l\u2019accent sur le Commandement nouveau de J\u00e9sus\u00a0: \u00ab\u00a0Aimez-vous les uns les autres comme je vous ai aim\u00e9s\u00a0\u00bb (<em>Jn<\/em> 13,34).  <strong>\u00c0 la<\/strong> <a href=\"https:\/\/www.focolare.org\/fr\/news\/2017\/06\/13\/athenagoras-e-chiara-lubich\/\" target=\"_blank\" rel=\"noopener\"><u>rencontre historique du 13\u00a0juin 1967<\/u><\/a> entre le Patriarche \u0153cum\u00e9nique Ath\u00e9nagoras I et Chiara Lubich, Maria Voce se trouvait \u00e0 Istanbul, en Turquie, en tant que responsable du mouvement local. \u00ab\u00a0Ce fut la premi\u00e8re des 25 rencontres que Chiara aura avec cette grande figure charismatique. Ath\u00e9nagoras se d\u00e9clarait \u00ab\u00a0son disciple\u00a0\u00bb et d\u00e9sirait un focolare \u00e0 Constantinople\u00a0\u00bb.  <strong>D\u2019autres rencontres \u0153cum\u00e9niques importantes suivront. <\/strong>\u00ab\u00a0Des chr\u00e9tiens des \u00c9glises les plus vari\u00e9es ont voulu partager la <a href=\"https:\/\/www.focolare.org\/fr\/chiara-lubich\/spiritualita-dellunita\/\" target=\"_blank\" rel=\"noopener\">spiritualit\u00e9 de l\u2019unit\u00e9<\/a> et plusieurs se sont sentis appel\u00e9s \u00e0 faire partie des diff\u00e9rentes vocations sp\u00e9cifiques du mouvement, tout en restant chacun et chacune bien ins\u00e9r\u00e9 dans sa propre Eglise\u00a0\u00bb.  <strong>De fait, se rappelle Maria Voce, <\/strong>\u00ab\u00a0le dialogue ne se fait pas entre les cultures, mais bien entre les personnes. Ou mieux, on vit en dialogue\u00a0\u00bb. <strong>Et encore\u00a0: <\/strong>\u00ab\u00a0Le fondement du dialogue est Dieu, Dieu qui est amour et p\u00e8re de nous tous et qui fait de tous des fils dans le Fils, tous fr\u00e8res, tous une unique famille. D\u00e8s le d\u00e9but, Chiara a fait de la pri\u00e8re de J\u00e9sus \u00ab\u00a0<em>que tous soient un\u00a0\u00bb &#8211; <\/em>que nous pouvons traduire par \u00ab\u00a0transformer l\u2019humanit\u00e9 tout enti\u00e8re en une seule famille\u00a0\u00bb &#8211; la devise de sa vie et a invit\u00e9 des millions de personnes, dans le monde entier, \u00e0 s\u2019engager \u00e0 vivre pour la r\u00e9aliser\u00a0\u00bb. Pour les Focolari, donc, \u00ab\u00a0le dialogue est un style de vie, une nouvelle culture, que le mouvement peut et veut offrir aux hommes et aux femmes d\u2019aujourd\u2019hui\u00a0\u00bb. \u00ab\u00a0Il doit donc \u00eatre soutenu et impr\u00e9gn\u00e9 de mis\u00e9ricorde, de compassion, de charit\u00e9\u00a0\u00bb.  <strong>Maria Voce cite Chiara Lubich qui, en 1970, \u00e9crit\u00a0: <\/strong>\u00ab\u00a0Si nous n\u2019avons pas la charit\u00e9, nous n\u2019aurons pas la lumi\u00e8re de Dieu et le dialogue, n\u2019importe quel dialogue, peut devenir st\u00e9rile, infructueux\u00a0\u00a0\u00bb (1). Et, toujours Chiara Lubich\u00a0: \u00ab\u00a0Celui qui est \u00e0 c\u00f4t\u00e9 de moi a \u00e9t\u00e9 cr\u00e9\u00e9 en cadeau pour moi et moi j\u2019ai \u00e9t\u00e9 cr\u00e9\u00e9e en cadeau pour celui qui se trouve \u00e0 c\u00f4t\u00e9 de moi. Sur la terre tout est en rapport d\u2019amour avec tout\u00a0: chaque chose avec chaque chose. Il faut cependant \u00eatre l\u2019Amour pour trouver le fil d\u2019or entre les \u00eatres\u00a0\u00bb(2).  <strong>La pr\u00e9sidente des Focolari d\u00e9veloppe ensuite ce qu\u2019on appelle <\/strong><em>\u00ab\u00a0l\u2019art d\u2019aimer\u00a0\u00bb,<\/em> qui se r\u00e9sume en quelques points<strong>\u00a0<\/strong>: aimer tout le monde, toujours aimer, aimer en premier, \u00ab\u00a0se faire un\u00a0\u00bb avec l\u2019autre (cf. 1<em>Co<\/em> 9,22). \u00ab\u00a0De cette mani\u00e8re le prochain se sent compris, accept\u00e9, soulag\u00e9\u00a0\u00bb.\u00a0 (Premi\u00e8re partie) <\/p>\n<ul>\n<li>LUBICH, <em>Discours aux focolarini,<\/em> 1970. Texte non publi\u00e9 cit\u00e9 par Vera Ara\u00fajo, <em>Le cinqui\u00e8me dialogue<\/em><\/li>\n<li>LUBICH, <em>Ecrits Spirituels 1, \u201cL\u2019attraction du temps moderne\u201d<\/em>, Citt\u00e0 Nuova, Rome 1978, 140.<\/li>\n<\/ul>\n","protected":false},"excerpt":{"rendered":"<p>Invit\u00e9e en mai dernier par la Commission \u0152cum\u00e9nique Dioc\u00e9saine de Malte, voici quelques extraits de l\u2019intervention de la pr\u00e9sidente des Focolari, \u00ab Dialogue ou dialogues ? Un style de vie \u00bb. Premi\u00e8re partie.<\/p>\n","protected":false},"author":34,"featured_media":0,"comment_status":"open","ping_status":"open","sticky":false,"template":"","format":"standard","meta":{"give_campaign_id":0,"_seopress_robots_primary_cat":"","_seopress_titles_title":"","_seopress_titles_desc":"","_seopress_robots_index":"","_et_pb_use_builder":"","_et_pb_old_content":"","_et_gb_content_width":"","footnotes":""},"categories":[47],"tags":[],"class_list":["post-332540","post","type-post","status-publish","format-standard","hentry","category-non-classifiee"],"_links":{"self":[{"href":"https:\/\/www.focolare.org\/fr\/wp-json\/wp\/v2\/posts\/332540","targetHints":{"allow":["GET"]}}],"collection":[{"href":"https:\/\/www.focolare.org\/fr\/wp-json\/wp\/v2\/posts"}],"about":[{"href":"https:\/\/www.focolare.org\/fr\/wp-json\/wp\/v2\/types\/post"}],"author":[{"embeddable":true,"href":"https:\/\/www.focolare.org\/fr\/wp-json\/wp\/v2\/users\/34"}],"replies":[{"embeddable":true,"href":"https:\/\/www.focolare.org\/fr\/wp-json\/wp\/v2\/comments?post=332540"}],"version-history":[{"count":0,"href":"https:\/\/www.focolare.org\/fr\/wp-json\/wp\/v2\/posts\/332540\/revisions"}],"wp:attachment":[{"href":"https:\/\/www.focolare.org\/fr\/wp-json\/wp\/v2\/media?parent=332540"}],"wp:term":[{"taxonomy":"category","embeddable":true,"href":"https:\/\/www.focolare.org\/fr\/wp-json\/wp\/v2\/categories?post=332540"},{"taxonomy":"post_tag","embeddable":true,"href":"https:\/\/www.focolare.org\/fr\/wp-json\/wp\/v2\/tags?post=332540"}],"curies":[{"name":"wp","href":"https:\/\/api.w.org\/{rel}","templated":true}]}}