{"id":332584,"date":"2017-09-18T00:10:45","date_gmt":"2017-09-17T22:10:45","guid":{"rendered":"https:\/\/www.focolare.org\/evangile-vecu-prendre-sa-croix-et-le-suivre\/"},"modified":"2024-05-16T15:20:34","modified_gmt":"2024-05-16T13:20:34","slug":"evangile-vecu-prendre-sa-croix-et-le-suivre","status":"publish","type":"post","link":"https:\/\/www.focolare.org\/fr\/evangile-vecu-prendre-sa-croix-et-le-suivre\/","title":{"rendered":"\u00c9vangile v\u00e9cu: prendre sa croix et le suivre"},"content":{"rendered":"<p><strong><img loading=\"lazy\" decoding=\"async\" class=\"alignright wp-image-155948\" src=\"https:\/\/www.focolare.org\/wp-content\/uploads\/2017\/09\/20170916-01.jpg\" alt=\"20170916-01\" width=\"301\" height=\"170\" \/>L\u2019impr\u00e9vu<\/strong> Tout de suite apr\u00e8s avoir d\u00e9couvert que nous attendions notre premier enfant, un impr\u00e9vu s&rsquo;est pr\u00e9sent\u00e9: un petit nodule au sein. Les examens r\u00e9v\u00e8lent qu\u2019il s\u2019agit d\u2019un cancer. Pour moi et pour mon mari, qui est m\u00e9decin, ce fut un coup dur. Trois jours apr\u00e8s l\u2019entretien avec le sp\u00e9cialiste je suis op\u00e9r\u00e9e. Selon lui, garder cet enfant est un facteur aggravant\u00a0: il propose une interruption de grossesse imm\u00e9diate pour commencer la chimioth\u00e9rapie. Nous ne voulions pas nous y r\u00e9signer. Dans la confiance en Dieu nous avons consult\u00e9 d\u2019autres m\u00e9decins, en cherchant des solutions alternatives. Finalement nous avons opt\u00e9 pour une c\u00e9sarienne au septi\u00e8me mois de grossesse, lorsque l\u2019enfant serait parfaitement en mesure\u00a0 de survivre. Apr\u00e8s quoi on pourrait engager la chimioth\u00e9rapie et la radioth\u00e9rapie. Huit ans se sont \u00e9coul\u00e9s depuis et nous attendons notre troisi\u00e8me enfant. F.D. &#8211; <a href=\"https:\/\/www.focolare.org\/fr\/focolare-worldwide\/europa\/francia\/\">France<\/a>  <strong>L\u2019inconnu<\/strong> Un jour j\u2019\u00e9tais en voiture avec un homme qui m\u2019avait demand\u00e9 de le prendre. Il \u00e9tait midi. Je lui ai demand\u00e9 o\u00f9 il allait manger et il m\u2019a r\u00e9pondu\u00a0: \u00ab\u00a0Je n\u2019ai pas un sou en poche et je ne sais pas comment je vais faire pour manger\u00a0\u00bb. Soup\u00e7on et m\u00e9fiance m\u2019ont travers\u00e9 l\u2019esprit, mais j\u2019ai chass\u00e9 ces pens\u00e9es en disant \u00e0 J\u00e9sus\u00a0: <em>\u00ab\u00a0Peu importe qui il est, ce que je fais pour lui, c\u2019est pour toi que je le fais\u00a0\u00bb.<\/em> J\u2019ai fouill\u00e9 dans mes poches et lui ai donn\u00e9 ce que j\u2019avais, en ajoutant, pour ne pas l\u2019humilier\u00a0: \u00abTu chercheras \u00e0 me rendre cette somme lorsque tu le pourras\u00a0\u00bb. Quelques jours apr\u00e8s un client m\u2019a restitu\u00e9 une enveloppe contenant la somme exacte que j\u2019avais donn\u00e9e\u00a0 cet inconnu. Voil\u00e0 qui m\u2019a en quelque sorte confirm\u00e9 \u00a0que l\u2019\u00c9vangile est vrai. A.G. &#8211; \u00a0<a href=\"https:\/\/www.focolare.org\/fr\/focolare-worldwide\/europa\/italia\/\">Italie<\/a>  <strong>F\u00eate en famille<\/strong> Plusieurs familles amies ont eu l\u2019id\u00e9e d\u2019organiser une grande f\u00eate pour les s\u00e9n\u00e9galais pr\u00e9sents dans notre ville. Nous nous sommes tous engag\u00e9s \u00e0 faire que ces jeunes \u00e9migr\u00e9s ressentent la chaleur de la famille. A un certain moment l\u2019un d\u2019eux a fait remarquer\u00a0: \u00ab\u00a0Tout a d\u00e9pass\u00e9 nos attentes. Aucun d\u2019entre vous ne nous \u00a0a fait sentir que nous \u00e9tions diff\u00e9rents et du coup\u00a0 nous nous sommes sentis comme chez nous. Nous avons le m\u00eame Dieu qui nous rend fr\u00e8res\u00a0\u00bb. La f\u00eate s\u2019est termin\u00e9e, mais non pas l\u2019amiti\u00e9. G.L.- Italie  <strong>Nous avons un P\u00e8re<\/strong> Nous nous \u00e9tions retrouv\u00e9es par hasard apr\u00e8s des ann\u00e9es. Je ne la voyais plus depuis nos ann\u00e9es au lyc\u00e9e. En raison de diverses vicissitudes, elle, licenci\u00e9e en math\u00e9matiques, se trouvait dans ma ville sans le sou, oblig\u00e9e de mener la vie de clocharde. Elle \u00e9tait d\u00e9sesp\u00e9r\u00e9e et je l\u2019ai \u00e9cout\u00e9e. Sur le moment je n\u2019avais rien \u00e0 lui donner, mais je lui ai promis de l\u2019aider\u00a0: elle devait en \u00eatre s\u00fbre, parce que \u2013 lui ai-je dit \u2013 <em>\u00ab\u00a0Nous avons un P\u00e8re au Ciel\u00a0\u00bb.<\/em> Nous nous sommes donn\u00e9 rendez-vous pour le lendemain. Entre temps, avec l\u2019aide d\u2019autres personnes, j\u2019ai trouv\u00e9 une solution temporaire et rassembl\u00e9 une petite somme d\u2019argent\u00a0: au moins de quoi pouvoir vivre, manger et se laver. Deux jours apr\u00e8s elle est venue me rendre cette somme en m\u2019expliquant qu\u2019on lui avait propos\u00e9 un travail comprenant logement et nourriture. Et d\u2019ajouter: <em>\u00ab\u00a0Je dois te dire merci pour cet argent, mais surtout \u00a0parce que ce jour-l\u00e0 tu m\u2019as redonn\u00e9 ce qui m\u2019\u00e9tait le plus utile\u00a0: l\u2019esp\u00e9rance et la certitude que j\u2019ai un P\u00e8re qui m\u2019accompagne\u00a0\u00bb.\u00a0 <\/em> Franca &#8211; Italie<\/p>\n","protected":false},"excerpt":{"rendered":"<p>La Parole de vie de ce mois nous invite \u00e0 vivre pleinement, m\u00eame lorsque croix et impr\u00e9vus se pr\u00e9sentent sur notre route.<\/p>\n","protected":false},"author":34,"featured_media":0,"comment_status":"open","ping_status":"open","sticky":false,"template":"","format":"standard","meta":{"give_campaign_id":0,"_seopress_robots_primary_cat":"","_seopress_titles_title":"","_seopress_titles_desc":"","_seopress_robots_index":"","_et_pb_use_builder":"","_et_pb_old_content":"","_et_gb_content_width":"","footnotes":""},"categories":[47],"tags":[],"class_list":["post-332584","post","type-post","status-publish","format-standard","hentry","category-non-classifiee"],"_links":{"self":[{"href":"https:\/\/www.focolare.org\/fr\/wp-json\/wp\/v2\/posts\/332584","targetHints":{"allow":["GET"]}}],"collection":[{"href":"https:\/\/www.focolare.org\/fr\/wp-json\/wp\/v2\/posts"}],"about":[{"href":"https:\/\/www.focolare.org\/fr\/wp-json\/wp\/v2\/types\/post"}],"author":[{"embeddable":true,"href":"https:\/\/www.focolare.org\/fr\/wp-json\/wp\/v2\/users\/34"}],"replies":[{"embeddable":true,"href":"https:\/\/www.focolare.org\/fr\/wp-json\/wp\/v2\/comments?post=332584"}],"version-history":[{"count":0,"href":"https:\/\/www.focolare.org\/fr\/wp-json\/wp\/v2\/posts\/332584\/revisions"}],"wp:attachment":[{"href":"https:\/\/www.focolare.org\/fr\/wp-json\/wp\/v2\/media?parent=332584"}],"wp:term":[{"taxonomy":"category","embeddable":true,"href":"https:\/\/www.focolare.org\/fr\/wp-json\/wp\/v2\/categories?post=332584"},{"taxonomy":"post_tag","embeddable":true,"href":"https:\/\/www.focolare.org\/fr\/wp-json\/wp\/v2\/tags?post=332584"}],"curies":[{"name":"wp","href":"https:\/\/api.w.org\/{rel}","templated":true}]}}