{"id":351260,"date":"2011-11-27T04:30:18","date_gmt":"2011-11-27T03:30:18","guid":{"rendered":"https:\/\/www.focolare.org\/spiritualite-de-lunite-jesus-au-milieu\/"},"modified":"2024-06-06T12:38:57","modified_gmt":"2024-06-06T10:38:57","slug":"spiritualite-de-lunite-jesus-au-milieu","status":"publish","type":"post","link":"https:\/\/www.focolare.org\/fr\/spiritualite-de-lunite-jesus-au-milieu\/","title":{"rendered":"Spiritualit\u00e9 de l&rsquo;unit\u00e9 : J\u00e9sus au milieu"},"content":{"rendered":"<p>Rien ne peut mieux expliquer les d\u00e9buts des Focolari que les paroles des disciples de J\u00e9sus apr\u00e8s leur rencontre avec le Ressuscit\u00e9, \u00e0 Emma\u00fcs : <em>\u00ab Notre c\u0153ur ne br\u00fblait-il pas en nous, tandis qu\u2019il nous parlait en chemin ? \u00bb (Lc 24,32).<\/em>  <strong><img loading=\"lazy\" decoding=\"async\" class=\"alignleft\" style=\"margin: 10px\" src=\"https:\/\/www.focolare.org\/wp-content\/uploads\/2011\/11\/20111126-01.jpg\" alt=\"\" width=\"275\" height=\"238\" \/><\/strong>Cette exp\u00e9rience est essentielle pour tous ceux qui se r\u00e9f\u00e8rent \u00e0 la spiritualit\u00e9 de l\u2019unit\u00e9. Parce que rien n\u2019a de valeur dans le Mouvement si on ne recherche pas la pr\u00e9sence promise par J\u00e9sus au milieu des siens \u2013 <em>\u00ab L\u00e0 o\u00f9 deux ou trois se trouvent r\u00e9unis en mon nom, je suis au milieu d\u2019eux \u00bb (Mt 18,20)<\/em> \u2013 une pr\u00e9sence qui vivifie, qui \u00e9largit les horizons, qui console et qui stimule \u00e0 la charit\u00e9 et \u00e0 la v\u00e9rit\u00e9 et qui fait dire avec infinie nostalgie, quand on l\u2019a reconnu : <em>\u00ab Reste avec nous, Seigneur, car le soir vient \u00bb (Lc 24, 29).<\/em>  <a href=\"https:\/\/www.focolare.org\/fr\/chiara-lubich\/chi-e-chiara\/\">Chiara Lubich<\/a><strong> a \u00e9crit : <\/strong>\u00ab Apr\u00e8s avoir mis en acte l\u2019amour r\u00e9ciproque, nous ressent\u00eemes dans notre vie une nouvelle assurance, une volont\u00e9 plus d\u00e9cid\u00e9e, une pl\u00e9nitude de vie. Comment cela se fait-il ? Cela a \u00e9t\u00e9 tout de suite \u00e9vident : par cet amour se r\u00e9alisaient entre nous les paroles de J\u00e9sus : \u201cL\u00e0 o\u00f9 deux ou trois se trouvent r\u00e9unis en mon nom (c\u2019est-\u00e0-dire dans mon amour), je suis au milieu d\u2019eux\u201d (Mt 18,20). J\u00e9sus, silencieusement, s\u2019\u00e9tait introduit comme un fr\u00e8re invisible dans notre groupe. Et maintenant la source de l\u2019amour et de la lumi\u00e8re \u00e9tait l\u00e0, pr\u00e9sente au milieu de nous. Nous ne voul\u00fbmes plus la perdre. Et nous comprenions mieux ce qu\u2019avait \u00e9t\u00e9 sa pr\u00e9sence lorsque, par notre faute, elle venait \u00e0 manquer.  Comme le naufrag\u00e9, agripp\u00e9 \u00e0 n\u2019importe quoi pour se sauver, que nous cherchions tous les moyens sugg\u00e9r\u00e9s par l\u2019\u00c9vangile pour reconstituer l\u2019unit\u00e9 bris\u00e9e.  <strong>En outre, ce n\u2019\u00e9tait pas seulement lorsque la pr\u00e9sence de J\u00e9sus s\u2019\u00e9loignait <\/strong>que nous devions nous imposer un effort de volont\u00e9 ; nous \u00e9tions comme les b\u00fbches d\u2019un feu, qui se consument en br\u00fblant et, si nous voulions vivre avec J\u00e9sus constamment pr\u00e9sent au milieu de nous, il \u00e9tait n\u00e9cessaire de pratiquer, instant par instant, la patience, la prudence, la douceur, la pauvret\u00e9, la puret\u00e9\u2026 Toutes ces vertus \u00e9taient exig\u00e9es pour que l\u2019unit\u00e9 surnaturelle se maintienne avec les autres. J\u00e9sus au milieu de nous \u00e9tait le dynamisme de la vie, mais sa pr\u00e9sence n\u2019\u00e9tait jamais acquise pour toujours. [\u2026]  \u201cL\u00e0 ou deux ou trois\u2026\u201d Ces paroles divines et myst\u00e9rieuses se montraient d\u2019une f\u00e9condit\u00e9 insoup\u00e7onnable. L\u00e0 o\u00f9 deux ou trois\u2026 J\u00e9sus ne pr\u00e9cisait pas qui. Il laissait l\u2019anonymat. L\u00e0 o\u00f9 deux ou trois\u2026 Ce pouvait \u00eatre n\u2019importe qui. Deux ou trois p\u00e9cheurs repentis qui s\u2019unissaient en son nom. Deux ou trois jeunes filles comme nous. Deux, l\u2019un grand et l\u2019autre tout petit. Deux ou trois.  En vivant cette parole, nous avons vu tomber de nombreuses barri\u00e8res L\u00e0 o\u00f9 deux ou trois\u2026 de patries diff\u00e9rentes : les nationalismes tombaient. L\u00e0 o\u00f9 deux ou trois\u2026 de cultures, de classes, d\u2019\u00e2ges, qui nous avaient toujours paru oppos\u00e9s par d\u00e9finition : tous pouvaient, et m\u00eame devaient, s\u2019unir au nom du Christ. [\u2026]  J\u00e9sus au milieu de nous : c\u2019\u00e9tait une exp\u00e9rience formidable. [\u2026] Sa pr\u00e9sence r\u00e9compensait avec surabondance chaque sacrifice. Elle l\u00e9gitimait nos pas sur cette route. Elle donnait leur juste sens aux choses et aux circonstances. Elle consolait les tristesses et temp\u00e9rait les joies excessives.  Et celles parmi nous qui croyaient, sans subtilit\u00e9s ni raisonnements, avec la simplicit\u00e9 des enfants, \u00e0 ses paroles et les mettaient en pratique, jouissaient de ce paradis anticip\u00e9 qu\u2019est le Royaume de Dieu au milieu des hommes unis en son nom \u00bb. <\/p>\n<div><strong> <\/strong><\/div>\n","protected":false},"excerpt":{"rendered":"<p>Une pr\u00e9sence spirituelle qui vivifie, \u00e9largit les horizons, console et incite \u00e0 la charit\u00e9 et \u00e0 la v\u00e9rit\u00e9. Qui donne sens \u00e0 chacune de nos actions, m\u00eame les plus petites.<\/p>\n","protected":false},"author":27,"featured_media":0,"comment_status":"open","ping_status":"open","sticky":false,"template":"","format":"standard","meta":{"give_campaign_id":0,"_seopress_robots_primary_cat":"","_seopress_titles_title":"","_seopress_titles_desc":"","_seopress_robots_index":"","_et_pb_use_builder":"","_et_pb_old_content":"","_et_gb_content_width":"","footnotes":""},"categories":[47],"tags":[],"class_list":["post-351260","post","type-post","status-publish","format-standard","hentry","category-non-classifiee"],"_links":{"self":[{"href":"https:\/\/www.focolare.org\/fr\/wp-json\/wp\/v2\/posts\/351260","targetHints":{"allow":["GET"]}}],"collection":[{"href":"https:\/\/www.focolare.org\/fr\/wp-json\/wp\/v2\/posts"}],"about":[{"href":"https:\/\/www.focolare.org\/fr\/wp-json\/wp\/v2\/types\/post"}],"author":[{"embeddable":true,"href":"https:\/\/www.focolare.org\/fr\/wp-json\/wp\/v2\/users\/27"}],"replies":[{"embeddable":true,"href":"https:\/\/www.focolare.org\/fr\/wp-json\/wp\/v2\/comments?post=351260"}],"version-history":[{"count":0,"href":"https:\/\/www.focolare.org\/fr\/wp-json\/wp\/v2\/posts\/351260\/revisions"}],"wp:attachment":[{"href":"https:\/\/www.focolare.org\/fr\/wp-json\/wp\/v2\/media?parent=351260"}],"wp:term":[{"taxonomy":"category","embeddable":true,"href":"https:\/\/www.focolare.org\/fr\/wp-json\/wp\/v2\/categories?post=351260"},{"taxonomy":"post_tag","embeddable":true,"href":"https:\/\/www.focolare.org\/fr\/wp-json\/wp\/v2\/tags?post=351260"}],"curies":[{"name":"wp","href":"https:\/\/api.w.org\/{rel}","templated":true}]}}