{"id":351270,"date":"2011-12-01T05:00:30","date_gmt":"2011-12-01T04:00:30","guid":{"rendered":"https:\/\/www.focolare.org\/ne-pas-laisser-tomber-les-thai\/"},"modified":"2024-06-06T12:39:00","modified_gmt":"2024-06-06T10:39:00","slug":"ne-pas-laisser-tomber-les-thai","status":"publish","type":"post","link":"https:\/\/www.focolare.org\/fr\/ne-pas-laisser-tomber-les-thai\/","title":{"rendered":"Ne pas laisser tomber les Thai"},"content":{"rendered":"<p><img alt=\"\" alt=\"\" loading=\"lazy\" decoding=\"async\" class=\"size-full wp-image-50032 alignright\" style=\"margin-left: 10px;border: 0pt\" src=\"https:\/\/www.focolare.org\/wp-content\/uploads\/2011\/12\/20111201-01.jpg\" alt=\"\" width=\"276\" height=\"187\" \/> <\/p>\n<p lang=\"fr-FR\">La situation, sur les inondations les plus importantes que la Tha\u00eflande ait subi dans les 50 derni\u00e8res ann\u00e9es, s&rsquo;am\u00e9liore lentement.<\/p>\n<p lang=\"fr-FR\">Quelques chiffres, selon les estimations actuelles:<\/p>\n<ul>\n<li>7 millions de personnes touch\u00e9es, et environ 700 victimes, sur 10 millions d\u2019habitants \u00e0\u00a0Bangkok<\/li>\n<li>80 % de la superficie envahie par les eaux. Sur les 50 districts de Bangkok, seuls 9 sont\u00a0rest\u00e9s au sec: tous les autres ont eu entre 20 et 200 centim\u00e8tres d\u2019eau. 17 provinces ont \u00e9t\u00e9\u00a0directement touch\u00e9es.<\/li>\n<li>Les dommages sont \u00e9valu\u00e9s \u00e0 37 milliards de dollars.<\/li>\n<li>60 millions de tonnes de r\u00e9colte sont perdues (principalement du riz).<\/li>\n<li>8 grands parcs industriels parmi les plus importants sont inond\u00e9s, avec une perte d\u2019environ<\/li>\n<li>1.200.000 emplois et les cons\u00e9quences qui en d\u00e9coulent pour l\u2019industrie de la Tha\u00eflande\u00a0et des autres pays (le Japon poss\u00e8de environ 40% des usines implant\u00e9es dans ces 8 parcs\u00a0industriels).<\/li>\n<\/ul>\n<p lang=\"fr-FR\">Tout a commenc\u00e9 \u2013 nous \u00e9crivent Elena et Chun \u2013 au mois de juillet: la pluie, en retard d\u2019un mois sur le calendrier, a r\u00e9cup\u00e9r\u00e9 le temps perdu, d\u00e9passant la quantit\u00e9 de l\u2019ann\u00e9e pr\u00e9c\u00e9dente pour atteindre presque le double de l\u2019ann\u00e9e 2010. En septembre la situation est apparue inqui\u00e9tante et, en\u00a0octobre, elle pouvait \u00eatre qualifi\u00e9e de tr\u00e8s grave.<\/p>\n<p lang=\"fr-FR\">Bangkok, appel\u00e9e la \u201cVenise de l\u2019Orient\u201d, poss\u00e8de environ 2000 km de canaux qui en font une\u00a0des villes les mieux \u00e9quip\u00e9es au monde pour contr\u00f4ler le flux des eaux pluviales, mais certainement\u00a0pas dans une telle proportion. Les experts se sont trouv\u00e9s face \u00e0 une situation totalement\u00a0impr\u00e9visible.<\/p>\n<p lang=\"fr-FR\">Beaucoup ont abandonn\u00e9 Bangkok. On se serait cru dans un film catastrophe, m\u00eame si les\u00a0personnes ne se sont pas laiss\u00e9es prendre par la panique. Nous, nous avons d\u00e9cid\u00e9 de rester,\u00a0avec d\u2019autres, aupr\u00e8s des personnes sinistr\u00e9s et de faire notre part. Les gens ont commenc\u00e9 \u00e0\u00a0s\u2019entraider, sans se conna\u00eetre et alors qu\u2019auparavant, peut-\u00eatre, ils s\u2019ignoraient. Qui a sauv\u00e9 le pays\u00a0d\u2019un d\u00e9sastre d\u2019une telle ampleur? Les personnes qui ont aim\u00e9 et donn\u00e9 au-del\u00e0 de leurs propres\u00a0forces, des gens qui se sont sacrifi\u00e9s, avec leur maison inond\u00e9e (au nord de l\u2019ancien a\u00e9roport), pour \u00a0que l\u2019on puisse sauver au moins quelques quartiers de Bangkok; tous ceux qui ont su avoir un c\u0153ur\u00a0pour les autres&#8230; et ils sont nombreux.<\/p>\n<p lang=\"fr-FR\">De m\u00eame les plus riches, des journalistes, des acteurs, sont all\u00e9s en barque, pour distribuer\u00a0en premi\u00e8re personne des denr\u00e9es alimentaires. En ville la vie a pris le dessus gr\u00e2ce aux\u00a0personnes ordinaires qui ont permis de croire que \u201censemble on peut le faire\u201d. Certes, il y eut\u00a0aussi les militaires, de nombreux employ\u00e9s du gouvernement qui ont travaill\u00e9 plus de 15 heures par\u00a0jour pour porter de l\u2019aide; jusqu\u2019\u00e0 des personnes \u00e2g\u00e9es qui sont all\u00e9s faire la cuisine dans les centres\u00a0d\u2019accueil. Ou bien ces moines\u00a0bouddhistes\u00a0qui ont accueilli des milliers de personnes \u00e2g\u00e9es, des\u00a0malades, des enfants ou des mamans dans leur monast\u00e8re. Ou encore ce pr\u00eatre qui ouvre son \u00e9cole\u00a0priv\u00e9e pour accueillir les gens d\u00e9plac\u00e9s et reprend ensuite le bateau pour aller chercher d\u2019autres\u00a0\u00a0vivres, \u00e0 se r\u00e9jouir et \u00e0 souffrir avec ceux qui souffrent. C\u2019est le miracle de la vie et de l\u2019amour\u00a0qui a raison de la mort.<\/p>\n<p lang=\"fr-FR\">Nous aussi des Focolari, nous nous sommes mis \u00e0 l\u2019\u0153uvre. Un grand nombre de nos familles\u00a0ont \u00e9t\u00e9 touch\u00e9es, certaines vivent depuis des semaines avec de l\u2019eau dans la maison. Parmi nous, il\u00a0y a ceux qui sont all\u00e9s demander de l\u2019aide aux arr\u00eats d\u2019autobus ou ceux qui se sont rendus dans les\u00a0centres d\u2019accueil pour aider. Nous avons ouvert nos maisons et accueilli ceux qui avaient besoin\u00a0d\u2019aide; t\u00e9l\u00e9phon\u00e9 aux personnes, chaque jour, pour qu\u2019elles se sentent aim\u00e9es, leur donner courage\u00a0et consolider l\u2019unit\u00e9 entre nous. Durant cette p\u00e9riode tragique, nous avons vu \u00e9merger la part la\u00a0plus belle du peuple tha\u00eflandais: au-del\u00e0 des diff\u00e9rences politiques qui avaient, il y a un an et demi,\u00a0divis\u00e9 le Pays. Ce qui a pr\u00e9valu, c\u2019est un grand amour pour le prochain qui souffre.<\/p>\n<p lang=\"fr-FR\">Un reporter de CNN a parl\u00e9 de ce courant de solidarit\u00e9 qui a envahi toute la soci\u00e9t\u00e9 tha\u00ef,\u00a0comme d\u2019un \u201cextraordinaire ph\u00e9nom\u00e8ne social\u201d. L\u2019amour nous tous fait devenir tha\u00ef, m\u00eame si\u00a0nous sommes n\u00e9s dans une autre partie du monde. Personne ne sait exactement quand se fera le\u00a0retour \u00e0 la normale. Mais on va de l\u2019avant, d\u00e9passant chaque jour les nombreuses difficult\u00e9s.<\/p>\n<p lang=\"fr-FR\">Elena Oum e Chun Boc Tay<\/p>\n<p lang=\"fr-FR\">***************************************************************************************************************<\/p>\n<p> <strong>En France :<\/strong>  <strong>Association Humanit\u00e9 Nouvelle<\/strong>  <strong>Chez Yves POMMIER <\/strong><strong>25 \u00a0domaine de la Butte \u00e0 la Reine <\/strong><strong>91120 PALAISEAU<\/strong>  <em><strong>&gt;&gt;&gt; Mettre au dos du ch\u00e8que, don pour<\/strong> <strong>\u2019Urgence Tha\u00eflande\u2019\u2019\u2026<\/strong><\/em><\/p>\n","protected":false},"excerpt":{"rendered":"<p>Lettre de Elena Oum et Chuin Boc Tay, responsables du Mouvement des Focolari en Tha\u00eflande<\/p>\n","protected":false},"author":34,"featured_media":0,"comment_status":"open","ping_status":"open","sticky":false,"template":"","format":"standard","meta":{"give_campaign_id":0,"_seopress_robots_primary_cat":"","_seopress_titles_title":"","_seopress_titles_desc":"","_seopress_robots_index":"","_et_pb_use_builder":"","_et_pb_old_content":"","_et_gb_content_width":"","footnotes":""},"categories":[906],"tags":[],"class_list":["post-351270","post","type-post","status-publish","format-standard","hentry","category-focolare-worldwide-2-3"],"_links":{"self":[{"href":"https:\/\/www.focolare.org\/fr\/wp-json\/wp\/v2\/posts\/351270","targetHints":{"allow":["GET"]}}],"collection":[{"href":"https:\/\/www.focolare.org\/fr\/wp-json\/wp\/v2\/posts"}],"about":[{"href":"https:\/\/www.focolare.org\/fr\/wp-json\/wp\/v2\/types\/post"}],"author":[{"embeddable":true,"href":"https:\/\/www.focolare.org\/fr\/wp-json\/wp\/v2\/users\/34"}],"replies":[{"embeddable":true,"href":"https:\/\/www.focolare.org\/fr\/wp-json\/wp\/v2\/comments?post=351270"}],"version-history":[{"count":0,"href":"https:\/\/www.focolare.org\/fr\/wp-json\/wp\/v2\/posts\/351270\/revisions"}],"wp:attachment":[{"href":"https:\/\/www.focolare.org\/fr\/wp-json\/wp\/v2\/media?parent=351270"}],"wp:term":[{"taxonomy":"category","embeddable":true,"href":"https:\/\/www.focolare.org\/fr\/wp-json\/wp\/v2\/categories?post=351270"},{"taxonomy":"post_tag","embeddable":true,"href":"https:\/\/www.focolare.org\/fr\/wp-json\/wp\/v2\/tags?post=351270"}],"curies":[{"name":"wp","href":"https:\/\/api.w.org\/{rel}","templated":true}]}}