{"id":351282,"date":"2011-12-06T14:42:26","date_gmt":"2011-12-06T13:42:26","guid":{"rendered":"https:\/\/www.focolare.org\/naissance-de-la-revue-claritas\/"},"modified":"2024-06-06T12:39:02","modified_gmt":"2024-06-06T10:39:02","slug":"naissance-de-la-revue-claritas","status":"publish","type":"post","link":"https:\/\/www.focolare.org\/fr\/naissance-de-la-revue-claritas\/","title":{"rendered":"Naissance de la revue Claritas"},"content":{"rendered":"<p><strong><em>Professeur Callan, pr\u00e9sentez-nous <\/em><\/strong><strong>Claritas<em>?<\/em><\/strong>  <strong><em><img alt=\"\" alt=\"\" loading=\"lazy\" decoding=\"async\" class=\"size-full wp-image-50397 alignright\" style=\"margin-left: 10px;border: 0pt\" src=\"https:\/\/www.focolare.org\/wp-content\/uploads\/2011\/12\/20111206-01.jpg\" alt=\"\" width=\"150\" height=\"150\" \/><\/em><\/strong>  <em>\u00ab\u00a0Claritas <\/em>est une revue en ligne, en langue anglaise, qui cherche \u00e0 d\u00e9velopper une culture de l\u2019unit\u00e9 d\u2019une mani\u00e8re acad\u00e9mique et approfondie. Les articles sont revus par des pairs <em>(<\/em><em>peer review)<\/em> pour en assurer la qualit\u00e9, mais surtout, comme cela se fait pour <em>Nuova Umanit\u00e0 <\/em>en langue italienne, ces articles veulent explorer toute la r\u00e9alit\u00e9 \u00e0 la lumi\u00e8re de cette unit\u00e9 capable d\u2019engendrer un monde nouveau. Elle n\u2019est pas seulement au service d\u2019un milieu culturel sp\u00e9cifique dans le monde mais elle offre la possibilit\u00e9 \u00e0 tous ceux qui pratiquent l\u2019anglais, de s\u2019exprimer dans cette langue. Pour favoriser la participation de tous, et en particulier de ceux qui ont moins de ressources \u00e9conomiques, cette revue est <em>gratuite<\/em>, m\u00eame si, pour couvrir les d\u00e9penses, nous demandons \u2013 \u00e0 ceux qui peuvent le faire \u2013 de s\u2019abonner comme cela se fait pour d\u2019autres revues du m\u00eame type.\u00a0\u00bb  <em> <\/em>  <strong><em>Pouvez-vous nous expliquer le fonctionnement et l\u2019utilit\u00e9 de la m\u00e9thode du \u00ab\u00a0peer-review\u00a0\u00bb?<\/em><\/strong>  \u00ab\u00a0En pratique, une fois qu\u2019un article est accept\u00e9 par le directeur pour \u00eatre \u00e9ventuellement publi\u00e9, il est envoy\u00e9, pour avis, \u00e0 d\u2019autres personnes comp\u00e9tentes dans le sujet dont il est question. Ces personnes, habituellement, sont membres de la r\u00e9daction. Cette \u00e9valuation peut aussi se r\u00e9v\u00e9ler \u00eatre un vrai service pour l\u2019auteur, en ce sens qu\u2019un article peut \u00eatre consid\u00e9r\u00e9 comme int\u00e9ressant mais n\u00e9cessiter quelques corrections pour le rendre publiable\u00a0; des am\u00e9liorations appropri\u00e9es lui seront donc sugg\u00e9r\u00e9es. La r\u00e9daction est compos\u00e9e principalement de personnes issues d\u2019instituts universitaires du monde entier.\u00a0\u00bb  <strong><em>Claritas est une revue transdisciplinaire, pourquoi cette approche\u00a0? <\/em><\/strong>  \u201cParce que si l\u2019un des aspects de l\u2019unit\u00e9 am\u00e8ne \u00e0 respecter, et m\u00eame mettre en valeur, la diversit\u00e9 des disciplines, il reconna\u00eet aussi que chacun peut enrichir l\u2019autre. Chaque discipline a sa propre autonomie mais aucune ne se suffit \u00e0 elle-m\u00eame. <em>Claritas<\/em> s\u2019adresse \u00e0 tous ceux qui veulent participer au d\u00e9bat qui se d\u00e9veloppe autour du projet de l\u2019unit\u00e9 et son objectif est de contribuer, par une r\u00e9flexion intellectuelle de bon niveau, \u00e0 promouvoir et diffuser la culture qui na\u00eet de ce charisme de l\u2019unit\u00e9.\u00a0\u00bb  <strong><em>Quel est son lien avec le Mouvement des Focolari?<\/em><\/strong>  \u201cLa culture de l\u2019unit\u00e9 que <em>Claritas<\/em> veut exprimer na\u00eet du charisme port\u00e9 par le Mouvement des Focolari. <em>Claritas <\/em>est donc une expression culturelle de ce Mouvement, mais on ne doit pas n\u00e9cessairement en faire partie pour \u00e9crire dans ses pages ou pour y trouver quelque chose d\u2019utile et peut-\u00eatre d\u2019\u00e9clairant.\u00a0\u00bb  <strong><em><a href=\"http:\/\/docs.lib.purdue.edu\/claritas\/\" target=\"_blank\" rel=\"noopener\"><img alt=\"\" alt=\"\" loading=\"lazy\" decoding=\"async\" class=\"alignleft size-full wp-image-50398\" style=\"margin-right: 10px;border: 1px solid black\" src=\"https:\/\/www.focolare.org\/wp-content\/uploads\/2011\/12\/20111206-02.jpg\" alt=\"\" width=\"293\" height=\"151\" \/><\/a><\/em><\/strong>  <strong><em>Comment est n\u00e9e l\u2019id\u00e9e de cette revue?<\/em><\/strong>  \u00abSa ligne \u00e9ditoriale est bas\u00e9e sur celle que l\u2019on trouve \u00e9galement dans <em>Nuova Umanit\u00e0<\/em>, mais Claritas s\u2019adressera aux zone anglophones. Concr\u00e8tement, auparavant il y avait deux d\u00e9bats \u00a0parall\u00e8les, l\u2019un au sein de Nuova Umanit\u00e0 qui reconnaissait l\u2019importance de publier des articles en ligne et en anglais, et l\u2019autre, aux Etats-Unis, o\u00f9 l\u2019on sentait la n\u00e9cessit\u00e9 d\u2019une expression linguistique adapt\u00e9e \u00e0 la communaut\u00e9 scientifique un peu partout dans le monde et qui, heureusement, avait d\u00e9j\u00e0 trouv\u00e9 des moyens concrets pour la\u00a0 r\u00e9aliser.  <strong><em>Le 12 mars 2012 sortira le premier num\u00e9ro. Peut-on avoir d\u00e8s maintenant une id\u00e9e de son contenu?<\/em><\/strong>  \u00abNous publierons un texte de Chiara Lubich de 1961 o\u00f9 elle raconte son exp\u00e9rience du \u201cParadis\u201d. C\u2019est un texte fort avec de nombreux prolongements possibles et des implications culturelles. Il y aura au moins un article pour en pr\u00e9ciser le contexte et un autre qui examinera la pens\u00e9e anthropologique contenue dans l\u2019exp\u00e9rience de Chiara. Par ailleurs, il y aura deux articles sur la politique\u00a0: l\u2019un traitera des limites du pouvoir politique et l\u2019autre concernera les rapports internationaux. Il y aura aussi des articles qui toucheront le dialogue interreligieux, en particulier avec les Juifs et les Bouddhistes. Enfin, touchant le champ tr\u00e8s large qui int\u00e9resse la revue, nous pr\u00e9senterons des recensions de livres vari\u00e9s \u2013 y compris hors du contexte culturel de langue anglaise, comme un texte par exemple qui traite de la \u00ab\u00a0fraternit\u00e9\u00a0\u00bb du point de vue Sud-Am\u00e9ricain.\u00a0\u00bb  Nous adressons nos meilleurs v\u0153ux \u00e0 la revue Claritas!<\/p>\n","protected":false},"excerpt":{"rendered":"<p>Depuis quelques semaines, une nouvelle revue t\u00e9l\u00e9matique, Claritas, est en pr\u00e9paration sur le portail de Citt\u00e0 Nuova. Interview du th\u00e9ologien anglican Callan Slipper, un des \u00e9diteurs et concepteurs de ce projet.<\/p>\n","protected":false},"author":34,"featured_media":0,"comment_status":"open","ping_status":"open","sticky":false,"template":"","format":"standard","meta":{"give_campaign_id":0,"_seopress_robots_primary_cat":"","_seopress_titles_title":"","_seopress_titles_desc":"","_seopress_robots_index":"","_et_pb_use_builder":"","_et_pb_old_content":"","_et_gb_content_width":"","footnotes":""},"categories":[906],"tags":[],"class_list":["post-351282","post","type-post","status-publish","format-standard","hentry","category-focolare-worldwide-2-3"],"_links":{"self":[{"href":"https:\/\/www.focolare.org\/fr\/wp-json\/wp\/v2\/posts\/351282","targetHints":{"allow":["GET"]}}],"collection":[{"href":"https:\/\/www.focolare.org\/fr\/wp-json\/wp\/v2\/posts"}],"about":[{"href":"https:\/\/www.focolare.org\/fr\/wp-json\/wp\/v2\/types\/post"}],"author":[{"embeddable":true,"href":"https:\/\/www.focolare.org\/fr\/wp-json\/wp\/v2\/users\/34"}],"replies":[{"embeddable":true,"href":"https:\/\/www.focolare.org\/fr\/wp-json\/wp\/v2\/comments?post=351282"}],"version-history":[{"count":0,"href":"https:\/\/www.focolare.org\/fr\/wp-json\/wp\/v2\/posts\/351282\/revisions"}],"wp:attachment":[{"href":"https:\/\/www.focolare.org\/fr\/wp-json\/wp\/v2\/media?parent=351282"}],"wp:term":[{"taxonomy":"category","embeddable":true,"href":"https:\/\/www.focolare.org\/fr\/wp-json\/wp\/v2\/categories?post=351282"},{"taxonomy":"post_tag","embeddable":true,"href":"https:\/\/www.focolare.org\/fr\/wp-json\/wp\/v2\/tags?post=351282"}],"curies":[{"name":"wp","href":"https:\/\/api.w.org\/{rel}","templated":true}]}}