{"id":351294,"date":"2011-12-13T04:30:23","date_gmt":"2011-12-13T03:30:23","guid":{"rendered":"https:\/\/www.focolare.org\/climat-technologie-personne-interview-decoone\/"},"modified":"2024-06-06T12:39:05","modified_gmt":"2024-06-06T10:39:05","slug":"climat-technologie-personne-interview-decoone","status":"publish","type":"post","link":"https:\/\/www.focolare.org\/fr\/climat-technologie-personne-interview-decoone\/","title":{"rendered":"Climat, technologie, personne. Interview d\u2019EcoOne."},"content":{"rendered":"<p><strong>Deux semaines de conf\u00e9rence de l\u2019ONU sur les changements climatiques. <\/strong><strong>Quel est le bilan\u00a0?<\/strong>  <em><img alt=\"\" alt=\"\" loading=\"lazy\" decoding=\"async\" class=\"alignleft size-full wp-image-50752\" style=\"margin-right: 10px\" src=\"https:\/\/www.focolare.org\/wp-content\/uploads\/2011\/12\/20111213-021.jpg\" alt=\"\" width=\"200\" height=\"150\" \/><\/em>  A Durban, on a abouti in extremis \u00e0 un modeste compromis: la conf\u00e9rence a dur\u00e9 un jour de plus que pr\u00e9vu et n\u2019a pas produit un nouvel accord engageant pour les pays,\u00a0 en reportant la r\u00e9daction \u00e0 2015 pour une entr\u00e9e en vigueur en 2020. Ce r\u00e9sultat confirme la tendance g\u00e9n\u00e9rale des derni\u00e8res n\u00e9gociations internationales sur le climat\u00a0: une situation d\u2019impasse. Nous assistons, \u00e0 l\u2019\u00e9chelle globale, \u00e0 une sc\u00e8ne qui ressemble \u00e0 une querelle fraternelle\u00a0: tous attendent qui va faire le premier pas pour en sortir. Le protocole de Kyoto pour la r\u00e9duction des gaz \u00e0 effet de serre, reconduit jusqu\u2019en 2015, est insuffisant autant parce qu\u2019il fixe des objectifs limit\u00e9s que parce que les Pays les plus polluants n\u2019y adh\u00e8rent pas. Certains grands pollueurs \u00ab\u00a0historiques\u00a0\u00bb voudraient que ce soient les Pays dits \u00e9mergeants qui r\u00e9duisent leurs \u00e9missions. Malgr\u00e9 tout, je reste optimiste\u00a0: je crois que l\u2019humanit\u00e9 trouvera une solution. Certains Pays ont d\u00e9j\u00e0 compris l\u2019importance strat\u00e9gique des sources d\u2019\u00e9nergies renouvelables. Dans ce contexte, l\u2019Union Europ\u00e9enne s\u2019inscrit de fa\u00e7on positive, avec le plan \u201c20 20 20\u201d (d\u2019ici 2020, r\u00e9duction des gaz \u00e0 effet de serre de 20%, de la consommation d\u2019\u00e9nergie de 20% et passer \u00e0 20% de nos besoins \u00e9nerg\u00e9tiques en \u00e9nergies renouvelables.  <strong>N\u2019y a-t-il pas le risque que ces d\u00e9cisions d\u00e9savantagent les Pays \u00e9mergeants.<\/strong>  Le risque existe. En effet, certains soutiennent la r\u00e9duction des \u00e9missions de gaz \u00e0 effet de serre,\u00a0 mais en se pla\u00e7ant aussi du c\u00f4t\u00e9 des Pays \u00e9mergeants, o\u00f9 une grande partie de la population est encore sans \u00e9lectricit\u00e9 et sans eau courante. Il faudrait soutenir le d\u00e9veloppement des \u00e9nergies propres et se demander\u00a0; pourquoi les Pays riches ne veulent-ils pas c\u00e9der leurs brevets\u00a0 dans ce domaine\u00a0? Pourquoi exportent-ils des industries polluantes\u00a0? Parmi ceux qui soutiennent cette position, il y a aussi l\u2019Eglise Catholique.  <strong>A Durban \u00e9taient pr\u00e9sents des n\u00e9gociateurs de 190 Pays qui cherchent de grands accords entre les Etats. Et au niveau local, pouvons-nous faire quelque chose\u00a0?<\/strong>  Oui, certainement. L\u2019engagement au niveau personnel, les choix de consommation et la fa\u00e7on dont nous votons aux \u00e9lections, un style de vie plus sobre, tout cela constitue des actions importantes. En outre EcoOne cherche \u00e0 \u00e9laborer une r\u00e9flexion \u00e9galement sur un nouveau rapport entre personne et nature.  <strong>Pouvez-vous pr\u00e9ciser ? Quels sont les propositions d\u2019EcoOne pour un style de vie plus durable\u00a0?<\/strong>  La proposition d\u2019EcoOne trouve racine dans la pens\u00e9e de Chiara Lubich. Que nous enseigne Chiara? Il ne s\u2019agit pas tant de\u00a0 trouver des\u00a0 techniques plus modernes pour \u00e9conomiser l\u2019\u00e9nergie, mais d\u2019avoir un regard nouveau sur la nature. Elle nous a fait cueillir la pr\u00e9sence de Dieu sous chaque chose. Elle nous a fait aussi comprendre la fraternit\u00e9 universelle, c\u2019est-\u00e0-dire la fraternit\u00e9 avec les autres peuples au sein de chaque g\u00e9n\u00e9ration et entre g\u00e9n\u00e9rations, pour r\u00e9pondre aux questions \u00ab\u00a0Quelle plan\u00e8te laisserons-nous \u00e0 nos enfants\u00a0? Quel air respirerons-nous demain\u00a0?\u00a0\u00bb.  <img alt=\"\" alt=\"\" loading=\"lazy\" decoding=\"async\" class=\"alignright size-full wp-image-50755\" style=\"margin-left: 10px;margin-right: 10px\" src=\"https:\/\/www.focolare.org\/wp-content\/uploads\/2011\/12\/20111213-012.jpg\" alt=\"\" width=\"200\" height=\"151\" \/>  Cette r\u00e9flexion sur un rapport renouvel\u00e9 entre l\u2019homme et la\u00a0 nature nous am\u00e8ne \u00e0 d\u00e9passer un anthropocentrisme excessif, c\u2019est-\u00e0-dire celui de l\u2019homme dominateur qui d\u00e9truit la nature pour l\u2019argent mais aussi \u00e0 aller au-del\u00e0 d\u2019une conception o\u00f9 la nature est au centre de tout, au point de consid\u00e9rer la personne humaine uniquement comme un perturbateur du cosmos.  Nous croyons que la r\u00e9ponse r\u00e9side plut\u00f4t dans le don de soi, dans la personne qui vit le don de soi avec ses semblables et avec la nature dont il ne se sent pas le propri\u00e9taire mais l\u2019administrateur et le protecteur, parce qu\u2019elle lui a \u00e9t\u00e9 confi\u00e9e par Dieu.  <strong>Luca Fiorani,<\/strong> chercheur \u00e0 l\u2019ENEA et professeur en \u00e9cologie et en \u00e9ducation environnementale \u00e0 la LUMSA, est le coordinateur international d\u2019EcoOne, une initiative culturelle promue et soutenue par des enseignants, des chercheurs et des professionnels qui \u0153uvrent dans le secteur des sciences environnementales, avec le souci d\u2019enrichir la connaissance scientifique d\u2019une lecture humaniste et sage des probl\u00e8mes d\u2019environnement. En 2010, il a publi\u00e9 pour Citt\u00e0 Nuova, avec Antonello Pasini, \u00ab\u00a0Le r\u00e9chauffement de la plan\u00e8te. Comprendre le d\u00e9bat sur les changements climatiques\u00a0\u00bb.<\/p>\n","protected":false},"excerpt":{"rendered":"<p>Du 28 novembre au 10 d\u00e9cembre s\u2019est d\u00e9roul\u00e9e \u00e0 Durban, en Afrique du Sud, la conf\u00e9rence des Nations Unies sur les changements climatiques. Nous avons interview\u00e9 Luca Fiorani, responsable d\u2019EcoOne \u2013 r\u00e9seau international de professionnels dans le domaine de l\u2019environnement et de la nature \u2013 pour en faire le bilan.<\/p>\n","protected":false},"author":34,"featured_media":0,"comment_status":"open","ping_status":"open","sticky":false,"template":"","format":"standard","meta":{"give_campaign_id":0,"_seopress_robots_primary_cat":"","_seopress_titles_title":"","_seopress_titles_desc":"","_seopress_robots_index":"","_et_pb_use_builder":"","_et_pb_old_content":"","_et_gb_content_width":"","footnotes":""},"categories":[906],"tags":[],"class_list":["post-351294","post","type-post","status-publish","format-standard","hentry","category-focolare-worldwide-2-3"],"_links":{"self":[{"href":"https:\/\/www.focolare.org\/fr\/wp-json\/wp\/v2\/posts\/351294","targetHints":{"allow":["GET"]}}],"collection":[{"href":"https:\/\/www.focolare.org\/fr\/wp-json\/wp\/v2\/posts"}],"about":[{"href":"https:\/\/www.focolare.org\/fr\/wp-json\/wp\/v2\/types\/post"}],"author":[{"embeddable":true,"href":"https:\/\/www.focolare.org\/fr\/wp-json\/wp\/v2\/users\/34"}],"replies":[{"embeddable":true,"href":"https:\/\/www.focolare.org\/fr\/wp-json\/wp\/v2\/comments?post=351294"}],"version-history":[{"count":0,"href":"https:\/\/www.focolare.org\/fr\/wp-json\/wp\/v2\/posts\/351294\/revisions"}],"wp:attachment":[{"href":"https:\/\/www.focolare.org\/fr\/wp-json\/wp\/v2\/media?parent=351294"}],"wp:term":[{"taxonomy":"category","embeddable":true,"href":"https:\/\/www.focolare.org\/fr\/wp-json\/wp\/v2\/categories?post=351294"},{"taxonomy":"post_tag","embeddable":true,"href":"https:\/\/www.focolare.org\/fr\/wp-json\/wp\/v2\/tags?post=351294"}],"curies":[{"name":"wp","href":"https:\/\/api.w.org\/{rel}","templated":true}]}}