{"id":351302,"date":"2011-12-20T04:45:54","date_gmt":"2011-12-20T03:45:54","guid":{"rendered":"https:\/\/www.focolare.org\/afrique-maintenant-cest-notre-tour\/"},"modified":"2024-06-06T12:39:06","modified_gmt":"2024-06-06T10:39:06","slug":"afrique-maintenant-cest-notre-tour","status":"publish","type":"post","link":"https:\/\/www.focolare.org\/fr\/afrique-maintenant-cest-notre-tour\/","title":{"rendered":"Afrique, \u201cMaintenant, c\u2019est notre tour\u201d"},"content":{"rendered":"<p><img alt=\"\" alt=\"\" loading=\"lazy\" decoding=\"async\" class=\"alignleft size-full wp-image-51239\" style=\"margin-right: 10px;\" src=\"https:\/\/www.focolare.org\/wp-content\/uploads\/2011\/12\/20111220-032.jpg\" alt=\"\" width=\"250\" height=\"168\" \/>  <em>\u201cMaintenant, c\u2019est notre tour\u201d. <\/em><em>\u201cCe sera une grande f\u00eate, un \u00e9v\u00e9nement historique\u201d. \u00ab\u00a0Une \u00e9tape importante dans la formation des nouvelles g\u00e9n\u00e9rations en Afrique\u00a0\u00bb. <\/em>Ainsi les jeunes du Mouvement des Focolari de l\u2019Afrique pr\u00e9sentent-ils le \u201cCongr\u00e8s Gen panafricain\u201d qui se tiendra dans la cit\u00e9 pilote des Focolari au Kenya, connue sous le nom de <em>Mariapoli Piero<\/em>, du 27 au 31 d\u00e9cembre 2011.  <strong>Les racines. <\/strong><strong><em>\u201cLa r\u00e9cente lettre apostolique de Benoit XVI \u201cPorta Fidei\u201d et le prochain synode des \u00e9v\u00eaques sur la nouvelle \u00e9vang\u00e9lisation <\/em><\/strong><strong>\u2013 disent les jeunes des Focolari \u2013 <em>nous ont fortement interpell\u00e9s. Nous sentons d\u2019une importance vitale de r\u00e9pondre au d\u00e9fi d\u00e9j\u00e0 lanc\u00e9 par Jean-Paul II dans l\u2019Exhortation Apostolique post-synodale \u00ab\u00a0Eglise en Afrique\u00a0\u00bb, c\u2019est-\u00e0-dire la n\u00e9cessit\u00e9 de l\u2019inculturation et sa priorit\u00e9 pour un enracinement r\u00e9el de l\u2019Evangile en Afrique\u00a0\u00bb.<\/em><\/strong>  C\u2019est la premi\u00e8re fois que le Mouvement Gen promeut sur le continent africain un \u00e9v\u00e9nement de ce type, avec des jeunes provenant de 15 pays de l\u2019Afrique sub-saharienne, et parmi les plus engag\u00e9s, les Gen, gar\u00e7ons et filles. Environ 200 jeunes, de 19 \u00e0 30 ans, se retrouveront dans un climat de f\u00eate mais aussi de r\u00e9flexion pour approfondir l\u2019h\u00e9ritage de l\u2019Evangile v\u00e9cu, la spiritualit\u00e9 de l\u2019unit\u00e9 que Chiara Lubich a laiss\u00e9e aux jeunes. <em>\u00ab\u00a0Chez nous aussi <\/em>\u2013 se demandent les Gen africains \u2013 <em>les jeunes, toujours plus et rapidement absorb\u00e9s par la mentalit\u00e9 mat\u00e9rialiste, sont-ils encore capables de faire des choix radicaux et forts\u00a0?\u00a0\u00bb<\/em>  <strong>Ojectif. <\/strong>Le projet, dont le Congr\u00e8s panafricain fait partie, s\u2019\u00e9tend sur une ann\u00e9e et inclut un programme de formation sur place et des journ\u00e9es de rencontres pour l\u2019annonce de l\u2019Evangile v\u00e9cu, rassemblant le plus grand nombre possible de jeunes. En conclusion un s\u00e9minaire se tiendra dans le Centre international des Focolari et culminera lors d\u2019une audience avec le Saint P\u00e8re, la visite sur les lieux des martyrs \u00e0 Rome et une immersion au c\u0153ur de la chr\u00e9tient\u00e9. Enfin, l\u2019\u00e9valuation sur place et des congr\u00e8s locaux permettront d\u2019enrichir la communaut\u00e9 chr\u00e9tienne de l\u2019exp\u00e9rience v\u00e9cue et de proposer de nouveaux projets.  <strong>D\u00e9fi. <\/strong>R\u00e9unir au Kenya 200 jeunes de pays aussi \u00e9loign\u00e9s les uns des autres pourrait sembler\u00a0 un objectif irr\u00e9alisable. Comme le dit James\u00a0: \u00ab\u00a0Pour la plupart, nous sommes \u00e9tudiants et ceux qui travaillent ont des emplois mal r\u00e9tribu\u00e9s\u00a0\u00bb. C\u2019est pour cela que les Gen travaillent, depuis l\u2019ann\u00e9e derni\u00e8re, pour recueillir les fonds n\u00e9cessaires pour les longs voyages, de mani\u00e8re que \u2013 gr\u00e2ce \u00e0 une grande communion des biens \u2013 chaque r\u00e9gion puisse \u00eatre repr\u00e9sent\u00e9e.  <img alt=\"\" alt=\"\" loading=\"lazy\" decoding=\"async\" class=\"alignright size-full wp-image-51237\" style=\"margin-left: 10px;\" src=\"https:\/\/www.focolare.org\/wp-content\/uploads\/2011\/12\/20111220-02.jpg\" alt=\"\" width=\"250\" height=\"168\" \/>  A Nairobi, le 28 novembre, le Congr\u00e8s a \u00e9t\u00e9 pr\u00e9sent\u00e9 au Nonce Apostolique, l\u2019archev\u00eaque Alain Paul Lebeaupin, qui a parl\u00e9 aux Gen de l\u2019Exhortation apostolique <em>Africae manus <\/em>que le Pape a personnellement remise au peuple africain lors de son dernier voyage au B\u00e9nin et dans laquelle il invite les jeunes \u00e0 ne pas se laisser d\u00e9courager et \u00e0 ne pas renoncer \u00e0 leurs id\u00e9aux. <em>\u00ab\u00a0L\u2019avenir est dans les mains de ceux qui savent trouver des raisons fortes pour vivre et esp\u00e9rer (\u2026), il est entre vos mains\u00a0\u00bb <\/em>\u2018Beno\u00eet XVI, n.63 Exhortation apostolique <em>Africae munus<\/em>).  Maria Voce, pr\u00e9sidente des Focolari, a envoy\u00e9 aux Gen de l\u2019Afrique, un message dans lequel elle dit, entre autre: <em>\u00ab\u00a0Si vous maintenez toujours la pr\u00e9sence de J\u00e9sus parmi vous, durant ces jours,\u00a0 il y aura une explosion de joie et de vie nouvelle parmi tous les Gen qui participeront. Alors allez de l\u2019avant, avec courage et enthousiasme\u00a0! Mettez l\u2019amour \u00e0 la base de tout et chaque petite chose acquerra une signification profonde et deviendra une pierre suppl\u00e9mentaire pour la croissance du Mouvement Gen en Afrique\u00a0\u00bb.<\/em>  [nggallery id=80]  <em> <\/em>  <strong><em> <\/em><\/strong><\/p>\n","protected":false},"excerpt":{"rendered":"<p>Dans le contexte d\u2019un riche projet de formation en vue de la \u201cNouvelle \u00e9vang\u00e9lisation\u201d, se d\u00e9roulera, au Kenya du 27 au 31 d\u00e9cembre 2011, le Congr\u00e8s Gen panafricain: 200 jeunes sont attendus de 15 pays de l\u2019Afrique sub-saharienne.<\/p>\n","protected":false},"author":34,"featured_media":0,"comment_status":"open","ping_status":"open","sticky":false,"template":"","format":"standard","meta":{"give_campaign_id":0,"_seopress_robots_primary_cat":"","_seopress_titles_title":"","_seopress_titles_desc":"","_seopress_robots_index":"","_et_pb_use_builder":"","_et_pb_old_content":"","_et_gb_content_width":"","footnotes":""},"categories":[906],"tags":[],"class_list":["post-351302","post","type-post","status-publish","format-standard","hentry","category-focolare-worldwide-2-3"],"_links":{"self":[{"href":"https:\/\/www.focolare.org\/fr\/wp-json\/wp\/v2\/posts\/351302","targetHints":{"allow":["GET"]}}],"collection":[{"href":"https:\/\/www.focolare.org\/fr\/wp-json\/wp\/v2\/posts"}],"about":[{"href":"https:\/\/www.focolare.org\/fr\/wp-json\/wp\/v2\/types\/post"}],"author":[{"embeddable":true,"href":"https:\/\/www.focolare.org\/fr\/wp-json\/wp\/v2\/users\/34"}],"replies":[{"embeddable":true,"href":"https:\/\/www.focolare.org\/fr\/wp-json\/wp\/v2\/comments?post=351302"}],"version-history":[{"count":0,"href":"https:\/\/www.focolare.org\/fr\/wp-json\/wp\/v2\/posts\/351302\/revisions"}],"wp:attachment":[{"href":"https:\/\/www.focolare.org\/fr\/wp-json\/wp\/v2\/media?parent=351302"}],"wp:term":[{"taxonomy":"category","embeddable":true,"href":"https:\/\/www.focolare.org\/fr\/wp-json\/wp\/v2\/categories?post=351302"},{"taxonomy":"post_tag","embeddable":true,"href":"https:\/\/www.focolare.org\/fr\/wp-json\/wp\/v2\/tags?post=351302"}],"curies":[{"name":"wp","href":"https:\/\/api.w.org\/{rel}","templated":true}]}}