{"id":351306,"date":"2011-12-23T12:40:58","date_gmt":"2011-12-23T11:40:58","guid":{"rendered":"https:\/\/www.focolare.org\/angola-finance-a-contre-courant\/"},"modified":"2024-06-06T12:39:09","modified_gmt":"2024-06-06T10:39:09","slug":"angola-finance-a-contre-courant","status":"publish","type":"post","link":"https:\/\/www.focolare.org\/fr\/angola-finance-a-contre-courant\/","title":{"rendered":"Angola, finance \u00e0 contre-courant"},"content":{"rendered":"<p><strong><img alt=\"\" alt=\"\" loading=\"lazy\" decoding=\"async\" class=\"alignleft size-top_mini wp-image-51529\" style=\"margin-right: 10px\" src=\"https:\/\/www.focolare.org\/wp-content\/uploads\/2011\/12\/20111223-021-200x123.jpg\" alt=\"\" width=\"200\" height=\"123\" \/><\/strong>Je travaille depuis 2008 dans une ONG. J\u2019ai commenc\u00e9 en coordonnant une zone sous la supervision de la directrice ex\u00e9cutive. A la fin de 2010, je pars en vacances et \u00e0 mon retour j\u2019apprends que cette personne a donn\u00e9 sa d\u00e9mission et on me demande d\u2019assumer sa charge. Quand je commence, je trouve certaines choses en suspens et, parmi celles-ci, l\u2019une assez d\u00e9licate.  Concr\u00e8tement, il s\u2019agissait tout simplement d\u2019un vol, \u00e9tant donn\u00e9 que durant les ann\u00e9es 2007 et 2008, l\u2019ex directrice avait soustrait les taxes fiscales des salaires des employ\u00e9s de l\u2019ONG sans les reverser ensuite \u00e0 l\u2019Etat. Ainsi l\u2019amende que nous devions payer s\u2019\u00e9levait \u00e0 environ 75.000 dollars, ce qui correspondait \u00e0 une somme \u00e9norme pour notre organisation. L\u2019ex directrice, peut-\u00eatre pour se couvrir, avait vers\u00e9 sur le compte de chaque employ\u00e9 une certaine somme correspondant \u00e0 ce qui leur avait \u00e9t\u00e9 soustrait de leur salaire, gardant en revanche pour elle la part que l\u2019organisation aurait d\u00fb payer \u00e0 l\u2019Etat. Chacun de nous a re\u00e7u ces sommes sans en conna\u00eetre l\u2019origine et nous en avons \u00e9t\u00e9 surpris et contents. Moi, par exemple, j\u2019ai vu arriver 12.000 dollars sur mon compte, en plus de mon salaire. Bien que satisfait dans un premier temps, ma conscience me disait qu\u2019il y avait quelque chose de douteux l\u00e0-dedans et j\u2019ai donc pens\u00e9 restituer cet argent suppl\u00e9mentaire.  J\u2019ai pris contact avec des avocats pour savoir comment g\u00e9rer la situation et ils m\u2019ont conseill\u00e9 de falsifier les documents, y compris le contrat de travail des employ\u00e9s, etc., parce que, selon eux, l\u2019Etat ne comprendrait jamais une telle situation et exigerait de toutes fa\u00e7ons le paiement de l\u2019amende. J\u2019ai, malgr\u00e9 tout, voulu \u00eatre coh\u00e9rent jusqu\u2019au bout avec mon choix de vie de vouloir construire une soci\u00e9t\u00e9 plus juste. Qu\u2019aurait fait J\u00e9sus \u00e0 ma place ? \u2013 me suis-je demand\u00e9. Certainement, il serait all\u00e9 \u00e0 contre-courant. Ainsi je me suis d\u00e9cid\u00e9e \u00e0 agir en cons\u00e9quence et \u00e0 inviter mes coll\u00e8gues \u00e0 faire de m\u00eame.  <img alt=\"\" alt=\"\" loading=\"lazy\" decoding=\"async\" class=\"alignright size-top_mini wp-image-51530\" style=\"margin-left: 10px\" src=\"https:\/\/www.focolare.org\/wp-content\/uploads\/2011\/12\/20111223-03-200x123.jpg\" alt=\"\" width=\"200\" height=\"123\" \/>  J\u2019ai dit que la premi\u00e8re chose \u00e0 faire \u00e9tait de restituer l\u2019argent qui ne nous appartenait pas et d\u2019\u00e9crire au Minist\u00e8re des Finances en expliquant clairement ce qui \u00e9tait arriv\u00e9 et en demandant l\u2019annulation de l\u2019amende. A ma grande surprise, tous les coll\u00e8gues ont \u00e9t\u00e9 d\u2019accord et nous avons fait cette d\u00e9marche.  Pendant ce temps, l\u2019ex directrice, m\u00eame si elle avait d\u00e9j\u00e0 quitt\u00e9 le Pays pour un autre travail, m\u2019a fait savoir qu\u2019elle \u00e9tait tr\u00e8s en col\u00e8re contre moi et jugeait exag\u00e9r\u00e9 de vouloir restituer l\u2019argent \u00e0 l\u2019Etat. Elle ne comprenait pas ma d\u00e9cision et disait que cela allait d\u00e9truire l\u2019esprit d\u2019\u00e9quipe construit durant toutes ces ann\u00e9es. Mais, pour moi et pour les autres coll\u00e8gues, cela signifiait \u00eatre coh\u00e9rents avec nos devoirs, certains que Dieu \u2013 qui voit tout \u2013 nous aiderait. Apr\u00e8s trois mois de contacts et d\u2019audiences avec le Minist\u00e8re des Finances, nous avons re\u00e7u avec joie la nouvelle de l\u2019annulation de l\u2019amende. Les fonctionnaires avaient \u00e9t\u00e9 frapp\u00e9s par notre honn\u00eatet\u00e9 et par notre volont\u00e9 de restituer l\u2019argent d\u00fb \u00e0 l\u2019Etat. Nous avons touch\u00e9 du doigt la r\u00e9ponse de Dieu \u00e0 ceux qui l\u2019aiment et cherchent \u00e0 \u00eatre coh\u00e9rents avec les valeurs chr\u00e9tiennes. R\u00e9cemment, nous avons d\u00fb pr\u00e9senter le bilan de notre ONG. Le Conseil Fiscal en a conclu que notre organisation \u00e9tait une r\u00e9f\u00e9rence aussi pour les autres ONG, du fait de sa transparence dans la gestion et pour la fa\u00e7on dont nous affrontions ensemble les probl\u00e8mes.  <strong><em>A. G. \u2013 Luanda &#8211; Angola<\/em> <\/strong><\/p>\n","protected":false},"excerpt":{"rendered":"<p>Quand coh\u00e9rence et transparence ouvrent des solutions inattendues. Le courage d\u2019un groupe de personnes engag\u00e9es dans une ONG de l\u2019Angola les fait devenir un point de r\u00e9f\u00e9rence fiable.<\/p>\n","protected":false},"author":34,"featured_media":0,"comment_status":"open","ping_status":"open","sticky":false,"template":"","format":"standard","meta":{"give_campaign_id":0,"_seopress_robots_primary_cat":"","_seopress_titles_title":"","_seopress_titles_desc":"","_seopress_robots_index":"","_et_pb_use_builder":"","_et_pb_old_content":"","_et_gb_content_width":"","footnotes":""},"categories":[906],"tags":[],"class_list":["post-351306","post","type-post","status-publish","format-standard","hentry","category-focolare-worldwide-2-3"],"_links":{"self":[{"href":"https:\/\/www.focolare.org\/fr\/wp-json\/wp\/v2\/posts\/351306","targetHints":{"allow":["GET"]}}],"collection":[{"href":"https:\/\/www.focolare.org\/fr\/wp-json\/wp\/v2\/posts"}],"about":[{"href":"https:\/\/www.focolare.org\/fr\/wp-json\/wp\/v2\/types\/post"}],"author":[{"embeddable":true,"href":"https:\/\/www.focolare.org\/fr\/wp-json\/wp\/v2\/users\/34"}],"replies":[{"embeddable":true,"href":"https:\/\/www.focolare.org\/fr\/wp-json\/wp\/v2\/comments?post=351306"}],"version-history":[{"count":0,"href":"https:\/\/www.focolare.org\/fr\/wp-json\/wp\/v2\/posts\/351306\/revisions"}],"wp:attachment":[{"href":"https:\/\/www.focolare.org\/fr\/wp-json\/wp\/v2\/media?parent=351306"}],"wp:term":[{"taxonomy":"category","embeddable":true,"href":"https:\/\/www.focolare.org\/fr\/wp-json\/wp\/v2\/categories?post=351306"},{"taxonomy":"post_tag","embeddable":true,"href":"https:\/\/www.focolare.org\/fr\/wp-json\/wp\/v2\/tags?post=351306"}],"curies":[{"name":"wp","href":"https:\/\/api.w.org\/{rel}","templated":true}]}}