{"id":351338,"date":"2012-01-08T04:30:15","date_gmt":"2012-01-08T03:30:15","guid":{"rendered":"https:\/\/www.focolare.org\/coree-une-perle-pour-toute-lasie\/"},"modified":"2024-06-06T12:39:15","modified_gmt":"2024-06-06T10:39:15","slug":"coree-une-perle-pour-toute-lasie","status":"publish","type":"post","link":"https:\/\/www.focolare.org\/fr\/coree-une-perle-pour-toute-lasie\/","title":{"rendered":"Cor\u00e9e \u2013 une perle pour toute l\u2019Asie"},"content":{"rendered":"<p><img alt=\"\" alt=\"\" loading=\"lazy\" decoding=\"async\" class=\"alignright size-full wp-image-52394\" style=\"margin: 10px;border: 0pt\" src=\"https:\/\/www.focolare.org\/wp-content\/uploads\/2012\/01\/20120108-5.jpg\" alt=\"\" width=\"250\" height=\"168\" \/>  En partant de Rome, apr\u00e8s 12 heures de vol vers l\u2019Est, on arrive \u00e0 l\u2019ultime p\u00e9ninsule de terre ferme du continent asiatique: la Cor\u00e9e, \u201cle pays du matin calme\u201d comme on l\u2019appelle aussi. Ce pays est l\u2019unique au monde \u00e0 \u00eatre rest\u00e9 divis\u00e9 entre Nord et Sud.  <strong><span style=\"text-decoration: underline\">La Cor\u00e9e du Sud<\/span><\/strong>, avec ses 48 millions d\u2019habitants dont 12 millions dans la capitale Seoul, a accueilli le Mouvement des Focolari dans les ann\u00e9es 60. Apr\u00e8s l\u2019ouverture du premier focolare en 1969, le Mouvement s\u2019est rapidement diffus\u00e9 sur toute la p\u00e9ninsule, touchant tous les \u00e2ges et tous les milieux sociaux. On compte aujourd\u2019hui 5 centres \u00e0 Seoul, 2 \u00e0 Daegu et un <strong><span style=\"text-decoration: underline\">Centre de rencontres et de formation <\/span><\/strong>\u00e0 Kyeonggido.  Voici quelques \u00e9chos qui peuvent donner une id\u00e9e de la vie du Mouvement en Cor\u00e9e aujourd\u2019hui.  <strong><span style=\"text-decoration: underline\"> <\/span><\/strong>  <strong><img alt=\"\" alt=\"\" loading=\"lazy\" decoding=\"async\" class=\"alignleft size-full wp-image-52395\" style=\"margin: 10px;border: 0pt\" src=\"https:\/\/www.focolare.org\/wp-content\/uploads\/2012\/01\/20120108-6.jpg\" alt=\"\" width=\"250\" height=\"168\" \/><\/strong>  <strong>Dialogue interreligieux. <\/strong>C\u2019est une caract\u00e9ristique typique d\u2019un pays culturellement li\u00e9 aux grandes religions, comme le Bouddhisme et le Confucianisme, avec une forte pr\u00e9sence \u00e9galement des chr\u00e9tiens. Signalons le dernier fait significatif en ce domaine\u00a0: Han Mi-Sook, focolarine, membre de la Commission du dialogue interreligieux de la Conf\u00e9rence \u00e9piscopale cor\u00e9enne (<strong>CBCK<\/strong> <strong><a href=\"http:\/\/english.cbck.or.kr\/\">http:\/\/english.cbck.or.kr\/<\/a><\/strong>), accompagn\u00e9 le v\u00e9n\u00e9rable Ja Seung, pr\u00e9sident du \u00ab\u00a0Jogye Order\u00a0\u00bb du bouddhisme cor\u00e9en et le docteur GunDuk Choi, pr\u00e9sident de l\u2019association du Confucianisme, \u00e0 la rencontre d\u2019octobre dernier \u00e0 Assise \u00e0 laquelle ils ont activement particip\u00e9. Le pr\u00e9sident du Confucianisme et son collaborateur ont ensuite visit\u00e9 Loppiano, la cit\u00e9-pilote internationale des Focolari et le Centre du Mouvement \u00e0 Rome. <em>\u00ab\u00a0Je vous souhaite <\/em>\u2013 a-t-il dit \u2013 <em>que se r\u00e9alise votre r\u00eave\u00a0: \u00ab\u00a0que tous soient un\u00a0\u00bb\u00a0\u00bb.<\/em>  <strong><img alt=\"\" alt=\"\" loading=\"lazy\" decoding=\"async\" class=\"alignright size-full wp-image-52400\" style=\"margin: 10px;border: 0pt\" src=\"https:\/\/www.focolare.org\/wp-content\/uploads\/2012\/01\/20120108-3.jpg\" alt=\"\" width=\"250\" height=\"168\" \/><\/strong>  <strong>Initiative sociale.<\/strong><strong> Il s\u2019appelle \u201cHaengbok Maeul \u2013 le village du bonheur\u201d. <\/strong><strong>Il s\u2019agit d\u2019une activit\u00e9 mensuel qui va de l\u2019avant depuis 8 ans pour aider les travailleurs \u00e9trangers, les r\u00e9fugi\u00e9s de la Cor\u00e9e du Nord (plus de 20.000) et beaucoup d\u2019autres personnes qui sont dans le besoin. Le projet offre divers services d\u2019assistance m\u00e9dicale, de nourriture et de logement, des coiffeurs, les cours de langue cor\u00e9enne, etc. <em>\u00ab\u00a0Dans un premier temps <\/em>\u2013 racontent les volontaires engag\u00e9s dans le projet \u2013 <em>les personnes \u00e9taient m\u00e9fiantes mais, d\u00e9sormais, elles se sentent aim\u00e9es et, peu \u00e0 peu elles s\u2019ouvrent et apportent elles aussi, \u00e0 leur tour, des aliments \u00e0 partager\u00a0\u00bb.<\/em><\/strong>  <strong><em> <\/em><\/strong>  <img alt=\"\" alt=\"\" loading=\"lazy\" decoding=\"async\" class=\"alignleft size-full wp-image-12143\" style=\"margin: 10px;border: 0pt\" src=\"https:\/\/www.focolare.org\/wp-content\/uploads\/layout\/edit\/foto\/foto2010\/101125-03.jpg\" alt=\"\" width=\"200\" height=\"150\" \/>  <strong>Politique et \u00e9conomie. <\/strong>Le Mouvement politique pour l\u2019unit\u00e9 <strong>(Mppu) <\/strong>en Cor\u00e9e, est n\u00e9 en 2004 \u00e0 l\u2019initiative d\u2019un groupe de parlementaires qui se rencontrent r\u00e9guli\u00e8rement une fois par mois au sein du \u00ab\u00a0Forum politique pour l\u2019unit\u00e9\u00a0\u00bb, depuis 2008. Il s\u2019agit d\u2019un groupe de recherche, reconnu par le Parlement. Son activit\u00e9 s\u2019est \u00e9largie \u00e0 un \u00ab\u00a0Forum Social\u00a0\u00bb, ouvert aux journalistes, avocats, fonctionnaires, m\u00e9decins, \u00e9conomistes qui se r\u00e9unissent au Parlement tous les deux mois avec la participation de 30 personnes en moyenne. Parmi les activit\u00e9s promues par le <strong>Mppu<\/strong>, notons la campagne pour la \u00ab\u00a0purification du langage\u00a0\u00bb, en 2010. Une centaine d\u2019\u00e9tudiant en journalisme, de diff\u00e9rentes universit\u00e9s, a observ\u00e9 le langage des hommes politiques et des d\u00e9put\u00e9s durant les sessions politiques, les interviews et les discours. Cette \u00e9tude a \u00e9t\u00e9 un stimulant pour les politiques afin qu\u2019ils soient plus attentifs dans leur mani\u00e8re de parler et elle a \u00e9t\u00e9 r\u00e9compens\u00e9e par l\u2019attribution d\u2019une bourse. Le Mouvement politique pour\u00a0 l\u2019unit\u00e9 est aussi promoteur de 2 \u00e9coles pour de jeunes politiciens et \u00e9tudiants int\u00e9ress\u00e9s\u00a0: le programme pr\u00e9voit 10 cours et un total de 58 \u00e9tudiants y participent d\u00e9j\u00e0.  <strong> <\/strong>  <img alt=\"\" alt=\"\" loading=\"lazy\" decoding=\"async\" class=\"alignright size-full wp-image-11899\" style=\"margin: 10px;border: 0pt\" src=\"https:\/\/www.focolare.org\/wp-content\/uploads\/layout\/edit\/foto\/foto2010\/100528-03.jpg\" alt=\"\" width=\"200\" height=\"200\" \/>  <strong>Economie de Communion. <\/strong>N\u00e9e en 1991 d\u2019une intuition de Chiara Lubich, <strong>l\u2019Edc<\/strong> a suscit\u00e9 un grand int\u00e9r\u00eat en Cor\u00e9e, non seulement aupr\u00e8s des entrepreneurs mais aussi chez beaucoup d\u2019\u00e9tudiants, chercheurs et professeurs d\u2019\u00e9conomie. Actuellement il existe 8 entreprises qui adh\u00e8rent au projet de <strong>l\u2019Edc<\/strong> en Cor\u00e9e. 4 autres sont tr\u00e8s int\u00e9ress\u00e9es et veulent devenir des entreprises actives dans ce projet. 23 cor\u00e9ens ont particip\u00e9 au Congr\u00e8s international de l\u2019Edc au Br\u00e9sil, \u00e0 l\u2019occasion du 20<sup>\u00e8me<\/sup> anniversaire du projet. Un fruit imm\u00e9diat\u00a0: la traduction en cor\u00e9en du texte \u201cNew Financial Horizons: The Emergence of an Economy of Communion\u201d, de Lorna Gold.  <strong>Visite de Maria Voce. <\/strong>En janvier 2010, la <strong><span style=\"text-decoration: underline\">visite de la pr\u00e9sidente <\/span><\/strong>du Mouvement des Focolari et du copr\u00e9sident Giancarlo Faletti a r\u00e9uni environ 1.700 membres durant deux journ\u00e9es de connaissance r\u00e9ciproque, de mises au courant, d\u2019approfondissement de la spiritualit\u00e9 de l\u2019unit\u00e9 et de f\u00eate joyeuse. Tous deux ont pu rencontrer diff\u00e9rents \u00e9v\u00eaques et, au Parlement, quelques hommes politiques du Mouvement politique pour l\u2019unit\u00e9.  Au sein de la communaut\u00e9 cor\u00e9enne, le v\u0153u que Chiara Lubich avait fait lors de sa visite de 1982 a \u00e9t\u00e9 renouvel\u00e9. Elle avait en effet souhait\u00e9 que cette nation soit une \u201cv\u00e9ritable locomotive\u201d pour tout le continent asiatique: un d\u00e9fi qui demande un engagement de chaque jour.  [nggallery id=82]  <strong> <\/strong>  <strong> <\/strong>  <strong> <\/strong><\/p>\n","protected":false},"excerpt":{"rendered":"<p>Nouvelle ann\u00e9e, nouvelle rubrique! A travers Worldwide\u201d nous ferons un voyage \u00e0 travers le monde pour conna\u00eetre la vie du Mouvement des Focolari dans les diff\u00e9rents pays. Commen\u00e7ons par la Cor\u00e9e.<\/p>\n","protected":false},"author":34,"featured_media":0,"comment_status":"open","ping_status":"open","sticky":false,"template":"","format":"standard","meta":{"give_campaign_id":0,"_seopress_robots_primary_cat":"","_seopress_titles_title":"","_seopress_titles_desc":"","_seopress_robots_index":"","_et_pb_use_builder":"","_et_pb_old_content":"","_et_gb_content_width":"","footnotes":""},"categories":[906],"tags":[],"class_list":["post-351338","post","type-post","status-publish","format-standard","hentry","category-focolare-worldwide-2-3"],"_links":{"self":[{"href":"https:\/\/www.focolare.org\/fr\/wp-json\/wp\/v2\/posts\/351338","targetHints":{"allow":["GET"]}}],"collection":[{"href":"https:\/\/www.focolare.org\/fr\/wp-json\/wp\/v2\/posts"}],"about":[{"href":"https:\/\/www.focolare.org\/fr\/wp-json\/wp\/v2\/types\/post"}],"author":[{"embeddable":true,"href":"https:\/\/www.focolare.org\/fr\/wp-json\/wp\/v2\/users\/34"}],"replies":[{"embeddable":true,"href":"https:\/\/www.focolare.org\/fr\/wp-json\/wp\/v2\/comments?post=351338"}],"version-history":[{"count":0,"href":"https:\/\/www.focolare.org\/fr\/wp-json\/wp\/v2\/posts\/351338\/revisions"}],"wp:attachment":[{"href":"https:\/\/www.focolare.org\/fr\/wp-json\/wp\/v2\/media?parent=351338"}],"wp:term":[{"taxonomy":"category","embeddable":true,"href":"https:\/\/www.focolare.org\/fr\/wp-json\/wp\/v2\/categories?post=351338"},{"taxonomy":"post_tag","embeddable":true,"href":"https:\/\/www.focolare.org\/fr\/wp-json\/wp\/v2\/tags?post=351338"}],"curies":[{"name":"wp","href":"https:\/\/api.w.org\/{rel}","templated":true}]}}