{"id":351366,"date":"2012-01-16T04:31:37","date_gmt":"2012-01-16T03:31:37","guid":{"rendered":"https:\/\/www.focolare.org\/enfants-formateurs-reunis-a-castelgandolfo\/"},"modified":"2024-06-06T12:39:22","modified_gmt":"2024-06-06T10:39:22","slug":"enfants-formateurs-reunis-a-castelgandolfo","status":"publish","type":"post","link":"https:\/\/www.focolare.org\/fr\/enfants-formateurs-reunis-a-castelgandolfo\/","title":{"rendered":"Enfants : formateurs r\u00e9unis \u00e0 Castelgandolfo"},"content":{"rendered":"<p><img alt=\"\" alt=\"\" loading=\"lazy\" decoding=\"async\" class=\"alignleft size-full wp-image-52784\" style=\"margin-right: 10px\" src=\"https:\/\/www.focolare.org\/wp-content\/uploads\/2012\/01\/20120116-011.jpg\" alt=\"\" width=\"300\" height=\"200\" \/> <em>\u00ab\u00a0J\u2019aime \u00eatre aupr\u00e8s des enfants, parce que ce sont ceux qui ont le mieux interpr\u00e9t\u00e9 mon Id\u00e9al\u00a0\u00bb, <\/em>\u00e9crivait Chiara Lubich en 1955. <strong>Aujourd\u2019hui, les enfants qui vivent l\u2019Id\u00e9al de l\u2019unit\u00e9 sont plus de 16\u00a0000 dans tous les continents.<\/strong> Dans une \u00e9poque d\u2019urgence \u00e9ducative, ils sont une r\u00e9ponse vivante aux nombreuses questions que les adultes se posent aujourd\u2019hui sur l\u2019\u00e9ducation, parce qu\u2019avec leurs assistants ils t\u00e9moignent un rapport nouveau\u00a0: l\u2019amour r\u00e9ciproque, comme a dit J\u00e9sus\u00a0: <em>\u00ab\u00a0Aimez-vous comme je vous ai aim\u00e9s\u00a0\u00bb<\/em>. C\u2019\u00e9tait \u00e9galement le titre de l\u2019\u00e9cole qui a r\u00e9uni \u00e0 Castelgandolfo, du 27 d\u00e9cembre au 3 janvier, une partie des <strong>responsables de la formation des Gen4, les enfants du Mouvement des Focolari<\/strong> ; 180 provenant aussi des \u00c9tats-Unis, du Vietnam, de l\u2019Afrique du Sud \u2013 certains apr\u00e8s plus de 30 heures de voyage \u2013 et d\u2019autres du monde entier reli\u00e9s via Internet.  <strong><img alt=\"\" alt=\"\" loading=\"lazy\" decoding=\"async\" class=\"alignright size-full wp-image-52785\" style=\"margin-left: 10px\" src=\"https:\/\/www.focolare.org\/wp-content\/uploads\/2012\/01\/20120116-02.jpg\" alt=\"\" width=\"300\" height=\"200\" \/><\/strong>  <strong>Des enfants bombard\u00e9s par des messages souvent \u00ab\u00a0d\u00e9-formateurs\u00a0\u00bb, <\/strong>qui ne les respectent pas pour les caract\u00e9ristiques de leur \u00e2ge\u00a0: comment leur donner une formation aussi humaine que chr\u00e9tienne\u00a0?  <strong>Des situations souvent difficiles v\u00e9cues en famille, <\/strong>qui causent la perte de la confiance en l\u2019adulte et, par cons\u00e9quent, en Dieu\u00a0: comment leur faire exp\u00e9rimenter l&rsquo;amour de Dieu\u00a0?  Ce sont quelques unes des questions sur lesquelles ont r\u00e9fl\u00e9chi les responsables durant la semaine de formation. <em>\u00ab\u00a0Notre m\u00e9thode de transmission commence par nous-m\u00eames <\/em>\u2013 synth\u00e9tisent les organisateurs \u2013<em> en \u00e9tant nous les premiers \u00e0 mettre en pratique l\u2019\u00c9vangile.\u00a0\u00bb<\/em>  <img alt=\"\" alt=\"\" loading=\"lazy\" decoding=\"async\" class=\"alignleft size-full wp-image-52786\" style=\"margin-right: 10px\" src=\"https:\/\/www.focolare.org\/wp-content\/uploads\/2012\/01\/20120116-03.jpg\" alt=\"\" width=\"300\" height=\"200\" \/>  Un \u00e9change fructueux d\u2019id\u00e9es et d&rsquo;exp\u00e9riences, des approfondissements th\u00e9matiques et psychop\u00e9dagogiques concernant la lumi\u00e8re de la spiritualit\u00e9 collective, des exp\u00e9rimentations, la protection de l&rsquo;enfance, des travaux de groupe et un dialogue pl\u00e9nier&#8230; Dans un climat de grand d\u00e9vouement pour les enfants, ils ont relanc\u00e9 la volont\u00e9 de participer de toutes leurs forces.  <em>\u00ab\u00a0Les gen4 voyaient les gen plus \u00e2g\u00e9s, les jeunes, qui se mobilisaient pour leur ville, Le Caire <\/em>\u2013 <strong>racontent les formateurs \u00e9gyptiens pr\u00e9sents \u00e0 la rencontre <\/strong>\u2013 <em>et ils voulaient eux aussi \u00e0 tout prix faire quelque chose.<\/em> <em>\u00ab\u00a0Pourquoi ne pas apporter la paix et la joie\u00a0?\u00a0\u00bb, nous nous sommes dit.<\/em><em> <\/em><em>Nous avons achet\u00e9 des fleurs \u00e0 offrir aux passants.<\/em><em> <\/em><em>Avant d\u2019aller dans la rue, les gen4 filles et gar\u00e7ons ont pens\u00e9 aux phrases qu\u2019ils voulaient dire en donnant les fleurs\u00a0:<\/em><em> <\/em><em>\u00ab\u00a0Lorsque tu manges un bonbon, si tu aimes l\u2019\u00c9gypte, ne jette pas le papier par terre\u00a0\u00bb ou des phrases similaires.<\/em><em> <\/em><em>Beaucoup \u2013 autant les chr\u00e9tiens que les musulmans \u2013 restaient bouche b\u00e9e\u2026 Un balayeur de rue a dit \u00e0 une gen4\u00a0: \u00ab\u00a0Une fleur pour moi\u00a0?\u00a0\u00bb. \u00ab\u00a0Oui, parce que je t\u2019aime bien\u00a0\u00bb et lui, \u00e9mu\u00a0:<\/em><em> <\/em><em>\u00ab\u00a0C\u2019est la premi\u00e8re fois que quelqu\u2019un m\u2019offre une fleur\u00a0\u00bb\u00a0\u00bb.<\/em>  <strong>Du Br\u00e9sil, une histoire touchante\u00a0:<\/strong> Cristina, une gen4, souffre d\u2019une maladie qui provoque une insuffisance cardiaque. Apr\u00e8s une attaque cardiaque tr\u00e8s grave cet \u00e9t\u00e9, elle a failli mourir. Les m\u00e9decins l\u2019ont soumise \u00e0 de nombreux examens. Cristina est toujours tr\u00e8s sereine, parce qu\u2019apr\u00e8s avoir entendu l\u2019histoire de Chiara Luce Badano, elle n\u2019a pas peur des visites ou des traitements qu\u2019elle doit supporter. Lors d\u2019un rendez-vous avec les m\u00e9decins, l\u2019un d\u2019eux lui a dit\u00a0: <em>\u00ab\u00a0Tu sais que tu \u00e9tais tr\u00e8s pr\u00e8s des portes du Paradis\u00a0?\u00a0\u00bb<\/em> et elle\u00a0: <em>\u00ab\u00a0Oui, je le sais, mais je ne suis pas entr\u00e9e, parce que mon sac \u00e0 dos n\u2019\u00e9tait pas encore assez rempli d\u2019actes d\u2019amour\u00a0\u00bb.<\/em> Apr\u00e8s cette r\u00e9ponse, le m\u00e9decin a demand\u00e9 \u00e0 mieux conna\u00eetre sa vie.  Ce sont quelques uns des t\u00e9moignages entendus durant la semaine de travail au service des nouvelles g\u00e9n\u00e9rations. Un parcours de formation complexe et d\u00e9licat, poursuivi en collaboration avec les familles et les experts en diff\u00e9rents domaines, qui nous interpelle tous.<\/p>\n","protected":false},"excerpt":{"rendered":"<p>Comment \u00e9duquer les plus petits aux valeurs humaines et \u00e0 la foi. Comment leur faire exp\u00e9rimenter l\u2019amour de Dieu. Quelques questions des 180 formateurs provenant du monde entier pour une semaine d\u2019\u00e9tude et de r\u00e9flexion.<\/p>\n","protected":false},"author":34,"featured_media":0,"comment_status":"open","ping_status":"open","sticky":false,"template":"","format":"standard","meta":{"give_campaign_id":0,"_seopress_robots_primary_cat":"","_seopress_titles_title":"","_seopress_titles_desc":"","_seopress_robots_index":"","_et_pb_use_builder":"","_et_pb_old_content":"","_et_gb_content_width":"","footnotes":""},"categories":[47],"tags":[],"class_list":["post-351366","post","type-post","status-publish","format-standard","hentry","category-non-classifiee"],"_links":{"self":[{"href":"https:\/\/www.focolare.org\/fr\/wp-json\/wp\/v2\/posts\/351366","targetHints":{"allow":["GET"]}}],"collection":[{"href":"https:\/\/www.focolare.org\/fr\/wp-json\/wp\/v2\/posts"}],"about":[{"href":"https:\/\/www.focolare.org\/fr\/wp-json\/wp\/v2\/types\/post"}],"author":[{"embeddable":true,"href":"https:\/\/www.focolare.org\/fr\/wp-json\/wp\/v2\/users\/34"}],"replies":[{"embeddable":true,"href":"https:\/\/www.focolare.org\/fr\/wp-json\/wp\/v2\/comments?post=351366"}],"version-history":[{"count":0,"href":"https:\/\/www.focolare.org\/fr\/wp-json\/wp\/v2\/posts\/351366\/revisions"}],"wp:attachment":[{"href":"https:\/\/www.focolare.org\/fr\/wp-json\/wp\/v2\/media?parent=351366"}],"wp:term":[{"taxonomy":"category","embeddable":true,"href":"https:\/\/www.focolare.org\/fr\/wp-json\/wp\/v2\/categories?post=351366"},{"taxonomy":"post_tag","embeddable":true,"href":"https:\/\/www.focolare.org\/fr\/wp-json\/wp\/v2\/tags?post=351366"}],"curies":[{"name":"wp","href":"https:\/\/api.w.org\/{rel}","templated":true}]}}