{"id":351414,"date":"2012-02-01T16:31:14","date_gmt":"2012-02-01T15:31:14","guid":{"rendered":"https:\/\/www.focolare.org\/la-police-helvetique-est-maintenant-sure-que-le-corps-retrouve-est-celui-de-marisa-bau\/"},"modified":"2024-06-06T12:39:32","modified_gmt":"2024-06-06T10:39:32","slug":"la-police-helvetique-est-maintenant-sure-que-le-corps-retrouve-est-celui-de-marisa-bau","status":"publish","type":"post","link":"https:\/\/www.focolare.org\/fr\/la-police-helvetique-est-maintenant-sure-que-le-corps-retrouve-est-celui-de-marisa-bau\/","title":{"rendered":"La police helv\u00e9tique est maintenant s\u00fbre que le corps retrouv\u00e9 est celui de Marisa Ba\u00f9"},"content":{"rendered":"<p><img alt=\"\" alt=\"\" loading=\"lazy\" decoding=\"async\" class=\"alignleft size-full wp-image-54134\" style=\"margin-right: 10px\" src=\"https:\/\/www.focolare.org\/wp-content\/uploads\/2012\/02\/Marisa_4-210x128.jpg\" alt=\"\" width=\"210\" height=\"128\" \/><strong>L\u2019identification\u00a0 n\u2019est pas encore\u00a0 officielle mais la police helv\u00e9tique est maintenant s\u00fbre que le corps retrouv\u00e9, il y a deux jours \u00e0 Cugy, est celui de Marisa Ba\u00f9.<\/strong> C\u2019est ce que confirme une r\u00e9union tenue par le procureur charg\u00e9 de l\u2019affaire avec les membres de la famille de Marisa et les responsables du Centre de Montet.  <strong>Marisa Ba\u00f9 avait disparu du Centre du mouvement des Focolari \u00e0 Montet (Broye), en Suisse, le 20\u00a0d\u00e9cembre 2011.<\/strong> Les recherches faites depuis, n\u2019avaient donn\u00e9 aucun indice (<a href=\"https:\/\/www.focolare.org\/area-press-focus\/fr\/news\/2011\/12\/30\/scomparsa-di-marisa-bau-focolarina-a-montet-broye-svizzera\/\" target=\"_blank\" rel=\"noopener\"><strong>voir info<\/strong><\/a>). Mais lundi 30\u00a0janvier, la police a donn\u00e9 cette information\u00a0: le corps d\u2019une femme a \u00e9t\u00e9 trouv\u00e9 dans un hangar agricole, aux alentours de la localit\u00e9 de Cugy, dans un espace r\u00e9serv\u00e9 au stockage des balles de foin.  L\u2019agriculteur qui s\u2019occupe de cette entreprise agricole dit qu\u2019il passe fr\u00e9quemment par cet espace, mais ce n\u2019est que lorsqu\u2019il a d\u00fb d\u00e9placer une partie du foin qu\u2019il s\u2019est aper\u00e7u de la pr\u00e9sence du corps.  <strong>La police et la famille souhaitent que d\u2018autres v\u00e9rifications soient effectu\u00e9es pour comprendre les causes du d\u00e9c\u00e8s.<\/strong> On proc\u00e9dera donc \u00e0 l\u2019autopsie et aux examens corr\u00e9latifs qui pourraient demander plusieurs semaines. Les enqu\u00eates ne seront pas poursuivies au cas o\u00f9 aucune implication ext\u00e9rieure ne sera d\u00e9montr\u00e9e.<\/p>\n","protected":false},"excerpt":{"rendered":"<p>C\u2019est ce que confirme une r\u00e9union tenue par le procureur charg\u00e9 de l\u2019affaire avec les membres de la famille de Marisa et les responsables du Centre de Montet.<\/p>\n","protected":false},"author":34,"featured_media":0,"comment_status":"open","ping_status":"open","sticky":false,"template":"","format":"standard","meta":{"give_campaign_id":0,"_seopress_robots_primary_cat":"","_seopress_titles_title":"","_seopress_titles_desc":"","_seopress_robots_index":"","_et_pb_use_builder":"","_et_pb_old_content":"","_et_gb_content_width":"","footnotes":""},"categories":[907],"tags":[],"class_list":["post-351414","post","type-post","status-publish","format-standard","hentry","category-senza-categoria-2-3"],"_links":{"self":[{"href":"https:\/\/www.focolare.org\/fr\/wp-json\/wp\/v2\/posts\/351414","targetHints":{"allow":["GET"]}}],"collection":[{"href":"https:\/\/www.focolare.org\/fr\/wp-json\/wp\/v2\/posts"}],"about":[{"href":"https:\/\/www.focolare.org\/fr\/wp-json\/wp\/v2\/types\/post"}],"author":[{"embeddable":true,"href":"https:\/\/www.focolare.org\/fr\/wp-json\/wp\/v2\/users\/34"}],"replies":[{"embeddable":true,"href":"https:\/\/www.focolare.org\/fr\/wp-json\/wp\/v2\/comments?post=351414"}],"version-history":[{"count":0,"href":"https:\/\/www.focolare.org\/fr\/wp-json\/wp\/v2\/posts\/351414\/revisions"}],"wp:attachment":[{"href":"https:\/\/www.focolare.org\/fr\/wp-json\/wp\/v2\/media?parent=351414"}],"wp:term":[{"taxonomy":"category","embeddable":true,"href":"https:\/\/www.focolare.org\/fr\/wp-json\/wp\/v2\/categories?post=351414"},{"taxonomy":"post_tag","embeddable":true,"href":"https:\/\/www.focolare.org\/fr\/wp-json\/wp\/v2\/tags?post=351414"}],"curies":[{"name":"wp","href":"https:\/\/api.w.org\/{rel}","templated":true}]}}