{"id":351418,"date":"2012-02-02T10:22:06","date_gmt":"2012-02-02T09:22:06","guid":{"rendered":"https:\/\/www.focolare.org\/marisa-nous-a-quittes\/"},"modified":"2024-06-06T12:39:33","modified_gmt":"2024-06-06T10:39:33","slug":"marisa-nous-a-quittes","status":"publish","type":"post","link":"https:\/\/www.focolare.org\/fr\/marisa-nous-a-quittes\/","title":{"rendered":"Marisa nous a quitt\u00e9s"},"content":{"rendered":"<p><img alt=\"\" alt=\"\" loading=\"lazy\" decoding=\"async\" class=\"alignleft size-full wp-image-53985\" style=\"margin-right: 10px;border: 0pt none\" src=\"https:\/\/www.focolare.org\/wp-content\/uploads\/2012\/01\/MarisaBau_2.jpg\" alt=\"\" width=\"178\" height=\"152\" \/>En ces moments de souffrance et de stupeur, nous voulons assurer combien nous nous sentons proches des membres de sa famille et de tous ceux qui au cours de toutes ces ann\u00e9es, ont exp\u00e9riment\u00e9 l\u2019amiti\u00e9 de Marisa et l\u2019accueil chaleureux qu\u2019elle r\u00e9servait \u00e0 tous.  <strong>Marisa Ba\u00f9, n\u00e9e le 12\u00a0mai 1963 \u00e0 Asiago <\/strong>(Vicence, Italie),<strong> <\/strong>avant-derni\u00e8re de huit enfants, devenue orpheline de m\u00e8re \u00e0 l\u2019\u00e2ge de 15 ans, s\u2019\u00e9tait prodigu\u00e9e pour prendre soin de ses fr\u00e8res et s\u0153urs rest\u00e9s \u00e0 la maison. Apr\u00e8s avoir travaill\u00e9 deux ans dans une usine, diligente et cr\u00e9ative, elle avait mis en route, avec deux coll\u00e8gues, un petit atelier de confection.  Elle a connu <a href=\"https:\/\/www.focolare.org\/fr\/chiara-lubich\/spiritualita-dellunita\/\" target=\"_blank\" rel=\"noopener\"><strong><span style=\"text-decoration: underline\">la spiritualit\u00e9 du mouvement des Focolari<\/span><\/strong><span style=\"text-decoration: underline\"> <\/span><\/a>en 1980, y adh\u00e9rant imm\u00e9diatement et avec g\u00e9n\u00e9rosit\u00e9. Ayant ressenti la vocation de se consacrer \u00e0 Dieu en tant que focolarine, elle a quitt\u00e9 sa famille en 1991 pour le focolare\u00a0: d\u2019abord \u00e0 Padoue, o\u00f9 elle a termin\u00e9 ses \u00e9tudes de comptabilit\u00e9, puis en 1992 \u00e0 la cit\u00e9-pilote internationale de<strong><span style=\"text-decoration: underline\"> <a href=\"http:\/\/www.loppiano.it\/default.asp?s=64\" target=\"_blank\" rel=\"noopener\">Loppiano<\/a> <\/span><\/strong>(Florence, Italie), gardant toujours un lien \u00e9troit avec toute sa famille.  Apr\u00e8s cette p\u00e9riode de formation, Marisa est all\u00e9e au <a href=\"http:\/\/www.focolari-montet.ch\/\" target=\"_blank\" rel=\"noopener\"><strong><span style=\"text-decoration: underline\">Centre de Montet<\/span><\/strong> <\/a>(Broye), en<span style=\"text-decoration: underline\"> <a href=\"https:\/\/www.focolare.org\/fr\/focolare-worldwide\/europa\/svizzera\/\" target=\"_blank\" rel=\"noopener\"><strong>Suisse<\/strong><\/a><\/span>, o\u00f9 elle a travaill\u00e9 dans l\u2019atelier de confection pour enfants et dont elle \u00e9tait, depuis 1994, responsable du secteur de production. En 1998, en raison de ses qualit\u00e9s humaines et spirituelles, elle a assum\u00e9 une responsabilit\u00e9 en tant que formatrice du Centre.  Personnalit\u00e9 cr\u00e9ative et tenace, Marisa \u00e9tait estim\u00e9e de tous pour la qualit\u00e9 de ses relations, son sens des responsabilit\u00e9s et son altruisme.  <strong>Toutes ces ann\u00e9es, Marisa a fait la connaissance de tr\u00e8s nombreuses personnes qu\u2019elle a beaucoup aim\u00e9es. <\/strong>C\u2019est ce que d\u00e9montre l\u2019avalanche de messages arriv\u00e9s du monde entier sur les r\u00e9seaux sociaux\u00a0: <em>\u00ab\u00a0Elle est partie elle aussi, elle qui a tant donn\u00e9 aux autres et continuera \u00e0 le faire de l\u00e0-haut\u00a0!\u00a0\u00bb\u00a0; \u00ab\u00a0Une tr\u00e8s grande tristesse\u2026 il ne reste qu\u2019\u00e0 prier pour elle, pour sa famille et tous ceux de Montet\u2026 J\u2019ai rencontr\u00e9 Marisa et son sourire reste grav\u00e9 en moi\u00a0!\u00a0\u00bb\u00a0; \u00ab\u00a0Marisa est quelqu\u2019un de tr\u00e8s sp\u00e9cial pour moi.<\/em><em> <\/em><em>Elle fait partie de mon histoire\u00a0!\u00a0\u00bb.<\/em>  La maman d\u2019une focolarine \u00e9crit : \u00ab\u00a0<em>J\u2019ai suivi avec anxi\u00e9t\u00e9 tout ce qui s\u2019est pass\u00e9 en me mettant \u00e0 la place de la famille de Marisa\u2026 Je n\u2019oublierai pas de prier pour elle et pour toutes les focolarines du monde\u00a0\u00bb<\/em>. Et une personne qui a travaill\u00e9 avec elle\u00a0: <em>\u00ab\u00a0Je suis avec vous dans cette souffrance, je prie sp\u00e9cialement pour la famille, je suis proche de vous.<\/em><em> <\/em><em>J\u2019ai travaill\u00e9 \u00e0 ses c\u00f4t\u00e9s pendant trois ans \u00e0 Montet et je remercie Dieu pour chaque minute pass\u00e9e ensemble\u00a0\u00bb.<\/em>  Nous voulons nous souvenir d\u2019elle comme \u00ab\u00a0<em>d\u2019une personne merveilleuse<\/em> \u2013 ce sont les paroles de Marith\u00e9 Vuigner, coresponsable du Centre de Montet -, <em>toujours pr\u00eate \u00e0 accueillir les autres.<\/em><em> <\/em><em>Une personne sur qui on pouvait toujours compter, agr\u00e9able et charmante.<\/em><em> <\/em><em>Tr\u00e8s li\u00e9e \u00e0 sa tr\u00e8s belle famille nombreuse<\/em> \u00bb.  <strong>Pour plus d\u2019informations<\/strong> : <a href=\"https:\/\/www.focolare.org\/area-press-focus\/fr\/news\/2012\/02\/01\/marisa-bau-1963-2011\/\" target=\"_blank\" rel=\"noopener\"><strong>https:\/\/www.focolare.org\/area-press-focus\/fr\/news\/2012\/02\/01\/marisa-bau-1963-2011\/<\/strong><\/a><\/p>\n","protected":false},"excerpt":{"rendered":"<p>Le mouvement des Focolari exprime sa profonde souffrance pour la disparition de Marisa Ba\u00f9.<\/p>\n","protected":false},"author":34,"featured_media":0,"comment_status":"open","ping_status":"open","sticky":false,"template":"","format":"standard","meta":{"give_campaign_id":0,"_seopress_robots_primary_cat":"","_seopress_titles_title":"","_seopress_titles_desc":"","_seopress_robots_index":"","_et_pb_use_builder":"","_et_pb_old_content":"","_et_gb_content_width":"","footnotes":""},"categories":[47],"tags":[],"class_list":["post-351418","post","type-post","status-publish","format-standard","hentry","category-non-classifiee"],"_links":{"self":[{"href":"https:\/\/www.focolare.org\/fr\/wp-json\/wp\/v2\/posts\/351418","targetHints":{"allow":["GET"]}}],"collection":[{"href":"https:\/\/www.focolare.org\/fr\/wp-json\/wp\/v2\/posts"}],"about":[{"href":"https:\/\/www.focolare.org\/fr\/wp-json\/wp\/v2\/types\/post"}],"author":[{"embeddable":true,"href":"https:\/\/www.focolare.org\/fr\/wp-json\/wp\/v2\/users\/34"}],"replies":[{"embeddable":true,"href":"https:\/\/www.focolare.org\/fr\/wp-json\/wp\/v2\/comments?post=351418"}],"version-history":[{"count":0,"href":"https:\/\/www.focolare.org\/fr\/wp-json\/wp\/v2\/posts\/351418\/revisions"}],"wp:attachment":[{"href":"https:\/\/www.focolare.org\/fr\/wp-json\/wp\/v2\/media?parent=351418"}],"wp:term":[{"taxonomy":"category","embeddable":true,"href":"https:\/\/www.focolare.org\/fr\/wp-json\/wp\/v2\/categories?post=351418"},{"taxonomy":"post_tag","embeddable":true,"href":"https:\/\/www.focolare.org\/fr\/wp-json\/wp\/v2\/tags?post=351418"}],"curies":[{"name":"wp","href":"https:\/\/api.w.org\/{rel}","templated":true}]}}