{"id":351434,"date":"2012-02-03T10:06:35","date_gmt":"2012-02-03T09:06:35","guid":{"rendered":"https:\/\/www.focolare.org\/une-focolarine-uruguayenne-nommee-consultrice-du-cpcs\/"},"modified":"2024-06-06T12:39:37","modified_gmt":"2024-06-06T10:39:37","slug":"une-focolarine-uruguayenne-nommee-consultrice-du-cpcs","status":"publish","type":"post","link":"https:\/\/www.focolare.org\/fr\/une-focolarine-uruguayenne-nommee-consultrice-du-cpcs\/","title":{"rendered":"Une focolarine uruguayenne nomm\u00e9e consultrice du CPCS"},"content":{"rendered":"<p><img alt=\"\" alt=\"\" loading=\"lazy\" decoding=\"async\" class=\"alignleft size-full wp-image-54303\" style=\"margin-right: 10px;border: 0pt\" src=\"https:\/\/www.focolare.org\/wp-content\/uploads\/2012\/02\/20120203-01.jpg\" alt=\"\" width=\"242\" height=\"170\" \/><\/p>\n<p><strong>Comment avez-vous re\u00e7u cette nouvelle ?<\/strong><\/p>\n<p>Avec surprise et joie. Le mot qui m\u2019est venu spontan\u00e9ment est\u00a0: \u00ab\u00a0servir\u00a0\u00bb, selon l\u2019enseignement de J\u00e9sus. Aujourd\u2019hui, il s\u2019agit de servir l\u2019Eglise et, \u00e0 travers elle, la soci\u00e9t\u00e9.<\/p>\n<p><strong> <\/strong><\/p>\n<p><strong>Vos premi\u00e8res impressions\u00a0?<\/strong><\/p>\n<p>La premi\u00e8re\u00a0: pouvoir donner ma contribution dans une dimension de communication en dialogue. La seconde concerne le groupe de consulteurs, compos\u00e9 de pr\u00eatres, de religieux, d\u2019une religieuse, d\u2019une la\u00efque et de quelques la\u00efcs\u00a0: l\u2019Eglise dans ses diff\u00e9rentes vocations, charismes et dans l\u2019interculturalit\u00e9.<\/p>\n<p><strong>Quelles sont votre formation et votre exp\u00e9rience dans le domaine de la communication sociale\u00a0?<\/strong><\/p>\n<p>Je suis dipl\u00f4m\u00e9e en Communication Sociale, Sciences sociales et Doctrine sociale de l\u2019Eglise. Mes premi\u00e8res \u00e9tudes\u00a0: Enseignement P\u00e9dagogique, \u00e0 Montevideo, ma ville natale. Plus tard, j\u2019ai fait une formation en Communication Populaire et d\u2019Analyste en\u00a0Communication Sociale \u00e0 Buenos Aires. Ensuite, une Ma\u00eetrise en Sociologie \u00e0 l\u2019Universit\u00e9 Gr\u00e9gorienne de Rome, et un Master en Doctrine Sociale de l\u2019Eglise \u00e0 l\u2019Universit\u00e9 du Latran. Enfin, toujours \u00e0 l\u2019Universit\u00e9 Gr\u00e9gorienne, j\u2019ai fait un doctorat en Sciences sociales, avec sp\u00e9cialisation en communication. Mon travail s\u2019est d\u00e9velopp\u00e9 dans le domaine de la communication, non seulement sous l\u2019aspect th\u00e9orique, mais aussi comme pratique sociale dans la construction r\u00e9ciproque entre th\u00e9orie et pratique.<\/p>\n<p><strong>Quelle est aujourd\u2019hui votre exp\u00e9rience au CELAM?<\/strong><\/p>\n<p>Depuis six ans, j\u2019y participe en tant que Consultrice en communication, et en tant que telle j\u2019\u00e9tais pr\u00e9sente \u00e0 la V\u00e8me Conf\u00e9rence G\u00e9n\u00e9rale de l\u2019Episcopat Latino-am\u00e9ricain (CELAM) \u00e0 Aparecida (Br\u00e9sil). Une telle exp\u00e9rience m\u2019a profond\u00e9ment marqu\u00e9e, par le constat personnel que la dimension sociale est constitutive du peuple latino-am\u00e9ricain. Le CELAM, depuis sa fondation en 1955, est n\u00e9 avec un engagement fort de dialogue et de communion permanents avec l\u2019Eglise universelle, propre <em>\u00e0 son \u00e9tat latino-am\u00e9ricain.<\/em> Les Conf\u00e9rences G\u00e9n\u00e9rales de l\u2019Episcopat de Medellin, Puebla, Santo Domingo et Aparecida, t\u00e9moignent de ce d\u00e9sir, en lien avec le Concile Vatican II. Je crois que le statut de consultant du CPCS, en tant que membre du CELAM, peut aider \u00e0 construire des ponts, m\u00eame s\u2019il existe d\u00e9j\u00e0 une grande communion entre ces deux composantes de l\u2019Eglise.<\/p>\n<p><strong>De quelle fa\u00e7on la spiritualit\u00e9 de Chiara Lubich influe-t-elle sur votre action ?<\/strong><\/p>\n<p>Ma premi\u00e8re vocation se fonde sur la Spiritualit\u00e9 de l\u2019unit\u00e9 : partager le \u00ab\u00a0r\u00eave\u00a0\u00bb de J\u00e9sus, \u00ab\u00a0Que tous soient un\u00a0\u00bb. J\u2019ai connu la spiritualit\u00e9 des Focolari dans les ann\u00e9es soixante-dix, alors que, comme tous les jeunes latino-am\u00e9ricains, je cherchais un projet de vie capable de transformer la r\u00e9alit\u00e9. Dans la spiritualit\u00e9 de Chiara, j\u2019ai trouv\u00e9 J\u00e9sus vivant, et j\u2019ai appris \u00e0 incarner l\u2019Evangile avec beaucoup d\u2019autres jeunes, ensemble, dans une communaut\u00e9 ouverte \u00e0 tous, en construisant une cit\u00e9-pilote \u2013 la Mariapolis Lia \u2013 qui dirait \u00e0 la soci\u00e9t\u00e9\u00a0: le Commandement Nouveau de J\u00e9sus peut s\u2019incarner, la pr\u00e9sence de J\u00e9sus parmi les personnes unies en son nom est une r\u00e9alit\u00e9 visible, capable de transformer la soci\u00e9t\u00e9. Le temps a pass\u00e9, et cette exp\u00e9rience a continu\u00e9 dans les diff\u00e9rentes communaut\u00e9s du Mouvement o\u00f9 je suis all\u00e9e. Jusqu\u2019\u00e0 aujourd\u2019hui, ici \u00e0 Bogot\u00e0, avec l\u2019affable peuple colombien.<\/p>\n<p>C\u2019est avec l\u2019amour pour l\u2019Eglise que Chiara Lubich nous a transmis avec sa vie que j\u2019assume avec joie ce nouveau service.<\/p>\n<p><strong><br \/> <\/strong><\/p>\n","protected":false},"excerpt":{"rendered":"<p>Parmi les nouveaux consulteurs du Conseil Pontifical des Communications Sociales, a \u00e9t\u00e9 nomm\u00e9e Susana Nuin, membre permanent de la Conf\u00e9rence Episcopale Latino-am\u00e9ricaine. Nous l\u2019avons interview\u00e9e.<\/p>\n","protected":false},"author":34,"featured_media":0,"comment_status":"open","ping_status":"open","sticky":false,"template":"","format":"standard","meta":{"give_campaign_id":0,"_seopress_robots_primary_cat":"","_seopress_titles_title":"","_seopress_titles_desc":"","_seopress_robots_index":"","_et_pb_use_builder":"","_et_pb_old_content":"","_et_gb_content_width":"","footnotes":""},"categories":[906],"tags":[],"class_list":["post-351434","post","type-post","status-publish","format-standard","hentry","category-focolare-worldwide-2-3"],"_links":{"self":[{"href":"https:\/\/www.focolare.org\/fr\/wp-json\/wp\/v2\/posts\/351434","targetHints":{"allow":["GET"]}}],"collection":[{"href":"https:\/\/www.focolare.org\/fr\/wp-json\/wp\/v2\/posts"}],"about":[{"href":"https:\/\/www.focolare.org\/fr\/wp-json\/wp\/v2\/types\/post"}],"author":[{"embeddable":true,"href":"https:\/\/www.focolare.org\/fr\/wp-json\/wp\/v2\/users\/34"}],"replies":[{"embeddable":true,"href":"https:\/\/www.focolare.org\/fr\/wp-json\/wp\/v2\/comments?post=351434"}],"version-history":[{"count":0,"href":"https:\/\/www.focolare.org\/fr\/wp-json\/wp\/v2\/posts\/351434\/revisions"}],"wp:attachment":[{"href":"https:\/\/www.focolare.org\/fr\/wp-json\/wp\/v2\/media?parent=351434"}],"wp:term":[{"taxonomy":"category","embeddable":true,"href":"https:\/\/www.focolare.org\/fr\/wp-json\/wp\/v2\/categories?post=351434"},{"taxonomy":"post_tag","embeddable":true,"href":"https:\/\/www.focolare.org\/fr\/wp-json\/wp\/v2\/tags?post=351434"}],"curies":[{"name":"wp","href":"https:\/\/api.w.org\/{rel}","templated":true}]}}