{"id":351448,"date":"2012-02-05T04:00:20","date_gmt":"2012-02-05T03:00:20","guid":{"rendered":"https:\/\/www.focolare.org\/inde-un-pays-continent\/"},"modified":"2024-06-06T12:39:40","modified_gmt":"2024-06-06T10:39:40","slug":"inde-un-pays-continent","status":"publish","type":"post","link":"https:\/\/www.focolare.org\/fr\/inde-un-pays-continent\/","title":{"rendered":"Inde : un pays continent"},"content":{"rendered":"<p><a href=\"https:\/\/www.focolare.org\/fr\/focolare-worldwide\/asia\/india\/\"><strong><img alt=\"\" alt=\"\" loading=\"lazy\" decoding=\"async\" class=\"alignleft size-full wp-image-54240\" style=\"margin-right: 10px\" src=\"https:\/\/www.focolare.org\/wp-content\/uploads\/2012\/02\/20120205-01.jpg\" alt=\"\" width=\"240\" height=\"240\" \/><\/strong><\/a>  <strong><a href=\"https:\/\/www.focolare.org\/fr\/focolare-worldwide\/asia\/india\/\">L\u2019Inde<\/a>, sous-continent de plus d\u2019un milliard 170 millions d\u2019habitants<\/strong>, pourrait bient\u00f4t d\u00e9passer la Chine en termes de population.<strong> <\/strong>Un pays \u00e0 la croissance rapide, parmi les plus grandes \u00e9conomies mondiales, et en m\u00eame temps avec un taux \u00e9lev\u00e9 d\u2019analphab\u00e9tisme, de pauvret\u00e9 et de malnutrition.<strong> <\/strong>Une grande diversit\u00e9 religieuse, \u00e0 majorit\u00e9 hindoue avec 80\u00a0% et 2,3\u00a0% de minorit\u00e9 chr\u00e9tienne.<strong> <\/strong>On comprend pourquoi, parmi les dialogues les plus d\u00e9velopp\u00e9s par les <strong>Focolari dans cette nation, il y a justement le dialogue interreligieux, en particulier avec le monde hindou.<\/strong><strong> <\/strong><strong> <\/strong>  <strong> <\/strong>  <strong>Le Mouvement des <\/strong><strong>Focolari est pr\u00e9sent en Inde depuis <strong>1980<\/strong><\/strong>. Aujourd\u2019hui, il y a des centres des Focolari \u00e0 Mumbai, Bangalore, Goa et New Delhi qui promeuvent diff\u00e9rentes activit\u00e9s\u00a0: Mariapolis, rencontres mensuelles pour adultes, familles et jeunes. Dans diff\u00e9rentes villes \u2013 Vasai, Pune, Panjim, Margao, Vasco, Trichy \u2013 il y a des groupes actifs de personnes qui adh\u00e8rent \u00e0 l\u2019esprit des Focolari.  <img alt=\"\" alt=\"\" loading=\"lazy\" decoding=\"async\" class=\"size-full wp-image-54336 alignright\" style=\"margin-left: 10px\" src=\"https:\/\/www.focolare.org\/wp-content\/uploads\/2012\/02\/20120205-021.jpg\" alt=\"\" width=\"270\" height=\"179\" \/>  <strong>Diff\u00e9rents microprojets sociaux <\/strong>fleurissent autour des communaut\u00e9s du Focolare pour l\u2019\u00e9ducation des enfants, pour la promotion humaine de la femme et comme soutien aux familles en difficult\u00e9, aussi avec les soutiens \u00e0 distance\u00a0: les plus connus sont \u00ab\u00a0<strong>Ilanthalir<\/strong> \u00bb (<em>jeunes pousses<\/em> en langue Tamil) dans le sud de l\u2019Inde et \u00e0 Mumbai \u00ab\u00a0<strong><span style=\"text-decoration: underline\">Udisha<\/span><\/strong> \u00bb \u2013 \u00ab\u00a0Le rayon de soleil qui annonce une nouvelle aube\u00a0\u00bb. N\u00e9s pour <em>\u00ab\u00a0montrer une r\u00e9ponse concr\u00e8te \u00e0 la pauvret\u00e9 qui nous entoure\u00a0\u00bb, <\/em>ils comprennent aujourd\u2019hui environ 2400 enfants en tout, ainsi que leur famille. Ils se sont particuli\u00e8rement engag\u00e9s \u00e0 diffuser les valeurs de la fraternit\u00e9 universelle dans le <strong>monde des adolescents <\/strong>en sensibilisant des jeunes de toutes les religions lors de diff\u00e9rentes manifestations, aussi au niveau international. En <strong>2009, le Supercongr\u00e8s <\/strong>\u2013 rendez-vous traditionnel des Jeunes pour un monde uni \u2013 s\u2019est tenu pr\u00e9cis\u00e9ment \u00e0 Coimbatore, accueillant en Inde des adolescents du monde entier. Il y a aussi beaucoup de <strong>micror\u00e9alisations, racont\u00e9es lors de la r\u00e9cente r\u00e9union d\u2019Humanit\u00e9 Nouvelle <\/strong>(Mumbai, septembre 2011). Parmi les participants, un m\u00e9decin de Goa qui a donn\u00e9 vie \u00e0 une <strong>clinique mobile<\/strong>, la <strong>Prabhu Prasad Clinic<\/strong>, en mettant ensemble les services de diff\u00e9rents m\u00e9decins, avec un champ d\u2019action et de soin qui va des personnes \u00e2g\u00e9es aux enfants.  <strong>Chiara Lubich a visit\u00e9 l\u2019Inde plusieurs fois<\/strong>, dans le cadre du dialogue avec les fr\u00e8res hindous, apr\u00e8s avoir connu, \u00e0 travers la Conf\u00e9rence Mondiale des Religions pour la Paix, Dr Aram, fondateur de Shanti Aram. En 2001, \u00e0 Coimbatore (Tamil Nadu), elle re\u00e7oit le Prix \u00ab\u00a0D\u00e9fenseur de la Paix\u00a0\u00bb de la part de Shanti Ashram et du Mouvement Sarvodaya. Elle y retourne ensuite en 2003 o\u00f9, au <strong>Centre de culture indienne Bharatiya Vidya Bhavan<\/strong>, comme il lui a \u00e9t\u00e9 demand\u00e9, elle communique sa vocation sp\u00e9cifique \u00e0 l\u2019unit\u00e9 et \u00e0 la fraternit\u00e9 universelle. Ont suivi et continuent\u00a0: tables rondes, conf\u00e9rences, \u00e9changes de visites et de nombreux symposiums, dont le dernier en d\u00e9cembre 2011. Des occasions de dialogue, de pas en avant dans la construction de rapports de fraternit\u00e9 vraie avec le monde hindou, comme en <strong><span style=\"text-decoration: underline\">t\u00e9moigne<\/span><\/strong>, par exemple, le docteur Vijaya Bhatia, professeur de Yoga, qui est intervenue lors du 4<sup>e<\/sup> symposium hindou-chr\u00e9tien <em>\u00ab\u00a0Lire, interpr\u00e9ter et vivre les \u00c9critures pour r\u00e9aliser la paix et la fraternit\u00e9 universelle\u00a0\u00bb<\/em>.  <img alt=\"\" alt=\"\" loading=\"lazy\" decoding=\"async\" class=\"alignleft size-full wp-image-54338\" style=\"margin-right: 10px\" src=\"https:\/\/www.focolare.org\/wp-content\/uploads\/2012\/02\/20120205-03.jpg\" alt=\"\" width=\"240\" height=\"160\" \/>  Un id\u00e9al de vie qui se concr\u00e9tise au quotidien, comme pour <strong>cette jeune de Mumbai <\/strong>qui a pr\u00e9f\u00e9r\u00e9 donner \u00e0 une personne dans le besoin son propre argent r\u00e9colt\u00e9 avec difficult\u00e9 pour payer une facture m\u00e9dicale tr\u00e8s \u00e9lev\u00e9e. Quelle ne fut pas sa surprise lorsque le m\u00eame soir elle re\u00e7oit un appel\u00a0: c\u2019\u00e9tait l\u2019administration de l\u2019h\u00f4pital qui, pour une erreur de calcul, lui devait 300 roupies\u00a0!  C\u2019est l\u2019exp\u00e9rience de vivre l\u2019\u00c9vangile qui se refl\u00e8te non seulement dans la sph\u00e8re personnelle et priv\u00e9e, mais aussi dans le social. Les statistiques peuvent effrayer, mais en visant \u00e0 \u00eatre \u00ab\u00a0le changement que tu veux voir dans le monde\u00a0\u00bb, comme l\u2019enseignait Gandhi, les semences de fraternit\u00e9 continuent \u00e0 grandir.  &nbsp;  <strong> <\/strong><\/p>\n","protected":false},"excerpt":{"rendered":"<p>Pluralit\u00e9 religieuse, linguistique, de cultures et de traditions. Dans une Inde \u00e9mergente, avec de croissantes in\u00e9galit\u00e9s sociales, les Focolari sont engag\u00e9s dans le dialogue interreligieux, dans l&rsquo;\u00e9ducation et dans des projets sociaux pour soutenir les plus d\u00e9savantag\u00e9s.<\/p>\n","protected":false},"author":34,"featured_media":0,"comment_status":"open","ping_status":"open","sticky":false,"template":"","format":"standard","meta":{"give_campaign_id":0,"_seopress_robots_primary_cat":"","_seopress_titles_title":"","_seopress_titles_desc":"","_seopress_robots_index":"","_et_pb_use_builder":"","_et_pb_old_content":"","_et_gb_content_width":"","footnotes":""},"categories":[906],"tags":[],"class_list":["post-351448","post","type-post","status-publish","format-standard","hentry","category-focolare-worldwide-2-3"],"_links":{"self":[{"href":"https:\/\/www.focolare.org\/fr\/wp-json\/wp\/v2\/posts\/351448","targetHints":{"allow":["GET"]}}],"collection":[{"href":"https:\/\/www.focolare.org\/fr\/wp-json\/wp\/v2\/posts"}],"about":[{"href":"https:\/\/www.focolare.org\/fr\/wp-json\/wp\/v2\/types\/post"}],"author":[{"embeddable":true,"href":"https:\/\/www.focolare.org\/fr\/wp-json\/wp\/v2\/users\/34"}],"replies":[{"embeddable":true,"href":"https:\/\/www.focolare.org\/fr\/wp-json\/wp\/v2\/comments?post=351448"}],"version-history":[{"count":0,"href":"https:\/\/www.focolare.org\/fr\/wp-json\/wp\/v2\/posts\/351448\/revisions"}],"wp:attachment":[{"href":"https:\/\/www.focolare.org\/fr\/wp-json\/wp\/v2\/media?parent=351448"}],"wp:term":[{"taxonomy":"category","embeddable":true,"href":"https:\/\/www.focolare.org\/fr\/wp-json\/wp\/v2\/categories?post=351448"},{"taxonomy":"post_tag","embeddable":true,"href":"https:\/\/www.focolare.org\/fr\/wp-json\/wp\/v2\/tags?post=351448"}],"curies":[{"name":"wp","href":"https:\/\/api.w.org\/{rel}","templated":true}]}}