{"id":351476,"date":"2012-02-08T18:46:24","date_gmt":"2012-02-08T17:46:24","guid":{"rendered":"https:\/\/www.focolare.org\/un-manteau-de-neige-pour-dire-au-revoir-a-marisa\/"},"modified":"2024-06-06T12:39:47","modified_gmt":"2024-06-06T10:39:47","slug":"un-manteau-de-neige-pour-dire-au-revoir-a-marisa","status":"publish","type":"post","link":"https:\/\/www.focolare.org\/fr\/un-manteau-de-neige-pour-dire-au-revoir-a-marisa\/","title":{"rendered":"Un manteau de neige pour dire au revoir \u00e0 Marisa"},"content":{"rendered":"<p><a href=\"https:\/\/www.focolare.org\/wp-content\/uploads\/2012\/02\/marisa_2003a1.jpg\"><img alt=\"\" alt=\"\" loading=\"lazy\" decoding=\"async\" class=\"alignleft size-full wp-image-54870\" style=\"margin-right: 10px\" src=\"https:\/\/www.focolare.org\/wp-content\/uploads\/2012\/02\/marisa_2003a1.jpg\" alt=\"\" width=\"213\" height=\"233\" \/><\/a><strong>Lundi 6\u00a0f\u00e9vrier, dans la localit\u00e9 de Cugy, 350 personnes ont pris part \u00e0 la c\u00e9r\u00e9monie fun\u00e8bre pour saluer une derni\u00e8re fois Marisa Ba\u00f9, en terre helv\u00e9tique<\/strong>. La Messe a \u00e9t\u00e9 conc\u00e9l\u00e9br\u00e9e par 8 pr\u00eatres. Mgr Charles Morerod, \u00e9v\u00eaque du lieu et Mgr\u00a0Jean-Claude P\u00e9risset, nonce apostolique \u00e0 Berlin, originaire de Estavayer-le-Lac, proche de Montet, ont exprim\u00e9 dans leur message, leur participation, leur proximit\u00e9 et leur soutien \u00e0 la famille et aux focolarini de Montet.  Marith\u00e9 Vuigner, coresponsable du Centre de Montet, a reparcouru bri\u00e8vement les 40 jours v\u00e9cus depuis la disparition du 20\u00a0d\u00e9cembre jusqu\u2019au moment de la d\u00e9couverte du cadavre et elle a fait un rapide portrait de Marisa Ba\u00f9.  <strong>\u00c0 l\u2019issue de la c\u00e9r\u00e9monie, le corps a \u00e9t\u00e9 transport\u00e9 en Italie, accompagn\u00e9e de quelques membres de sa famille qui \u00e9taient venus \u00e0 Montet et d\u2019un groupe de focolarini.<\/strong>  <strong><a href=\"https:\/\/www.focolare.org\/wp-content\/uploads\/2012\/02\/asiago2.jpg\"><img alt=\"\" alt=\"\" loading=\"lazy\" decoding=\"async\" class=\"alignright size-full wp-image-54872\" style=\"margin-left: 10px\" src=\"https:\/\/www.focolare.org\/wp-content\/uploads\/2012\/02\/asiago2.jpg\" alt=\"\" width=\"300\" height=\"215\" \/><\/a> Le lendemain, mardi 7\u00a0f\u00e9vrier, une grande foule attendait Marisa \u00e0 l\u2019\u00e9glise du hameau de Sasso di Asiago, <\/strong>pour lui donner l\u2019ultime salutation, au cours des obs\u00e8ques c\u00e9l\u00e9br\u00e9es par le cur\u00e9 de la paroisse de Gallio, le p\u00e8re Lauderio Dal Bianco. Au nom de la famille, une ni\u00e8ce a salu\u00e9 Marisa, mettant en lumi\u00e8re son amour pour sa famille et pour la vie.  <strong>Les rapports de l\u2019autopsie qui devraient \u00e9tablir les causes de la mort devraient arriver dans un mois.<\/strong>  <em>\u00ab\u00a0Nous sommes face \u00e0 une situation tragique, douloureuse, dans laquelle nous voyons combien le Mouvement s\u2019identifie plus que jamais avec les drames de l\u2019humanit\u00e9 d\u2019aujourd&rsquo;hui\u00a0\u00bb, <\/em>a \u00e9crit ces jours-ci <a href=\"https:\/\/www.focolare.org\/fr\/la-presidente\/\"><strong>Maria Voce<\/strong><\/a> aux communaut\u00e9s du Mouvement. Et elle continue<em> : \u00ab\u00a0Il nous reste, pour nous r\u00e9conforter, le t\u00e9moignage de la g\u00e9n\u00e9rosit\u00e9 avec laquelle Marisa s\u2019est donn\u00e9e \u00e0 Dieu, avec laquelle elle a v\u00e9cu toutes ces ann\u00e9es dans une attitude de donation totale aux autres focolarines, au travail qui lui \u00e9tait confi\u00e9 et qu\u2019elle assumait avec responsabilit\u00e9 et engagement. Croyant plus que jamais dans l\u2019amour de Dieu pour Marisa, continuons \u00e0 prier pour elle et pour toute sa famille.<\/em>  Lire tout l\u2019article sur Citt\u00e0 Nuova (en italien) &#8211; <a href=\"http:\/\/www.cittanuova.it\/contenuto.php?TipoContenuto=web&amp;idContenuto=333590\">http:\/\/www.cittanuova.it\/contenuto.php?TipoContenuto=web&amp;idContenuto=333590<\/a>  Pour info\u00a0: area stampa &#8211; <a href=\"..\/area-press-focus\/it\/news\/2012\/02\/01\/marisa-bau-1963-2011\/\">https:\/\/www.focolare.org\/area-press-focus\/it\/news\/2012\/02\/01\/marisa-bau-1963-2011\/<\/a><\/p>\n","protected":false},"excerpt":{"rendered":"<p>Messe des obs\u00e8ques \u00e0 Montet, en Suisse, et fun\u00e9railles \u00e0 Sasso di Asiago. Au revoir Marisa.<\/p>\n","protected":false},"author":34,"featured_media":0,"comment_status":"open","ping_status":"open","sticky":false,"template":"","format":"standard","meta":{"give_campaign_id":0,"_seopress_robots_primary_cat":"","_seopress_titles_title":"","_seopress_titles_desc":"","_seopress_robots_index":"","_et_pb_use_builder":"","_et_pb_old_content":"","_et_gb_content_width":"","footnotes":""},"categories":[906],"tags":[],"class_list":["post-351476","post","type-post","status-publish","format-standard","hentry","category-focolare-worldwide-2-3"],"_links":{"self":[{"href":"https:\/\/www.focolare.org\/fr\/wp-json\/wp\/v2\/posts\/351476","targetHints":{"allow":["GET"]}}],"collection":[{"href":"https:\/\/www.focolare.org\/fr\/wp-json\/wp\/v2\/posts"}],"about":[{"href":"https:\/\/www.focolare.org\/fr\/wp-json\/wp\/v2\/types\/post"}],"author":[{"embeddable":true,"href":"https:\/\/www.focolare.org\/fr\/wp-json\/wp\/v2\/users\/34"}],"replies":[{"embeddable":true,"href":"https:\/\/www.focolare.org\/fr\/wp-json\/wp\/v2\/comments?post=351476"}],"version-history":[{"count":0,"href":"https:\/\/www.focolare.org\/fr\/wp-json\/wp\/v2\/posts\/351476\/revisions"}],"wp:attachment":[{"href":"https:\/\/www.focolare.org\/fr\/wp-json\/wp\/v2\/media?parent=351476"}],"wp:term":[{"taxonomy":"category","embeddable":true,"href":"https:\/\/www.focolare.org\/fr\/wp-json\/wp\/v2\/categories?post=351476"},{"taxonomy":"post_tag","embeddable":true,"href":"https:\/\/www.focolare.org\/fr\/wp-json\/wp\/v2\/tags?post=351476"}],"curies":[{"name":"wp","href":"https:\/\/api.w.org\/{rel}","templated":true}]}}