{"id":351764,"date":"2012-02-23T08:14:56","date_gmt":"2012-02-23T07:14:56","guid":{"rendered":"https:\/\/www.focolare.org\/ne-pas-avoir-peur-de-lautre\/"},"modified":"2024-06-06T12:40:45","modified_gmt":"2024-06-06T10:40:45","slug":"ne-pas-avoir-peur-de-lautre","status":"publish","type":"post","link":"https:\/\/www.focolare.org\/fr\/ne-pas-avoir-peur-de-lautre\/","title":{"rendered":"Ne pas avoir peur de l\u2019Autre"},"content":{"rendered":"<p><strong><img alt=\"\" alt=\"\" loading=\"lazy\" decoding=\"async\" class=\"alignleft size-full wp-image-56550\" style=\"border: 0pt none;margin: 10px\" src=\"https:\/\/www.focolare.org\/wp-content\/uploads\/2012\/02\/20120222-01.jpg\" alt=\"\" width=\"250\" height=\"200\" \/>Une paroisse catholique de Kleinbasel rend visite \u00e0 la communaut\u00e9 musulmane du quartier.<\/strong> Apr\u00e8s la pri\u00e8re de midi des musulmans, ils restent pour le repas commun. L\u2019imam Mohammed Tas raconte: \u00ab L\u2019apr\u00e8s-midi a \u00e9t\u00e9 ponctu\u00e9 par trois tournois de foot : les enfants contre les enfants, les jeunes contre les jeunes et les adultes contre les adultes\u2026 les imams contre les cur\u00e9s \u00bb. \u00ab Nous avons perdu &#8211; r\u00e9plique le cur\u00e9 Ruedi Beck en souriant &#8211; mais l\u2019amiti\u00e9 s\u2019est renforc\u00e9e \u00bb. Et l\u2019imam de poursuivre : \u00ab Nous nous r\u00e9jouissons chaque fois que nous nous voyons. Beaucoup de choses nous unissent : nous sommes de la m\u00eame ville, nous sommes des humains, nous avons les uns et les autres beaucoup de travail et beaucoup de soucis. Nous prions les uns pour les autres et nous nous aidons dans la mesure du possible \u00bb.  <strong><\/strong>Cet exemple, parmi d\u2019autres faits racont\u00e9s lors de cette rencontre \u00ab<strong>Musulmans et Chr\u00e9tiens en dialogue<\/strong> \u00bb, montre bien qu\u2019<strong>il est possible, pour des communaut\u00e9s religieuses diff\u00e9rentes, de vivre comme une seule famille<\/strong>. Le th\u00e8me \u00ab\u00a0 La Parole de Dieu \u00e9cout\u00e9e et v\u00e9cue \u00bb a servi de base au dialogue. L\u2019imam de Baar, Ali Cetin, a fait p\u00e9n\u00e9trer les participants dans la compr\u00e9hension musulmane de ce th\u00e8me, de qui est Dieu et sa parole pour les musulmans : \u00ab Quelqu\u2019un qui re\u00e7oit un mail, un sms ou une lettre d\u2019un ami qu\u2019il aime beaucoup, lit et relit le message mot par mot. Il appr\u00e9cie chaque parole, chaque phrase. C\u2019est de cette fa\u00e7on que les musulmans v\u00e9n\u00e8rent le Coran, que Dieu a envoy\u00e9 aux hommes. Ses versets sont prononc\u00e9s avec amour, appris par c\u0153ur et mis en pratique \u00bb.  <img alt=\"\" alt=\"\" loading=\"lazy\" decoding=\"async\" class=\"alignleft  wp-image-56551\" style=\"border: 0pt none;margin: 10px\" src=\"https:\/\/www.focolare.org\/wp-content\/uploads\/2012\/02\/20120222-02.jpg\" alt=\"\" width=\"300\" height=\"148\" \/>  <strong>Dans la foi chr\u00e9tienne, l\u2019amour de Dieu un et trine a une place centrale.<\/strong> Les mots de Chiara Lubich, pr\u00e9sent\u00e9 en un court extrait vid\u00e9o l\u2019expriment bien : \u00ab Nous croyons que Dieu nous aime chacun personnellement et infiniment\u2026 Le Coran le dit aussi : \u2018Les croyants sont ceux qui aiment Dieu par-dessus tout\u2019. C\u2019est ce qui nous relie de plus fort. Nous ne sommes donc plus musulmans ou chr\u00e9tiens, mais fr\u00e8res et s\u0153urs, des personnes qui mettent Dieu \u00e0 la premi\u00e8re place\u2026 \u00bb Ces phrases, la fondatrice du Mouvement des Focolari les a prononc\u00e9es en 1998 devant les participants \u00e0 un congr\u00e8s international de musulmans \u00e0 Rome. <img loading=\"lazy\" decoding=\"async\" class=\"alignright\" style=\"margin-left: 10px\" src=\"https:\/\/www.focolare.org\/wp-content\/uploads\/2012\/02\/20120224-13.jpg\" alt=\"\" width=\"160\" height=\"181\" \/>Le principal intervenant de la journ\u00e9e, Mustapha Baztami, imam de Teramo (Italie), qui a connu personnellement Chiara Lubich, a rappel\u00e9 que celle-ci a \u00e9t\u00e9 la premi\u00e8re chr\u00e9tienne et la premi\u00e8re femme \u00e0 avoir parl\u00e9 dans une mosqu\u00e9e \u00e0 Harlem, en 1997. Elle a r\u00e9ussi \u00e0 jeter de v\u00e9ritables ponts entre les religions. Elle n\u2019avait pas peur de rencontrer l\u2019alt\u00e9rit\u00e9 des diff\u00e9rentes religions, car elle proclamait sa foi en Dieu non pas avec des slogans, mais avec sa vie. Pendant la S\u00e9ance pl\u00e9ni\u00e8re une musulmane s\u2019est exprim\u00e9e ainsi: \u00ab Aujourd&rsquo;hui nous nous sommes sentis au m\u00eame niveau, en famille, accept\u00e9s par tous. Nous sommes comme un pont, un no man &lsquo;s land, qui relie tous. \u00bb <strong><\/strong>  <strong>La R\u00e8gle d\u2018Or<\/strong> &#8211; C\u2019est ce dialogue qu\u2019ont v\u00e9cu concr\u00e8tement les quelque 80 participants &#8211; \u00e0 parts \u00e9gales musulmans et chr\u00e9tiens &#8211; venus des trois r\u00e9gions linguistiques de la Suisse et originaires de 17 pays, de la France au Kosovo, de l\u2019Italie \u00e0 l\u2019Albanie, de la Turquie \u00e0 l\u2019Alg\u00e9rie, jusqu\u2019\u00e0 la C\u00f4te d\u2019Ivoire. Parmi eux, des personnalit\u00e9s comme le Dr Taner Hatipoglu, pr\u00e9sident de l\u2019Association des organisations islamiques de Zurich, ainsi que quatre imams. <img loading=\"lazy\" decoding=\"async\" class=\"alignleft\" style=\"margin-right: 10px\" src=\"https:\/\/www.focolare.org\/wp-content\/uploads\/2012\/02\/20120224-14.jpg\" alt=\"\" width=\"200\" height=\"128\" \/>Marianne Rentsch et Franco Galli, responsables du Mouvement des Focolari en Suisse, ont conclu la journ\u00e9e en parlant de la \u00ab R\u00e8gle d\u2019Or \u00bb. Chaque participant a pu la recevoir au format carte de cr\u00e9dit et en trois langues, sous sa forme musulmane et chr\u00e9tienne : \u00ab Aucun de vous n\u2019est croyant tant qu\u2019il ne d\u00e9sire pas pour son fr\u00e8re ce qu\u2019il d\u00e9sire pour lui-m\u00eame \u00bb (Mohammed, 13e Hadith dans le livre des 40 Hadith de al-Nawawi) &#8211; \u00ab Ce que vous voudriez que les autres fassent pour vous, faites-le vous-m\u00eames pour eux \u00bb (Luc 6,31).  <em>Beatrix Ledergerber-Baumer<\/em><\/p>\n","protected":false},"excerpt":{"rendered":"<p>80 musulmans et chr\u00e9tiens se sont rassembl\u00e9s le 12 f\u00e9vrier au Centre des Focolari de Baar (Zoug). Au-del\u00e0 de tous pr\u00e9jug\u00e9s.<\/p>\n","protected":false},"author":34,"featured_media":0,"comment_status":"open","ping_status":"open","sticky":false,"template":"","format":"standard","meta":{"give_campaign_id":0,"_seopress_robots_primary_cat":"","_seopress_titles_title":"","_seopress_titles_desc":"","_seopress_robots_index":"","_et_pb_use_builder":"","_et_pb_old_content":"","_et_gb_content_width":"","footnotes":""},"categories":[906],"tags":[],"class_list":["post-351764","post","type-post","status-publish","format-standard","hentry","category-focolare-worldwide-2-3"],"_links":{"self":[{"href":"https:\/\/www.focolare.org\/fr\/wp-json\/wp\/v2\/posts\/351764","targetHints":{"allow":["GET"]}}],"collection":[{"href":"https:\/\/www.focolare.org\/fr\/wp-json\/wp\/v2\/posts"}],"about":[{"href":"https:\/\/www.focolare.org\/fr\/wp-json\/wp\/v2\/types\/post"}],"author":[{"embeddable":true,"href":"https:\/\/www.focolare.org\/fr\/wp-json\/wp\/v2\/users\/34"}],"replies":[{"embeddable":true,"href":"https:\/\/www.focolare.org\/fr\/wp-json\/wp\/v2\/comments?post=351764"}],"version-history":[{"count":0,"href":"https:\/\/www.focolare.org\/fr\/wp-json\/wp\/v2\/posts\/351764\/revisions"}],"wp:attachment":[{"href":"https:\/\/www.focolare.org\/fr\/wp-json\/wp\/v2\/media?parent=351764"}],"wp:term":[{"taxonomy":"category","embeddable":true,"href":"https:\/\/www.focolare.org\/fr\/wp-json\/wp\/v2\/categories?post=351764"},{"taxonomy":"post_tag","embeddable":true,"href":"https:\/\/www.focolare.org\/fr\/wp-json\/wp\/v2\/tags?post=351764"}],"curies":[{"name":"wp","href":"https:\/\/api.w.org\/{rel}","templated":true}]}}