{"id":351844,"date":"2012-03-08T04:00:24","date_gmt":"2012-03-08T03:00:24","guid":{"rendered":"https:\/\/www.focolare.org\/genfest-2012-flash-back-historique\/"},"modified":"2024-06-06T12:41:02","modified_gmt":"2024-06-06T10:41:02","slug":"genfest-2012-flash-back-historique","status":"publish","type":"post","link":"https:\/\/www.focolare.org\/fr\/genfest-2012-flash-back-historique\/","title":{"rendered":"Genfest 2012 : Flash-back historique"},"content":{"rendered":"<p><iframe loading=\"lazy\" title=\"Genfest 2012 - History in a Flash\" width=\"1080\" height=\"810\" src=\"https:\/\/www.youtube.com\/embed\/cZEquQfVKCk?feature=oembed\"  allow=\"accelerometer; autoplay; clipboard-write; encrypted-media; gyroscope; picture-in-picture; web-share\" referrerpolicy=\"strict-origin-when-cross-origin\" allowfullscreen><\/iframe><\/p>\n","protected":false},"excerpt":{"rendered":"<p>A l\u2019appel lanc\u00e9 par Chiara Lubich \u00e0 la fin des ann\u00e9es soixante : \u00ab Jeunes du monde entier, unissez-vous ! \u00bb, des milliers de jeunes, sous toutes les latitudes, ont r\u00e9pondu en s\u2019engageant \u00e0 poursuivre un but id\u00e9al et \u00e9lev\u00e9, celui de contribuer \u00e0 unir la famille humaine. Cette br\u00e8ve vid\u00e9o retrace les moments importants de cette histoire.<br \/>\n<\/p>\n<p style=\"text-align: left\" align=\"right\"><span style=\"color: #008080\"><a href=\"http:\/\/www.centrochiaralubich.org\"><span style=\"color: #008080\">&gt;&gt;Centro Chiara Lubich&gt;&gt;<\/span><\/a><\/span><\/p>\n","protected":false},"author":34,"featured_media":0,"comment_status":"open","ping_status":"open","sticky":false,"template":"","format":"standard","meta":{"give_campaign_id":0,"_seopress_robots_primary_cat":"","_seopress_titles_title":"","_seopress_titles_desc":"","_seopress_robots_index":"","_et_pb_use_builder":"","_et_pb_old_content":"","_et_gb_content_width":"","footnotes":""},"categories":[47],"tags":[],"class_list":["post-351844","post","type-post","status-publish","format-standard","hentry","category-non-classifiee"],"_links":{"self":[{"href":"https:\/\/www.focolare.org\/fr\/wp-json\/wp\/v2\/posts\/351844","targetHints":{"allow":["GET"]}}],"collection":[{"href":"https:\/\/www.focolare.org\/fr\/wp-json\/wp\/v2\/posts"}],"about":[{"href":"https:\/\/www.focolare.org\/fr\/wp-json\/wp\/v2\/types\/post"}],"author":[{"embeddable":true,"href":"https:\/\/www.focolare.org\/fr\/wp-json\/wp\/v2\/users\/34"}],"replies":[{"embeddable":true,"href":"https:\/\/www.focolare.org\/fr\/wp-json\/wp\/v2\/comments?post=351844"}],"version-history":[{"count":0,"href":"https:\/\/www.focolare.org\/fr\/wp-json\/wp\/v2\/posts\/351844\/revisions"}],"wp:attachment":[{"href":"https:\/\/www.focolare.org\/fr\/wp-json\/wp\/v2\/media?parent=351844"}],"wp:term":[{"taxonomy":"category","embeddable":true,"href":"https:\/\/www.focolare.org\/fr\/wp-json\/wp\/v2\/categories?post=351844"},{"taxonomy":"post_tag","embeddable":true,"href":"https:\/\/www.focolare.org\/fr\/wp-json\/wp\/v2\/tags?post=351844"}],"curies":[{"name":"wp","href":"https:\/\/api.w.org\/{rel}","templated":true}]}}