{"id":352054,"date":"2012-05-04T06:00:19","date_gmt":"2012-05-04T04:00:19","guid":{"rendered":"https:\/\/www.focolare.org\/fernando-licheri-une-lumiere-dans-la-maladie\/"},"modified":"2024-06-06T12:41:48","modified_gmt":"2024-06-06T10:41:48","slug":"fernando-licheri-une-lumiere-dans-la-maladie","status":"publish","type":"post","link":"https:\/\/www.focolare.org\/fr\/fernando-licheri-une-lumiere-dans-la-maladie\/","title":{"rendered":"Fernando Licheri : \u00ab une lumi\u00e8re dans la maladie \u00bb"},"content":{"rendered":"<p><strong><a href=\"https:\/\/www.focolare.org\/wp-content\/uploads\/2012\/05\/20120504-01.jpg\"><img alt=\"\" alt=\"\" loading=\"lazy\" decoding=\"async\" class=\"alignleft size-full wp-image-62822\" style=\"margin-right: 10px;border: 0pt none\" src=\"https:\/\/www.focolare.org\/wp-content\/uploads\/2012\/05\/20120504-01.jpg\" alt=\"\" width=\"210\" height=\"128\" \/><\/a><\/strong><\/p>\n<p>\u00ab\u00a0Il y a environ quatre ans, lorsque la Scl\u00e9rose lat\u00e9rale amyotrophique (SLA) a \u00e9t\u00e9 diagnostiqu\u00e9e \u00e0 Fernando, un frisson a parcouru tout mon corps, raconte Maria. J\u2019\u00e9tais effar\u00e9e et emplie de peur. Lui, pressentant mon \u00e9tat d\u2019\u00e2me, m\u2019a chuchot\u00e9\u00a0: \u201cJe suis pr\u00eat. Tu verras, Dieu nous donnera la gr\u00e2ce pour ce moment pr\u00e9cieux\u201d. Je me suis sentie rena\u00eetre\u00a0: moi aussi je veux adh\u00e9rer au dessein d\u2019amour que Dieu a pr\u00e9par\u00e9 pour nous. Ainsi, nous commen\u00e7ons cette aventure.<\/p>\n<p>Quelque temps apr\u00e8s, Fernando est hospitalis\u00e9 en Unit\u00e9 de Soins intensifs pour une crise respiratoire, mais notre fa\u00e7on d\u2019affronter la maladie sereinement et l\u2019attitude d\u2019amour qu\u2019il avait envers les m\u00e9decins et infirmiers ont fait que l\u2019approche rigidement professionnelle devienne familiale et affectueuse.<\/p>\n<p>Toute la famille du <strong>Mouvement des Focolari <\/strong>et les personnes rencontr\u00e9es durant toute notre vie sont \u00e0 nos c\u00f4t\u00e9s. Autour de nous, une authentique comp\u00e9tition d\u2019amour se d\u00e9veloppe\u00a0: je n\u2019ai jamais pris les transports publics, un tournus est organis\u00e9 pour m\u2019accompagner \u00e0 l\u2019h\u00f4pital et pour r\u00e9gler les nombreux papiers n\u00e9cessaires pour mettre en place les soins \u00e0 domicile.<\/p>\n<p>Lorsque Fernando est rentr\u00e9 \u00e0 la maison, j\u2019ai affront\u00e9 les difficult\u00e9s de la vie quotidienne pour l\u2019assister jour et nuit, et j\u2019ai appris \u00e0 utiliser les instruments n\u00e9cessaires pour garantir sa vie. La nuit, mes oreilles sont toujours vigilantes et mon sommeil, souvent interrompu. Mais, si quelques fois je suis un peu tendue, le regard amoureux de Fernando me soutient toujours.<\/p>\n<p>Durant ces quatre ans, j\u2019ai exp\u00e9riment\u00e9 continuellement que Dieu est P\u00e8re et est pr\u00e9sent chaque jour, de la plus inattendue des mani\u00e8res, surtout \u00e0 travers les fr\u00e8res. Un matin, le docteur venu pour les soins \u00e0 domicile me trouve au lit, parce que je me sentais mal. Alors, apr\u00e8s avoir accompli son travail, elle pr\u00e9pare la soupe, remplit le lave-linge et donne \u00e0 manger \u00e0 Fernando.<\/p>\n<p>De petites actions similaires se produisent chaque jour. Un dimanche, la r\u00e9serve de gants n\u00e9cessaires pour les services d\u2019assistance \u00e9tait \u00e9puis\u00e9e et, \u00e0 ce moment-l\u00e0, arrive la voisine qui, sans rien savoir, m\u2019apporte une bo\u00eete de cent gants. Les petites formalit\u00e9s de tous les jours trouvent aussi une solution, parce que quelqu\u2019un sonne \u00e0 la porte et dit\u00a0: <em>\u201c<\/em><em>Tu as des factures \u00e0 payer\u00a0?<\/em><em>\u201d<\/em><em>.<\/em><\/p>\n<p>Fernando n\u2019est pas un malade difficile\u00a0: avec ses 87 ans, la joie et la bonne humeur envers tous pr\u00e9dominent en lui. Il se tient inform\u00e9 et continue \u00e0 suivre plus particuli\u00e8rement la politique et surtout l\u2019\u00e9cole du <strong>Mouvement politique pour l\u2019unit\u00e9.<\/strong> Il a \u00e9t\u00e9 maire de Ghilarza (Oristano) pour trois mandats et directeur du CED (Centre de traitement des donn\u00e9es, R\u00e9gion Sardaigne). Il a sp\u00e9cialement dans son c\u0153ur les jeunes, auxquels il sugg\u00e8re de s\u2019engager en politique et recommande\u00a0: <em>\u201c<\/em><em>Il est n\u00e9cessaire de faire la purification de la pens\u00e9e<\/em><em>\u201d<\/em><em>.<\/em><em><\/em><\/p>\n<p>Pendant ce temps, la maladie \u00e9volue et emp\u00eache les actions les plus simples et \u00e9l\u00e9mentaires, mais il vit cette r\u00e9alit\u00e9 dans une dimension \u201cc\u00e9leste\u201d, en cherchant \u00e0 faire la volont\u00e9 de Dieu avec simplicit\u00e9, comme lorsqu\u2019il allait bien. Sa foi soutient nous tous qui l&rsquo;entourons. Si quelqu\u2019un vient lui rendre visite et le plaint, il me confie ensuite\u00a0: <em>\u201c<\/em><em>Eux parlent de mort, moi je sens la vie qui d\u00e9borde\u00a0!<\/em><em>\u201d<\/em><em> <\/em>et il n&rsquo;h\u00e9site pas \u00e0 communiquer \u00e0 des croyants et non-croyants son exp\u00e9rience et philosophie de vie\u00a0: <em>\u201c<\/em><em>Je me remets compl\u00e8tement \u00e0 Dieu, comme J\u00e9sus.<\/em><em> <\/em><em>Lorsque j\u2019ai peur, je ne crains pas.<\/em><em> <\/em><em>La peur d\u00e9truit la vie\u201d.\u00a0\u00bb<\/em><em><\/em><\/p>\n<p><strong><\/p>\n<p><\/strong><\/p>\n","protected":false},"excerpt":{"rendered":"<p>C\u2019est une exp\u00e9rience de lumi\u00e8re dans un monde travers\u00e9 par l\u2019obscurit\u00e9 de la mort celle que vivent Fernando et sa femme Maria \u00e0 Cagliari (Italie), en surmontant la peur qui na\u00eet \u00e0 la seule prononciation du mot SLA, Scl\u00e9rose lat\u00e9rale amyotrophique.<\/p>\n","protected":false},"author":27,"featured_media":0,"comment_status":"open","ping_status":"open","sticky":false,"template":"","format":"standard","meta":{"give_campaign_id":0,"_seopress_robots_primary_cat":"","_seopress_titles_title":"","_seopress_titles_desc":"","_seopress_robots_index":"","_et_pb_use_builder":"","_et_pb_old_content":"","_et_gb_content_width":"","footnotes":""},"categories":[906],"tags":[],"class_list":["post-352054","post","type-post","status-publish","format-standard","hentry","category-focolare-worldwide-2-3"],"_links":{"self":[{"href":"https:\/\/www.focolare.org\/fr\/wp-json\/wp\/v2\/posts\/352054","targetHints":{"allow":["GET"]}}],"collection":[{"href":"https:\/\/www.focolare.org\/fr\/wp-json\/wp\/v2\/posts"}],"about":[{"href":"https:\/\/www.focolare.org\/fr\/wp-json\/wp\/v2\/types\/post"}],"author":[{"embeddable":true,"href":"https:\/\/www.focolare.org\/fr\/wp-json\/wp\/v2\/users\/27"}],"replies":[{"embeddable":true,"href":"https:\/\/www.focolare.org\/fr\/wp-json\/wp\/v2\/comments?post=352054"}],"version-history":[{"count":0,"href":"https:\/\/www.focolare.org\/fr\/wp-json\/wp\/v2\/posts\/352054\/revisions"}],"wp:attachment":[{"href":"https:\/\/www.focolare.org\/fr\/wp-json\/wp\/v2\/media?parent=352054"}],"wp:term":[{"taxonomy":"category","embeddable":true,"href":"https:\/\/www.focolare.org\/fr\/wp-json\/wp\/v2\/categories?post=352054"},{"taxonomy":"post_tag","embeddable":true,"href":"https:\/\/www.focolare.org\/fr\/wp-json\/wp\/v2\/tags?post=352054"}],"curies":[{"name":"wp","href":"https:\/\/api.w.org\/{rel}","templated":true}]}}