{"id":352062,"date":"2012-05-07T06:00:36","date_gmt":"2012-05-07T04:00:36","guid":{"rendered":"https:\/\/www.focolare.org\/institut-universitaire-sophia-le-nouveau-portail-est-en-ligne\/"},"modified":"2024-06-06T12:41:49","modified_gmt":"2024-06-06T10:41:49","slug":"institut-universitaire-sophia-le-nouveau-portail-est-en-ligne","status":"publish","type":"post","link":"https:\/\/www.focolare.org\/fr\/institut-universitaire-sophia-le-nouveau-portail-est-en-ligne\/","title":{"rendered":"Institut universitaire Sophia : le nouveau portail est en ligne"},"content":{"rendered":"<p><strong><a href=\"http:\/\/www.iu-sophia.org\/\" target=\"_blank\" rel=\"noopener\"><img alt=\"\" alt=\"\" loading=\"lazy\" decoding=\"async\" class=\"alignleft size-full wp-image-63048\" style=\"margin-right: 10px;border: black 1px solid\" src=\"https:\/\/www.focolare.org\/wp-content\/uploads\/2012\/05\/20120507-04.jpg\" alt=\"\" width=\"375\" height=\"233\" \/><\/a><\/strong><\/p>\n<p><strong>Quatre ans apr\u00e8s sa naissance, l\u2019Institut universitaire Sophia (Loppiano, Florence \u2013 Italie) renouvelle le graphisme et le contenu de son portail.<\/strong><\/p>\n<p><strong>Avec le r\u00e9cent \u00e9toffement de la proposition formative et l\u2019introduction de nouveaux domaines de sp\u00e9cialisation <\/strong>\u2013 trois nouveaux cours\u00a0: \u00c9tudes politiques, \u00c9conomie et management, Ontologie trinitaire \u2013 le site refl\u00e8te maintenant plus fid\u00e8lement les objectifs\u00a0: fournir \u00e0 la femme et \u00e0 l\u2019homme d\u2019aujourd\u2019hui <strong>les instruments pour comprendre <\/strong>et contribuer \u00e0 recomposer la complexit\u00e9 de l\u2019\u00e9poque moderne.<\/p>\n<p><em>\u00ab\u00a0Nous avons voulu cr\u00e9er une plateforme qui communique de la fa\u00e7on la plus claire possible ce qu\u2019est et ce que fait Sophia<\/em>, explique Jos\u00e9 Luis Bomfim, Br\u00e9silien, designer responsable du projet.<em> <\/em><em>Les pages se r\u00e9v\u00e8lent graphiquement plus \u00e9pur\u00e9es, et nous visons \u00e0 fournir une information plus accessible pour permettre \u00e0 l\u2019utilisateur une plus grande navigabilit\u00e9 et richesse de contenus, en donnant des instruments suppl\u00e9mentaires pour suivre les principaux \u00e9v\u00e9nements soutenus par l\u2019Institut. <\/em><em>De plus, l\u2019int\u00e9gration avec les r\u00e9seaux sociaux, comme Facebook et Twitter, a \u00e9t\u00e9 optimis\u00e9e.<\/em><\/p>\n<p><strong>\u00a0<\/strong><strong>Les nouveaut\u00e9s du portail. <\/strong>Parmi les diff\u00e9rentes nouveaut\u00e9s, <strong>une \u00ab\u00a0Media Gallery\u00a0\u00bb plus riche en vid\u00e9os et images <\/strong>qui d\u00e9crivent au mieux la vie de l\u2019Institut et la page \u00ab\u00a0News et \u00c9v\u00e9nements\u00a0\u00bb qui donnera prochainement la possibilit\u00e9 de s\u2019enregistrer en ligne et de recevoir un courriel qui rappelle le rendez-vous le jour pr\u00e9c\u00e9dent. En outre, il sera possible de t\u00e9l\u00e9charger le calendrier des \u00e9v\u00e9nements au moyen de <em>Google Calendar <\/em>et de ressources similaires.<\/p>\n<p><strong>Un important espace est d\u00e9di\u00e9 \u00e0 l\u2019offre acad\u00e9mique, ainsi qu\u2019aux t\u00e9moignages d\u2019\u00e9tudiants et anciens \u00e9tudiants <\/strong>(enrichies par des contenus multim\u00e9dia), afin de favoriser une plus grande compr\u00e9hension de la particularit\u00e9 de Sophia au niveau acad\u00e9mique et du v\u00e9cu.<\/p>\n<p>Une page est en outre d\u00e9di\u00e9e \u00e0 la synergie \u00e9ditoriale renouvel\u00e9e avec la <strong>maison d\u2019\u00e9dition Citt\u00e0 Nuova. <\/strong>Il est possible de visionner la version num\u00e9rique de la <strong>Revue Sophia<\/strong>, en plus des collections de livres publi\u00e9s en collaboration avec Citt\u00e0 Nuova, qui peuvent \u00eatre achet\u00e9s en ligne sur le site de l\u2019\u00e9diteur.<\/p>\n<p><strong><\/p>\n<p><\/strong><\/p>\n","protected":false},"excerpt":{"rendered":"<p>Depuis quelques jours, le nouveau www.iu-sophia.org. Une plus grande navigabilit\u00e9 et accessibilit\u00e9, un important espace aux nouveaut\u00e9s de l\u2019offre formative, \u00e0 la voix des \u00e9tudiants et une page d\u00e9di\u00e9e \u00e0 la synergie avec la maison d\u2019\u00e9dition Citt\u00e0 Nuova. Une pleine int\u00e9gration sociale.<\/p>\n","protected":false},"author":34,"featured_media":0,"comment_status":"open","ping_status":"open","sticky":false,"template":"","format":"standard","meta":{"give_campaign_id":0,"_seopress_robots_primary_cat":"","_seopress_titles_title":"","_seopress_titles_desc":"","_seopress_robots_index":"","_et_pb_use_builder":"","_et_pb_old_content":"","_et_gb_content_width":"","footnotes":""},"categories":[47],"tags":[],"class_list":["post-352062","post","type-post","status-publish","format-standard","hentry","category-non-classifiee"],"_links":{"self":[{"href":"https:\/\/www.focolare.org\/fr\/wp-json\/wp\/v2\/posts\/352062","targetHints":{"allow":["GET"]}}],"collection":[{"href":"https:\/\/www.focolare.org\/fr\/wp-json\/wp\/v2\/posts"}],"about":[{"href":"https:\/\/www.focolare.org\/fr\/wp-json\/wp\/v2\/types\/post"}],"author":[{"embeddable":true,"href":"https:\/\/www.focolare.org\/fr\/wp-json\/wp\/v2\/users\/34"}],"replies":[{"embeddable":true,"href":"https:\/\/www.focolare.org\/fr\/wp-json\/wp\/v2\/comments?post=352062"}],"version-history":[{"count":0,"href":"https:\/\/www.focolare.org\/fr\/wp-json\/wp\/v2\/posts\/352062\/revisions"}],"wp:attachment":[{"href":"https:\/\/www.focolare.org\/fr\/wp-json\/wp\/v2\/media?parent=352062"}],"wp:term":[{"taxonomy":"category","embeddable":true,"href":"https:\/\/www.focolare.org\/fr\/wp-json\/wp\/v2\/categories?post=352062"},{"taxonomy":"post_tag","embeddable":true,"href":"https:\/\/www.focolare.org\/fr\/wp-json\/wp\/v2\/tags?post=352062"}],"curies":[{"name":"wp","href":"https:\/\/api.w.org\/{rel}","templated":true}]}}