{"id":352088,"date":"2012-05-18T08:03:29","date_gmt":"2012-05-18T06:03:29","guid":{"rendered":"https:\/\/www.focolare.org\/autriche-1-le-centre-mariapolis-am-spiegeln-et-la-cite-pilote-giosi\/"},"modified":"2024-06-06T12:41:55","modified_gmt":"2024-06-06T10:41:55","slug":"autriche-1-le-centre-mariapolis-am-spiegeln-et-la-cite-pilote-giosi","status":"publish","type":"post","link":"https:\/\/www.focolare.org\/fr\/autriche-1-le-centre-mariapolis-am-spiegeln-et-la-cite-pilote-giosi\/","title":{"rendered":"Autriche\/1 : Le Centre Mariapolis \u2018\u2019Am Spiegeln\u2019\u2019 et la Cit\u00e9-Pilote Giosi"},"content":{"rendered":"<p><strong><\/strong><strong><img alt=\"\" alt=\"\" loading=\"lazy\" decoding=\"async\" class=\"alignleft size-full wp-image-64149\" style=\"margin-right: 10px;border: 0pt none\" src=\"https:\/\/www.focolare.org\/wp-content\/uploads\/2012\/05\/21020518-04.jpg\" alt=\"\" width=\"293\" height=\"112\" \/><\/strong><\/p>\n<p>2012 marque pour le Mouvement des Focolari en<span style=\"text-decoration: underline\"> Autriche<\/span>\u00a0 une date importante\u00a0: voici 50 ans que <span style=\"text-decoration: underline\">l\u2019Id\u00e9al de l\u2019unit\u00e9<\/span> en commen\u00e7ant \u00e0 Insbruck, est arriv\u00e9 dans ce petit pays d\u2019une grande et riche histoire. A cette occasion, la pr\u00e9sidente Maria Voce et le co-pr\u00e9sident Giancarlo Faletti sont venus pour rencontrer la communaut\u00e9 autrichienne et pour f\u00eater ensemble cet anniversaire.<\/p>\n<p>Le programme du 15 mai pr\u00e9voyait une visite au <span style=\"text-decoration: underline\">Centre Mariapolis Seminarzentrum <\/span>(Centre de conf\u00e9rences) \u2018\u2019<span style=\"text-decoration: underline\">Am Spilgeln\u2019\u2019<\/span> et la <span style=\"text-decoration: underline\">Cit\u00e9-Pilote Giosi<\/span>, tous les deux situ\u00e9s pr\u00e8s du ch\u00e2teau de Sch\u00f6nbrunn, r\u00e9sidence estivale des Habsbourg au sud de Vienne.<\/p>\n<p>Lieu de rencontre pour tous les membres du Mouvement, pour\u00a0 sa proximit\u00e9 de la capitale, le Centre Mariapolis est aussi un lieu recherch\u00e9 pour les conf\u00e9rences et les congr\u00e8s, mais \u00e9galement lieu de vacances pour le tourisme. <em>\u00ab\u00a0Cette structure moderne immerg\u00e9e dans la nature, est une voie privil\u00e9gi\u00e9e pour la nouvelle \u00e9vang\u00e9lisation \u00e0 laquelle cette ann\u00e9e l\u2019Eglise nous<\/em> <em>appelle\u00a0<\/em>\u00bb a d\u00e9fini Maria Voce.<\/p>\n<p><strong><img alt=\"\" alt=\"\" loading=\"lazy\" decoding=\"async\" class=\"wp-image-64144 alignright\" style=\"margin-left: 10px;border: 0pt\" src=\"https:\/\/www.focolare.org\/wp-content\/uploads\/2012\/05\/21020518-03.jpg\" alt=\"\" width=\"400\" height=\"225\" \/><\/strong><\/p>\n<p>Dans l\u2019apr\u00e8s-midi, visite \u00e0 la Cit\u00e9-Pilote d\u00e9di\u00e9e \u00e0 Giosi Guella, une des premi\u00e8res focolarine\u00a0: une centaine d\u2019habitants (des familles, une communaut\u00e9 de pr\u00eatres, des focolarine et des jeunes) parmi lesquels Gerda et Hans Schwinger\u00a0; la septantaine, mais toujours jeunes d\u2019esprit, ils se sont transf\u00e9r\u00e9s dans la cit\u00e9-pilote pour participer activement \u00e0 sa construction, en laissant maison et habitudes pour commencer, en vrais pionniers, une aventure nouvelle. Ils ont racont\u00e9 leur parcours lors d\u2019une soir\u00e9e festive d\u00e9di\u00e9e \u00e0 la pr\u00e9sentation de la vie qu\u2019ils m\u00e8nent et de son rayonnement externe.<\/p>\n<p>\u00ab\u00a0<em>En pr\u00e9parant le d\u00e9m\u00e9nagement \u2013 ont-ils dit entre autre \u2013 nous nous sommes rendu compte des nombreuses choses accumul\u00e9es durant les ann\u00e9es. Nous devions choisir lesquelles garder et lesquelles donner, car dans le nouvel appartement il n\u2019y aurait pas de place pour tout. Un d\u00e9tachement r\u00e9el de tout cela n\u2019est certainement pas facile (spirituellement il nous semblait l\u2019avoir toujours eu pr\u00e9sent), et cela a demand\u00e9 chaque fois une solution commune. Mais l\u2019effet a toujours \u00e9t\u00e9 d\u2019exp\u00e9rimenter une libert\u00e9 nouvelle. Maintenant depuis trois ans nous sommes citadins de la Mariapolis Giosi et depuis le premier moment nous nous sommes sentis \u00e0 la maison. Cette vie en commun qui comprend des activit\u00e9s et des moments divers, est une croissance continuelle. Souvent nous accueillons des personnes de passage. Nous sommes aussi en contact avec quelques couples attir\u00e9s par notre style de vie. Nous voudrions donner notre temps surtout pour construire des relations personnelles authentiques\u00a0\u00bb.<\/em><\/p>\n<p><em>Oreste Paliotti<\/em><\/p>\n","protected":false},"excerpt":{"rendered":"<p>Pour les 50 ans des Focolari en Autriche, la pr\u00e9sidente Maria Voce rencontre la communaut\u00e9 locale et visite les centres du Mouvement. Le r\u00e9cit de quelques pionniers.<\/p>\n","protected":false},"author":34,"featured_media":0,"comment_status":"open","ping_status":"open","sticky":false,"template":"","format":"standard","meta":{"give_campaign_id":0,"_seopress_robots_primary_cat":"","_seopress_titles_title":"","_seopress_titles_desc":"","_seopress_robots_index":"","_et_pb_use_builder":"","_et_pb_old_content":"","_et_gb_content_width":"","footnotes":""},"categories":[906],"tags":[],"class_list":["post-352088","post","type-post","status-publish","format-standard","hentry","category-focolare-worldwide-2-3"],"_links":{"self":[{"href":"https:\/\/www.focolare.org\/fr\/wp-json\/wp\/v2\/posts\/352088","targetHints":{"allow":["GET"]}}],"collection":[{"href":"https:\/\/www.focolare.org\/fr\/wp-json\/wp\/v2\/posts"}],"about":[{"href":"https:\/\/www.focolare.org\/fr\/wp-json\/wp\/v2\/types\/post"}],"author":[{"embeddable":true,"href":"https:\/\/www.focolare.org\/fr\/wp-json\/wp\/v2\/users\/34"}],"replies":[{"embeddable":true,"href":"https:\/\/www.focolare.org\/fr\/wp-json\/wp\/v2\/comments?post=352088"}],"version-history":[{"count":0,"href":"https:\/\/www.focolare.org\/fr\/wp-json\/wp\/v2\/posts\/352088\/revisions"}],"wp:attachment":[{"href":"https:\/\/www.focolare.org\/fr\/wp-json\/wp\/v2\/media?parent=352088"}],"wp:term":[{"taxonomy":"category","embeddable":true,"href":"https:\/\/www.focolare.org\/fr\/wp-json\/wp\/v2\/categories?post=352088"},{"taxonomy":"post_tag","embeddable":true,"href":"https:\/\/www.focolare.org\/fr\/wp-json\/wp\/v2\/tags?post=352088"}],"curies":[{"name":"wp","href":"https:\/\/api.w.org\/{rel}","templated":true}]}}