{"id":352104,"date":"2012-05-23T03:00:28","date_gmt":"2012-05-23T01:00:28","guid":{"rendered":"https:\/\/www.focolare.org\/palerme-le-massacre-de-la-mafia-20-ans-apres-jeunes-en-premiere-ligne\/"},"modified":"2024-06-06T12:41:59","modified_gmt":"2024-06-06T10:41:59","slug":"palerme-le-massacre-de-la-mafia-20-ans-apres-jeunes-en-premiere-ligne","status":"publish","type":"post","link":"https:\/\/www.focolare.org\/fr\/palerme-le-massacre-de-la-mafia-20-ans-apres-jeunes-en-premiere-ligne\/","title":{"rendered":"Palerme : le massacre de la mafia, 20 ans apr\u00e8s. Jeunes en premi\u00e8re ligne."},"content":{"rendered":"<p><strong><img alt=\"\" alt=\"\" loading=\"lazy\" decoding=\"async\" class=\"alignleft  wp-image-64468\" style=\"margin-right: 10px;border: 0pt\" src=\"https:\/\/www.focolare.org\/wp-content\/uploads\/2012\/05\/1337675846.jpg\" alt=\"\" width=\"360\" height=\"254\" \/>23 mai 1992\u00a0<\/strong>: <strong>le juge italien Giovanni Falcone meurt dans un attentat de la mafia avec sa femme et ses gardes du corps.<\/strong> <strong>57 jours plus tard, le 19 juin, un autre juge, Paolo Borsellino,<\/strong> qui, comme lui, enqu\u00eatait sur les connexions entre mafia et politique, <strong>meurt dans un second attentat.<\/strong> Ces tristes \u00e9v\u00e9nements marquent un r\u00e9veil civil, en commen\u00e7ant par les nouvelles g\u00e9n\u00e9rations, qui aujourd\u2019hui vit une nouvelle phase.<\/p>\n<p><strong>\u00c0 l\u2019occasion du 20<sup>e<\/sup> anniversaire du massacre, <\/strong>2000 \u00e9tudiants arrivent \u00e0 Palerme avec les navires de la l\u00e9galit\u00e9. Nombreuses sont <a href=\"http:\/\/www.cittanuova.it\/contenuto.php?TipoContenuto=web&amp;idContenuto=418790\" target=\"_blank\" rel=\"noopener\">les initiatives \u00e0 travers la ville<\/a>, dont celle <a href=\"https:\/\/www.focolare.org\/fr\/movimento-dei-focolari\/un-popolo\/rpu\/\" target=\"_blank\" rel=\"noopener\"><strong>des Juniors pour un Monde Uni,<\/strong><\/a> les adolescents des Focolari, qui diffuseront sur les places publiques et pr\u00e8s de l\u2019Arbre Falcone (l\u2019arbre qui a pouss\u00e9 devant la maison du juge et qui est d\u00e9sormais devenu un symbole), durant la comm\u00e9moration solennelle, un <strong><span style=\"text-decoration: underline\"><a href=\"https:\/\/www.focolare.org\/wp-content\/uploads\/2012\/05\/20120523AppelloLegalit%C3%A0RpUPalermo.pdf\" target=\"_blank\" rel=\"noopener\">message<\/a><\/span><\/strong> qui pr\u00e9sente la \u00ab\u00a0R\u00e8gle d\u2019Or\u00a0\u00bb comme fondement de la culture de la l\u00e9galit\u00e9.<\/p>\n<p>\u00ab\u00a0Notre mot d\u2019ordre est la R\u00e8gle d\u2019Or, pr\u00e9sente dans tous les livres sacr\u00e9s des plus grandes religions du monde et \u00e0 la base du Droit naturel\u00a0\u00bb, peut-on lire sur le manifeste.<\/p>\n<ul>\n<li>Dans l\u2019\u00c9vangile, elle dit\u00a0: \u00ab\u00a0Tout ce que vous voulez que les hommes fassent pour vous, faites-le vous m\u00eames pour eux\u00a0\u00bb (<em>Mt<\/em> 7,12)<\/li>\n<li>Dans l\u2019Ancien Testament\u00a0: \u00ab\u00a0Ce qui est d\u00e9testable pour toi, ne le fais pas \u00e0 ton prochain. C&rsquo;est l\u00e0 toute la loi\u00a0\u00bb (31<sup>e<\/sup> Shabbat, Talmud de Babylone)<\/li>\n<li>Dans le Coran\u00a0: \u00ab\u00a0Aucun d&rsquo;entre vous ne croit vraiment tant qu&rsquo;il n&rsquo;aime pas pour son fr\u00e8re ce qu&rsquo;il aime pour lui-m\u00eame\u00a0\u00bb (Proph\u00e8te Mahomet, Hadith 13 d\u2019An-Nawawi, dans Les 40 Hadiths d&rsquo;An-Nawawi)<\/li>\n<li>Dans le Livre sacr\u00e9 des bouddhistes\u00a0: \u00ab\u00a0N&rsquo;offensez pas les autres, de sorte que vous ne soyez pas offens\u00e9s\u00a0\u00bb (Bouddha, Udana-Varga 5, 18).<\/li>\n<\/ul>\n<p><strong>\u00ab\u00a0Vivre la R\u00e8gle d\u2019Or dans nos villes signifie aussi vivre la l\u00e9galit\u00e9\u00a0\u00bb, <\/strong>continue l\u2019appel des Juniors pour un Monde Uni. L\u2019engagement signifie donc ne pas accepter les recommandations, r\u00e9agir aux actes de violence, essayer de prendre part \u00e0 la vie de sa ville et refuser toute attitude \u00ab\u00a0mafieuse\u00a0\u00bb et la corruption.<\/p>\n<p>Leur aspiration est que la l\u00e9galit\u00e9 \u00ab\u00a0ait toujours \u00e0 l\u2019esprit le plus petit et le dernier de nos communaut\u00e9\u00a0\u00bb, \u00ab\u00a0qu\u2019elle ait \u00e0 l\u2019esprit le sang des martyrs qui a \u00e9t\u00e9 vers\u00e9 ces derni\u00e8res ann\u00e9es sur nos terres\u00a0\u00bb, dans le d\u00e9sir que ce message puisse parvenir aux Juniors pour un Monde Uni de toute l\u2019Italie et aux plus de jeunes et de personnes possibles pour \u00eatre ensemble \u00ab\u00a0la r\u00e9ponse et le fruit de ce sang des martyrs pour construire un meilleur futur pour l\u2019Italie et pour le monde\u00a0\u00bb.<\/p>\n<p>En conclusion de ce parcours sur la paix et la l\u00e9galit\u00e9, les Juniors pour un Monde Uni invitent, le 2 juin prochain, tous les jeunes de Palerme et de diff\u00e9rentes villes de la Sicile \u00e0 un rendez-vous dans un lieu symbolique\u00a0: le quartier Brancaccio. C\u2019est l\u00e0 que le pr\u00eatre tu\u00e9 par la mafia, P\u00e8re Pino Puglisi, a donn\u00e9e sa vie pour les siens, dans sa difficile mission de r\u00e9\u00e9ducation. Le mat\u00e9riel scolaire r\u00e9colt\u00e9 ce jour-l\u00e0 sera offert au coll\u00e8ge \u00ab\u00a0Puglisi\u00a0\u00bb.<\/p>\n","protected":false},"excerpt":{"rendered":"<p>2000 \u00e9tudiants attendus \u00e0 Palerme, venant de toute l\u2019Italie, avec les \u00ab navires de la l\u00e9galit\u00e9 \u00bb. Parmi les initiatives pr\u00e9vues, \u00e9galement celle des Juniors pour un Monde Uni, qui diffuseront, dans les lieux significatifs, un message qui pr\u00e9sente la \u00ab R\u00e8gle d\u2019Or \u00bb comme fondement de la culture de la l\u00e9galit\u00e9.<\/p>\n","protected":false},"author":34,"featured_media":0,"comment_status":"open","ping_status":"open","sticky":false,"template":"","format":"standard","meta":{"give_campaign_id":0,"_seopress_robots_primary_cat":"","_seopress_titles_title":"","_seopress_titles_desc":"","_seopress_robots_index":"","_et_pb_use_builder":"","_et_pb_old_content":"","_et_gb_content_width":"","footnotes":""},"categories":[906],"tags":[],"class_list":["post-352104","post","type-post","status-publish","format-standard","hentry","category-focolare-worldwide-2-3"],"_links":{"self":[{"href":"https:\/\/www.focolare.org\/fr\/wp-json\/wp\/v2\/posts\/352104","targetHints":{"allow":["GET"]}}],"collection":[{"href":"https:\/\/www.focolare.org\/fr\/wp-json\/wp\/v2\/posts"}],"about":[{"href":"https:\/\/www.focolare.org\/fr\/wp-json\/wp\/v2\/types\/post"}],"author":[{"embeddable":true,"href":"https:\/\/www.focolare.org\/fr\/wp-json\/wp\/v2\/users\/34"}],"replies":[{"embeddable":true,"href":"https:\/\/www.focolare.org\/fr\/wp-json\/wp\/v2\/comments?post=352104"}],"version-history":[{"count":0,"href":"https:\/\/www.focolare.org\/fr\/wp-json\/wp\/v2\/posts\/352104\/revisions"}],"wp:attachment":[{"href":"https:\/\/www.focolare.org\/fr\/wp-json\/wp\/v2\/media?parent=352104"}],"wp:term":[{"taxonomy":"category","embeddable":true,"href":"https:\/\/www.focolare.org\/fr\/wp-json\/wp\/v2\/categories?post=352104"},{"taxonomy":"post_tag","embeddable":true,"href":"https:\/\/www.focolare.org\/fr\/wp-json\/wp\/v2\/tags?post=352104"}],"curies":[{"name":"wp","href":"https:\/\/api.w.org\/{rel}","templated":true}]}}