{"id":352180,"date":"2012-06-14T13:46:12","date_gmt":"2012-06-14T11:46:12","guid":{"rendered":"https:\/\/www.focolare.org\/lirlande-pays-des-arcs-en-ciel\/"},"modified":"2024-06-06T12:42:13","modified_gmt":"2024-06-06T10:42:13","slug":"lirlande-pays-des-arcs-en-ciel","status":"publish","type":"post","link":"https:\/\/www.focolare.org\/fr\/lirlande-pays-des-arcs-en-ciel\/","title":{"rendered":"L\u2019Irlande, pays des arcs-en-ciel"},"content":{"rendered":"<p><a href=\"https:\/\/www.focolare.org\/wp-content\/uploads\/2012\/06\/20120614-02.jpg\"><img alt=\"\" alt=\"\" loading=\"lazy\" decoding=\"async\" class=\"wp-image-65898 alignright\" style=\"margin-left: 10px;border-width: 0px\" src=\"https:\/\/www.focolare.org\/wp-content\/uploads\/2012\/06\/20120614-02.jpg\" alt=\"\" width=\"331\" height=\"214\" \/><\/a><\/p>\n<p><strong>Curryhills (Prosperous, Kildare), 14 juin 2012 \u2013<\/strong> Dialogue tous azimuts sur les th\u00e8mes qui tiennent \u00e0 c\u0153ur au peuple irlandais. L\u2019avenir et les nouvelles g\u00e9n\u00e9rations, la crise du leadership, la r\u00e9alisation de la personne humaine et l\u2019exp\u00e9rience de l\u2019\u00e9chec, le dialogue. Puis le rapport avec l\u2019\u00c9glise et ses institutions hi\u00e9rarchiques, qui s\u2019est exacerb\u00e9 dans tout le pays avec le scandale des abus sur des mineurs.<\/p>\n<p>Nous sommes \u00e0 la mariapolis Lieta, \u00e0 35 km de Dublin. Apr\u00e8s \u00eatre intervenue au Congr\u00e8s Eucharistique, Maria Voce rencontre, avec Giancarlo Faletti, une centaine de personnes de la communaut\u00e9 et quelques responsables des divers aspects du mouvement des Focolari.<\/p>\n<p>A la question concernant l\u2019\u00c9glise, Maria Voce r\u00e9pond en \u00e9largissant l\u2019horizon et rappelle l\u2019exp\u00e9rience de Chiara Lubich\u00a0: quand le mouvement des Focolari \u00e9tait \u00e0 l\u2019\u00e9tude de la part des autorit\u00e9s eccl\u00e9siastiques et que le charisme donn\u00e9 par l\u2019Esprit n\u2019\u00e9tait pas reconnu, Chiara a continu\u00e9 \u00e0 consid\u00e9rer l\u2019\u00c9glise comme une m\u00e8re. \u00ab\u00a0Il y avait en elle un amour de fille, qui lui permettait d\u2019accueillir les moments de souffrance et de les vivre avec confiance, et d\u2019aider tous ceux qui la suivaient \u00e0 vivre ainsi\u00a0\u00bb.<\/p>\n<p><em><a href=\"https:\/\/www.focolare.org\/wp-content\/blogs.dir\/1\/files\/viaggio-irlanda-2012-arrivo-emmaus\/img_1771.jpg\"><img loading=\"lazy\" decoding=\"async\" class=\"ngg-singlepic ngg-right alignleft\" style=\"margin-right: 10px;border-width: 0px\" src=\"https:\/\/www.focolare.org\/wp-content\/blogs.dir\/1\/files\/viaggio-irlanda-2012-arrivo-emmaus\/img_1771.jpg\" alt=\"img_1771\" width=\"288\" height=\"192\" \/><\/a><\/em><\/p>\n<p>Elle continue, en revenant \u00e0 l\u2019actualit\u00e9\u00a0: \u00ab\u00a0Nous \u00e9prouvons cette douleur parce que nous nous sentons fils. Et cela fait souffrir tout le monde d\u2019entendre dire de sa m\u00e8re qu\u2019elle est mauvaise, on ne comprend plus rien\u2026 On se sent bless\u00e9 dans sa propre chair, pas dans celle d\u2019un autre. C\u2019est donc une famille qui souffre \u00e0 cause de ces d\u00e9fauts, mais qui cherche \u00e0 les soigner. Cette chose mauvaise, moi je dois la faire devenir belle par ma vie. En restant dedans, pas en m\u2019\u00e9chappant ailleurs. En souffrant ensemble et en vivant pour qu\u2019elle devienne plus belle\u00a0\u00bb.<\/p>\n<p>Maria Voce invite \u00e0 croire, avec Chiara Lubich, que Dieu est \u00e0 l\u2019\u0153uvre dans son \u00c9glise, au-del\u00e0 de notre incapacit\u00e9 \u00e0 correspondre. Giancarlo Faletti ajoute qu\u2019il ne faut pas prendre pour argent comptant tout ce que disent les m\u00e9dias, mais chercher \u00e0 se documenter, puis travailler pour la v\u00e9rit\u00e9. Mais \u00ab\u00a0ce n\u2019est qu\u2019en \u00e9tant sur la croix que nous serons capables de dire la v\u00e9rit\u00e9\u00a0\u00bb, \u00ab\u00a0en rejoignant le c\u0153ur des personnes et en apportant un souffle de vie dans ce moment sp\u00e9cial\u00a0\u00bb. \u00ab\u00a0M\u00eame si les structures traditionnelles sont \u00e9branl\u00e9es, nous ne devons pas avoir peur \u2013 conclut-il \u2013 le cas \u00e9ch\u00e9ant, il faut mettre en \u00e9vidence la primaut\u00e9 de la vie, la n\u00e9cessit\u00e9 de la communion\u00a0\u00bb.<\/p>\n<p>La derni\u00e8re question de la soir\u00e9e va dans le m\u00eame sens\u00a0: \u00ab\u00a0L\u2019\u00e9chec peut \u00eatre constructif, comme la r\u00e9ussite. Quelle est l\u2019importance de l\u2019exp\u00e9rience de nos limites personnelles\u00a0?\u00a0\u00bb. R\u00e9ponse de Maria Voce\u00a0: \u00ab\u00a0Malheur \u00e0 nous, si nous pensions ne pas nous tromper\u00a0! L\u2019exp\u00e9rience de l\u2019erreur est b\u00e9n\u00e9fique et nous am\u00e8ne \u00e0 mieux comprendre les erreurs des autres, elle nous donne la capacit\u00e9 d\u2019aimer. \u00c9videmment, nous devons les \u00e9viter, mais sans pr\u00e9sumer que nous y parviendrons. Sans nous laisser d\u00e9courager, autrement cela veut dire que nous n\u2019avons pas confiance en l\u2019amour de Dieu. Parce que nous pensons qu\u2019il nous mesure comme nous mesurons les autres, alors que son amour (\u00e0 la diff\u00e9rence du n\u00f4tre) est infini\u00a0\u00bb. Elle rappelle la fabrication des tapis \u00e0 Istanbul, o\u00f9 elle a appris ceci\u00a0: \u00ab\u00a0Les femmes qui les font laissent toujours un d\u00e9faut, pour montrer que Dieu seul est parfait. Un tapis parfait avec un petit d\u00e9faut\u00a0\u00bb. C\u2019est la m\u00e9taphore de la condition humaine, des cr\u00e9atures merveilleuses, mais fragiles et imparfaites. Cela nous permet de faire l\u2019exp\u00e9rience de l\u2019amour de Dieu qui va au-del\u00e0 de nos limites.<\/p>\n<p>\u00ab\u00a0Ces jours-ci, nous faisons ensemble un voyage pour comprendre comment \u00eatre davantage \u00c9glise \u2013 affirme David Hickey, responsable avec Juanita Majury des Focolari en Irlande \u2013 Nous avons commenc\u00e9 aujourd\u2019hui un approfondissement que nous voulons continuer\u00a0\u00bb. Juanita ajoute\u00a0: \u00ab\u00a0La participation des Focolari au Congr\u00e8s eucharistique se situe dans cette r\u00e9alit\u00e9 de foi. Croire que nous avons quelque chose \u00e0 dire et \u00e0 donner. Nous le faisons parce que nous aimons l\u2019\u00c9glise\u00a0\u00bb.<\/p>\n<p align=\"right\">Maria Chiara De Lorenzo<\/p>\n","protected":false},"excerpt":{"rendered":"<p>L\u2019arc-en-ciel est un signe d\u2019esp\u00e9rance, une esp\u00e9rance v\u00e9cue ces jours-ci au Congr\u00e8s Eucharistique et avec la visite de Maria Voce et Giancarlo Faletti \u00e0 la communaut\u00e9 des Focolari.<\/p>\n","protected":false},"author":33,"featured_media":0,"comment_status":"open","ping_status":"open","sticky":false,"template":"","format":"standard","meta":{"give_campaign_id":0,"_seopress_robots_primary_cat":"","_seopress_titles_title":"","_seopress_titles_desc":"","_seopress_robots_index":"","_et_pb_use_builder":"","_et_pb_old_content":"","_et_gb_content_width":"","footnotes":""},"categories":[47],"tags":[],"class_list":["post-352180","post","type-post","status-publish","format-standard","hentry","category-non-classifiee"],"_links":{"self":[{"href":"https:\/\/www.focolare.org\/fr\/wp-json\/wp\/v2\/posts\/352180","targetHints":{"allow":["GET"]}}],"collection":[{"href":"https:\/\/www.focolare.org\/fr\/wp-json\/wp\/v2\/posts"}],"about":[{"href":"https:\/\/www.focolare.org\/fr\/wp-json\/wp\/v2\/types\/post"}],"author":[{"embeddable":true,"href":"https:\/\/www.focolare.org\/fr\/wp-json\/wp\/v2\/users\/33"}],"replies":[{"embeddable":true,"href":"https:\/\/www.focolare.org\/fr\/wp-json\/wp\/v2\/comments?post=352180"}],"version-history":[{"count":0,"href":"https:\/\/www.focolare.org\/fr\/wp-json\/wp\/v2\/posts\/352180\/revisions"}],"wp:attachment":[{"href":"https:\/\/www.focolare.org\/fr\/wp-json\/wp\/v2\/media?parent=352180"}],"wp:term":[{"taxonomy":"category","embeddable":true,"href":"https:\/\/www.focolare.org\/fr\/wp-json\/wp\/v2\/categories?post=352180"},{"taxonomy":"post_tag","embeddable":true,"href":"https:\/\/www.focolare.org\/fr\/wp-json\/wp\/v2\/tags?post=352180"}],"curies":[{"name":"wp","href":"https:\/\/api.w.org\/{rel}","templated":true}]}}