{"id":352276,"date":"2012-08-01T04:00:29","date_gmt":"2012-08-01T02:00:29","guid":{"rendered":"https:\/\/www.focolare.org\/sociologues-bresiliens-et-italiens-en-dialogue\/"},"modified":"2024-06-06T12:42:31","modified_gmt":"2024-06-06T10:42:31","slug":"sociologues-bresiliens-et-italiens-en-dialogue","status":"publish","type":"post","link":"https:\/\/www.focolare.org\/fr\/sociologues-bresiliens-et-italiens-en-dialogue\/","title":{"rendered":"Sociologues br\u00e9siliens et italiens en dialogue"},"content":{"rendered":"<p><img alt=\"\" alt=\"\" loading=\"lazy\" decoding=\"async\" class=\"alignright size-articolo_1 wp-image-67644\" style=\"margin: 10px; border: 0px;\" title=\"20120801-03\" src=\"https:\/\/www.focolare.org\/wp-content\/uploads\/2012\/08\/20120801-03-250x187.jpg\" alt=\"\" width=\"250\" height=\"187\" \/>C\u2019est le premier s\u00e9minaire organis\u00e9 par le groupe de chercheurs de <a href=\"http:\/\/www.social-one.org\" target=\"_blank\" rel=\"noopener\"><strong>Social-One<\/strong><\/a> hors de l\u2019Europe, en dialogue avec le groupe latino-am\u00e9ricain du Mouvement anti-utilitariste en sciences sociales (M.A.U.S.S.). Nous sommes \u00e0 Olinda, dans le Nordeste du Br\u00e9sil, o\u00f9 les 6 et 7 juillet 2012 se sont r\u00e9unies environ 50 personnes, dont des professeurs, des chercheurs et des \u00e9tudiants de diff\u00e9rentes r\u00e9gions du Br\u00e9sil, ainsi qu\u2019une repr\u00e9sentation italienne. L\u2019action <em>agapique<\/em>, c\u2019est-\u00e0-dire l\u2019action mue par l\u2019amour fraternel et d\u00e9sint\u00e9ress\u00e9, \u00e9tait le th\u00e8me central du s\u00e9minaire et est aussi le noyau principal des r\u00e9flexions \u2013 certainement peu communes dans le domaine sociologique \u2013 du groupe de chercheurs li\u00e9s \u00e0 Social-One.  <strong>\u00ab\u00a0Don et action agapique\u00a0: en dialogue vers de nouvelles perspectives pour les sciences sociales\u00a0\u00bb<\/strong> \u00e9tait le titre du s\u00e9minaire, ouvert par Dr Vera Ara\u00fajo, Br\u00e9silienne, qui a soulign\u00e9 la n\u00e9cessit\u00e9 de nouvelles id\u00e9es \u2013 comme l&rsquo;<em>agap\u00e8<\/em> et le <em>don<\/em> \u2013 pour interpr\u00e9ter et inspirer des comportements et des dynamiques collectives.  <strong>Douze heures de travail intense<\/strong>\u00a0: quatre conf\u00e9rences et quatre sessions parall\u00e8les, enrichies par le dialogue avec tous les participants.  <strong><img alt=\"\" alt=\"\" loading=\"lazy\" decoding=\"async\" class=\"alignright size-articolo_1 wp-image-67645\" style=\"margin: 10px; border: 0px;\" title=\"20120801-02\" src=\"https:\/\/www.focolare.org\/wp-content\/uploads\/2012\/08\/20120801-02-250x166.jpg\" alt=\"\" width=\"250\" height=\"166\" \/>Trois contributeurs italiens \u00e9taient pr\u00e9sents<\/strong>\u00a0: professeur Michele Colasanto de l\u2019Universit\u00e9 catholique de Milan, qui a mis en \u00e9vidence le r\u00f4le des concepts d\u2019<em>agap\u00e8<\/em> et <em>don<\/em> par rapport \u00e0 la construction du bien commun\u00a0; professeur Gennaro Iorio, membre du D\u00e9partement de Sociologie et Sciences politiques de l\u2019Universit\u00e9 de Salerne, qui, apr\u00e8s avoir pr\u00e9sent\u00e9 la r\u00e9flexion sur le th\u00e8me de l\u2019action agapique d\u00e9velopp\u00e9e par Social-One, a parl\u00e9 du rapport entre <em>agap\u00e8<\/em> et <em>conflit<\/em>\u00a0; Dr Licia Paglione, membre du D\u00e9partement de Sciences sociales et de la Communication de l\u2019Institut universitaire Sophia de Loppiano, qui a propos\u00e9 une lecture du rapport entre les concepts de <em>don<\/em> et <em>amour<\/em>, en commen\u00e7ant par le travail du sociologue russe P. A. Sorokin (1889-1968).  Durant les sessions parall\u00e8les, <strong>cinq travaux \u00e9labor\u00e9s par des groupes de professeurs et d\u2019\u00e9tudiants br\u00e9siliens<\/strong> de diff\u00e9rentes universit\u00e9s ont \u00e9t\u00e9 en outre pr\u00e9sent\u00e9s et plongeaient les th\u00e8mes trait\u00e9s dans la r\u00e9alit\u00e9 acad\u00e9mique et sociale br\u00e9silienne.  Maria J\u00falia Izidoro, \u00e2g\u00e9e de vingt ans, parle d\u2019un vaste horizon ouvert, c\u2019est-\u00e0-dire la possibilit\u00e9 de \u00ab\u00a0parler d\u2019<em>amour<\/em> aussi dans les salles universitaires\u00a0\u00bb. Alors que pour Maria Eduarda Couto <em>\u00ab\u00a0un mur s\u2019est \u00e9croul\u00e9 entre nous les jeunes et les \u00ab\u00a0dinosaures\u00a0\u00bb des sciences sociales.<\/em><em> <\/em><em>Des scientifiques accomplis qui nous ont \u00e9cout\u00e9s avec attention\u00a0\u00bb, <\/em>affirme-t-elle<em>.<\/em> Le tr\u00e8s jeune Lucas Francisco da Silva Jr se d\u00e9clare <em>\u00ab\u00a0impressionn\u00e9 par la proposition, vu que la soci\u00e9t\u00e9 a besoin de changements et l\u2019introduction du concept d\u2019action agapique dans les relations sociales rendra le monde meilleur\u00a0\u00bb<\/em>. Saulo Miranda a \u00e9t\u00e9 touch\u00e9 par la <em>\u00ab\u00a0pr\u00e9sence de jeunes int\u00e9ress\u00e9s et capables d\u2019approfondir ces th\u00e8mes dans leurs propres \u00e9tudes acad\u00e9miques\u00a0\u00bb<\/em>. Le commentaire de Simone Alves, un des participants, est int\u00e9ressant\u00a0:<strong> <\/strong><em>\u00ab\u00a0J\u2019ai acquis un bagage th\u00e9orique important, mais la chose fondamentale a justement \u00e9t\u00e9 l&rsquo;exp\u00e9rience de l&rsquo;amour, de cette action agapique que j\u2019ai trouv\u00e9e dans les relations entre les personnes qui sont ici\u00a0\u00bb.<\/em> <img alt=\"\" alt=\"\" loading=\"lazy\" decoding=\"async\" class=\"alignleft size-articolo_1 wp-image-67646\" style=\"margin: 10px; border: 0px;\" title=\"20120801-01\" src=\"https:\/\/www.focolare.org\/wp-content\/uploads\/2012\/08\/20120801-01-250x165.jpg\" alt=\"\" width=\"250\" height=\"165\" \/> <em>\u00ab\u00a0Ce s\u00e9minaire laisse pour h\u00e9ritage<\/em> \u2013 conclut Lucas Galindo, coordinateur du s\u00e9minaire \u2013 <em>l\u2019ouverture d\u2019esprit, de c\u0153ur et d\u2019\u00e2me pour un dialogue f\u00e9cond qui nous fait esp\u00e9rer que l\u2019action agapique (l\u2019amour) a une forte incidence dans la vie sociale.\u00a0\u00bb<\/em> <strong><\/strong><\/p>\n","protected":false},"excerpt":{"rendered":"<p>\u00c0 Olinda, au Br\u00e9sil, un s\u00e9minaire d\u2019\u00e9tudes pour solliciter un changement social.<\/p>\n","protected":false},"author":34,"featured_media":0,"comment_status":"open","ping_status":"open","sticky":false,"template":"","format":"standard","meta":{"give_campaign_id":0,"_seopress_robots_primary_cat":"","_seopress_titles_title":"","_seopress_titles_desc":"","_seopress_robots_index":"","_et_pb_use_builder":"","_et_pb_old_content":"","_et_gb_content_width":"","footnotes":""},"categories":[906],"tags":[],"class_list":["post-352276","post","type-post","status-publish","format-standard","hentry","category-focolare-worldwide-2-3"],"_links":{"self":[{"href":"https:\/\/www.focolare.org\/fr\/wp-json\/wp\/v2\/posts\/352276","targetHints":{"allow":["GET"]}}],"collection":[{"href":"https:\/\/www.focolare.org\/fr\/wp-json\/wp\/v2\/posts"}],"about":[{"href":"https:\/\/www.focolare.org\/fr\/wp-json\/wp\/v2\/types\/post"}],"author":[{"embeddable":true,"href":"https:\/\/www.focolare.org\/fr\/wp-json\/wp\/v2\/users\/34"}],"replies":[{"embeddable":true,"href":"https:\/\/www.focolare.org\/fr\/wp-json\/wp\/v2\/comments?post=352276"}],"version-history":[{"count":0,"href":"https:\/\/www.focolare.org\/fr\/wp-json\/wp\/v2\/posts\/352276\/revisions"}],"wp:attachment":[{"href":"https:\/\/www.focolare.org\/fr\/wp-json\/wp\/v2\/media?parent=352276"}],"wp:term":[{"taxonomy":"category","embeddable":true,"href":"https:\/\/www.focolare.org\/fr\/wp-json\/wp\/v2\/categories?post=352276"},{"taxonomy":"post_tag","embeddable":true,"href":"https:\/\/www.focolare.org\/fr\/wp-json\/wp\/v2\/tags?post=352276"}],"curies":[{"name":"wp","href":"https:\/\/api.w.org\/{rel}","templated":true}]}}