{"id":352428,"date":"2012-09-17T13:35:27","date_gmt":"2012-09-17T11:35:27","guid":{"rendered":"https:\/\/www.focolare.org\/tremblement-de-terre-emilia-le-gen-rosso-en-concert\/"},"modified":"2024-06-06T12:43:04","modified_gmt":"2024-06-06T10:43:04","slug":"tremblement-de-terre-emilia-le-gen-rosso-en-concert","status":"publish","type":"post","link":"https:\/\/www.focolare.org\/fr\/tremblement-de-terre-emilia-le-gen-rosso-en-concert\/","title":{"rendered":"Tremblement de terre Emilia : le Gen Rosso en concert"},"content":{"rendered":"<div id=\"attachment_70528\" style=\"width: 442px\" class=\"wp-caption alignleft\"><img alt=\"\" alt=\"\" loading=\"lazy\" decoding=\"async\" aria-describedby=\"caption-attachment-70528\" class=\" wp-image-70528 \" style=\"margin-right: 10px; border: 0px none;\" title=\"Pubblico poggese\" src=\"https:\/\/www.focolare.org\/wp-content\/uploads\/2012\/09\/Pubblico-poggese.jpeg\" alt=\"\" width=\"432\" height=\"288\" \/><p id=\"caption-attachment-70528\" class=\"wp-caption-text\">Le public<\/p><\/div>\n<p><strong><em>\u00ab\u00a0Assis sous une tente de la communaut\u00e9 de Poggio Renatico<\/em><\/strong><em> nous \u00e9coutons l\u2019aventure des personnes qui ont v\u00e9cu le s\u00e9isme et n\u2019ont pas perdu l\u2019esp\u00e9rance, les efforts et les projets futurs, leur fa\u00e7on inlassable de se donner.<\/em> \u00bb Ecrit Tomek Mikusinski du Gen Rosso \u00e0 la veille du spectacle.<\/p>\n<p><strong>Le groupe est accueilli sous la b\u00e2che en face de l\u2019\u00e9glise encore impraticable &#8211; <\/strong>\u00a0les images de l\u2019explosion contr\u00f4l\u00e9e du campanile de Poggio Renatico ont fait le tour du web. \u00ab\u00a0<em>Mais<\/em> <em>l\u2019Eglise c\u2019est aussi eux<\/em>\u00a0&#8211; continue Tomek &#8211;<em> Vous nous donnez la possibilit\u00e9 de raconter notre vie, la trajectoire qui nous a men\u00e9s jusqu\u2019ici, \u00e0 choisir Dieu et le suivre, les exp\u00e9riences faites et<\/em> <em>les attentes qui guident notre chemin\u2026<\/em>\u00a0\u00bb L\u2019une d\u2019entre eux nous confie\u00a0: <em>\u00ab\u00a0Je remercie tout le groupe pour le t\u00e9moignage de vie et d\u2019amour que vous avez port\u00e9 parmi nous. Les derniers \u00e9v\u00e9nements nous ayant un peu d\u00e9courag\u00e9s, nous en avions vraiment besoin\u00a0! C\u2019est une joie pour nous d\u2019avoir pu r\u00e9aliser ce grand r\u00eave.\u00a0\u00bb <\/em><\/p>\n<p><strong>S\u00e9ances <\/strong><\/p>\n<p>Le 14 septembre, le jour d\u2019avant le spctacle, on enregistre une nouvelle, l\u00e9g\u00e8re, secousse sismique. Parmi les localit\u00e9s les plus proches de l\u2019\u00e9picentre, se trouve aussi Poggio Renatico. Mais le spectacle ne s\u2019arr\u00eate pas, comme ne s\u2019est pas arr\u00eat\u00e9 le projet d\u00e9j\u00e0 visualis\u00e9 avant le s\u00e9isme de mai. Et le soir du 15 il y avait un millier de spectateurs sur le terrain de sport. Consid\u00e9rant le nombre d\u2019habitants, une famille sur trois \u00e9tait pr\u00e9sente\u00a0! Etait pr\u00e9vu aussi un terrain gratuit pour passer la nuit\u00a0 avec des tentes de camping.<\/p>\n<p><em>\u00ab\u00a0Partages, admiration, esp\u00e9rance, gratitude, amour, unit\u00e9, amiti\u00e9, ce sont seulement quelques adjectifs qui spontan\u00e9ment voudraient exprimer ce que nous avons v\u00e9cu durant cette derni\u00e8re fin de semaine<\/em>.\u00a0\u00bb Tomek \u00e9crit encore au nom du groupe\u00a0 \u00ab\u00a0<em>S\u2019\u00e9croulent les montagnes et les villes, l\u2019amour ne s\u2019\u00e9croule jamais, l\u2019amour ne s\u2019\u00e9coule jamais\u00a0; beaucoup de monde \u00a0aide, ce qui donne esp\u00e9rance et s\u00e9r\u00e9nit\u00e9<\/em>\u2026 <em>Le texte de notre chanson a r\u00e9sonn\u00e9 profond\u00e9ment. Dans la communaut\u00e9 de Peggio Renatino existe surtout une r\u00e9alit\u00e9 tangible. Nous avons v\u00e9cu des jours de vraie fraternit\u00e9\u00a0! Parce que l\u00e0 o\u00f9 l\u2019amour et l\u2019esp\u00e9rance sont fond\u00e9s sur la souffrance, Dieu passe et la Vie rena\u00eet\u00a0! Tellement de Vie\u00a0!\u00a0\u00bb<\/em><\/p>\n<p><em>\u00ab\u00a0Je me suis beaucoup recharg\u00e9e pour reprendre mon parcours personnel, souvent empli d\u2019obstacles et de difficult\u00e9s qui me mettent \u00e0 l\u2019\u00e9preuve\u00a0&#8211;<\/em> commente une fille au moment de repartir\u00a0&#8211;\u00a0<em>Merci d\u2019avoir d\u00e9montr\u00e9 qu\u2019ensemble on peut aller loin<\/em>.\u00a0\u00bb<\/p>\n<p>\u00ab\u00a0Au nom d\u2019une reconstruction historique du groupe musical international.\u00bb On lit cela sur Ferrara24heures.\u00a0 \u00ab\u00a0Le groupe, d\u00e9fini \u2018\u2018international performing arts group\u2019\u2019 (groupe artistique international), est actif depuis 1966 avec une profonde attention au social et pour ce motif a accueilli avec enthousiasme l\u2019invitation \u00e0 se produire sur notre territoire pour remonter le moral de la population boulevers\u00e9e par le tremblement de terre. Il est devenu un collaborateur dans l\u2019organisation, vu les difficult\u00e9s du moment.\u00a0Le groupe lutte pour la construction d\u2019un monde vivable, plus juste, pacifique et solidaire. Il n\u2019y a pas de concept meilleur pour faire repartir Poggio Renatico.\u00a0\u00bb<\/p>\n","protected":false},"excerpt":{"rendered":"<p>A Poggio Renatico, commune italienne touch\u00e9e par le s\u00e9isme du printemps dernier, le spectacle Dimension Ind\u00e9l\u00e9bile : la recette est d\u00e9volue \u00e0 la reconstruction.<\/p>\n","protected":false},"author":34,"featured_media":0,"comment_status":"open","ping_status":"open","sticky":false,"template":"","format":"standard","meta":{"give_campaign_id":0,"_seopress_robots_primary_cat":"","_seopress_titles_title":"","_seopress_titles_desc":"","_seopress_robots_index":"","_et_pb_use_builder":"","_et_pb_old_content":"","_et_gb_content_width":"","footnotes":""},"categories":[906],"tags":[],"class_list":["post-352428","post","type-post","status-publish","format-standard","hentry","category-focolare-worldwide-2-3"],"_links":{"self":[{"href":"https:\/\/www.focolare.org\/fr\/wp-json\/wp\/v2\/posts\/352428","targetHints":{"allow":["GET"]}}],"collection":[{"href":"https:\/\/www.focolare.org\/fr\/wp-json\/wp\/v2\/posts"}],"about":[{"href":"https:\/\/www.focolare.org\/fr\/wp-json\/wp\/v2\/types\/post"}],"author":[{"embeddable":true,"href":"https:\/\/www.focolare.org\/fr\/wp-json\/wp\/v2\/users\/34"}],"replies":[{"embeddable":true,"href":"https:\/\/www.focolare.org\/fr\/wp-json\/wp\/v2\/comments?post=352428"}],"version-history":[{"count":0,"href":"https:\/\/www.focolare.org\/fr\/wp-json\/wp\/v2\/posts\/352428\/revisions"}],"wp:attachment":[{"href":"https:\/\/www.focolare.org\/fr\/wp-json\/wp\/v2\/media?parent=352428"}],"wp:term":[{"taxonomy":"category","embeddable":true,"href":"https:\/\/www.focolare.org\/fr\/wp-json\/wp\/v2\/categories?post=352428"},{"taxonomy":"post_tag","embeddable":true,"href":"https:\/\/www.focolare.org\/fr\/wp-json\/wp\/v2\/tags?post=352428"}],"curies":[{"name":"wp","href":"https:\/\/api.w.org\/{rel}","templated":true}]}}