{"id":352496,"date":"2012-10-11T05:00:38","date_gmt":"2012-10-11T03:00:38","guid":{"rendered":"https:\/\/www.focolare.org\/public-prive-quest-ce-que-la-foi\/"},"modified":"2024-06-06T12:43:17","modified_gmt":"2024-06-06T10:43:17","slug":"public-prive-quest-ce-que-la-foi","status":"publish","type":"post","link":"https:\/\/www.focolare.org\/fr\/public-prive-quest-ce-que-la-foi\/","title":{"rendered":"Public &#8211; priv\u00e9 : qu&rsquo;est-ce que la foi ?"},"content":{"rendered":"<p><strong><a href=\"https:\/\/www.focolare.org\/wp-content\/uploads\/2012\/10\/Segno.jpg\"><img alt=\"\" alt=\"\" loading=\"lazy\" decoding=\"async\" class=\"alignright  wp-image-71933\" style=\"margin-left: 10px;border: 0pt none\" src=\"https:\/\/www.focolare.org\/wp-content\/uploads\/2012\/10\/Segno.jpg\" alt=\"\" width=\"118\" height=\"184\" \/><\/a><\/strong><\/p>\n<p>La foi est un feu qui grandit d\u2019autant plus que l\u2019on s\u2019attache \u00e0 plus d\u2019\u00e2mes\u00a0: celui qui le renferme en soi-m\u00eame risque de l\u2019\u00e9touffer, car il lui manque l\u2019oxyg\u00e8ne de la charit\u00e9. On n\u2019a pas tout fait quand on a trouv\u00e9 la foi en soi\u00a0; le devoir commence de la donner aux autres. La religion na\u00eet dans la conscience\u00a0; mais elle n\u2019y meurt pas. Elle na\u00eet et se r\u00e9pand au dehors. La renfermer en soi-m\u00eame, comme dans un \u00e9crin, c\u2019est y comprimer l\u2019immensit\u00e9 de Dieu et de l\u2019amour. Il s\u2019ensuit un petit culte \u00e0 notre mesure, tout pr\u00eat \u00e0 jalouser le culte du voisin. Le chr\u00e9tien n\u2019a pas \u00e0 s\u00e9questrer son Dieu. \u00c0 notre J\u00e9sus on substitue mon J\u00e9sus\u00a0; la catholicit\u00e9 se ratatine jusqu\u2019\u00e0 en mourir, et la solidarit\u00e9 universelle est en lambeaux.<\/p>\n<p>Cependant \u2013 et c\u2019est en cela que r\u00e9side la v\u00e9ritable\u00a0personnalit\u00e9\u00a0\u2013 l\u2019individu ne vit pas pour soi\u00a0; bien plus il vit le moins possible pour lui-m\u00eame, et son\u00a0 progr\u00e8s spirituel est un continuel renoncement \u00e0 lui-m\u00eame, parce qu\u2019en \u00e9tant au service des autres, il sert Dieu et lui-m\u00eame.<\/p>\n<p>Selon le paradoxe du Christ, celui qui pense le plus \u00e0 lui-m\u00eame, y pense en fait le moins\u00a0: c\u2019est, par exemple, l\u2019avare qui meurt de peur et de faim. Il est plus facile de se sauver par l\u2019interm\u00e9diaire des autres. En effet, Dieu donne le salut en se basant sur la r\u00e8gle des \u0153uvres accomplies par l\u2019homme, c\u2019est-\u00e0-dire les services rendus au prochain, dans lesquels l\u2019homme r\u00e9alise la loi d\u2019amour. Car il est li\u00e9 \u00e0 Dieu non seulement par la foi, mais \u00e9galement par l\u2019amour, qui se traduit en actes. Une foi soutenue par des actes, qui le mettent en rapport avec Dieu, non seulement dans une relation interpersonnelle, mais aussi en compagnie des fr\u00e8res, comme chaque enfant envers son p\u00e8re, avec une dette de solidarit\u00e9.<\/p>\n<p>Un \u00e9lan vers le haut le m\u00e8ne \u00e0 Dieu\u00a0: un \u00e9lan \u00e0 l\u2019horizontale le m\u00e8ne \u00e0 l\u2019humanit\u00e9\u00a0: les deux \u00e9lans ne sont pas ind\u00e9pendants, ils sont li\u00e9s, comme les deux axes de la croix, qui se rencontrent sur le c\u0153ur du Christ. Et plus l\u2019un s\u2019\u00e9l\u00e8ve, plus l\u2019autre se dilate. Plus on aime Dieu, plus on cherche les hommes, et en chacun d\u2019eux resplendit son image.<\/p>\n<p><em><\/em>Tir\u00e9 d&rsquo;<a href=\"https:\/\/www.focolare.org\/it\/chiara-lubich\/chi-e-chiara\/igino-giordani\/\">Igino Giordani<\/a>, Segno<em> di Contraddizione, <\/em>1933 (Citt\u00e0 Nuova, 1964- <em>pp.272-274\/ p.321)<\/em><\/p>\n<p><a href=\"http:\/\/www.iginogiordani.info\" target=\"_blank\" rel=\"noopener\">www.iginogiordani.info<\/a><\/p>\n","protected":false},"excerpt":{"rendered":"<p>Igino Giordani en parle amplement dans son ouvrage <i>Segno di contraddizione<\/i> (Signe de contradiction) publi\u00e9 en 1964. Le langage est celui de l\u2019\u00e9poque, mais il transmet toute la force passionn\u00e9e de celui qui voit la foi dans une dimension communautaire et pas seulement pour son usage personnel.<\/p>\n","protected":false},"author":34,"featured_media":0,"comment_status":"open","ping_status":"open","sticky":false,"template":"","format":"standard","meta":{"give_campaign_id":0,"_seopress_robots_primary_cat":"","_seopress_titles_title":"","_seopress_titles_desc":"","_seopress_robots_index":"","_et_pb_use_builder":"","_et_pb_old_content":"","_et_gb_content_width":"","footnotes":""},"categories":[47],"tags":[],"class_list":["post-352496","post","type-post","status-publish","format-standard","hentry","category-non-classifiee"],"_links":{"self":[{"href":"https:\/\/www.focolare.org\/fr\/wp-json\/wp\/v2\/posts\/352496","targetHints":{"allow":["GET"]}}],"collection":[{"href":"https:\/\/www.focolare.org\/fr\/wp-json\/wp\/v2\/posts"}],"about":[{"href":"https:\/\/www.focolare.org\/fr\/wp-json\/wp\/v2\/types\/post"}],"author":[{"embeddable":true,"href":"https:\/\/www.focolare.org\/fr\/wp-json\/wp\/v2\/users\/34"}],"replies":[{"embeddable":true,"href":"https:\/\/www.focolare.org\/fr\/wp-json\/wp\/v2\/comments?post=352496"}],"version-history":[{"count":0,"href":"https:\/\/www.focolare.org\/fr\/wp-json\/wp\/v2\/posts\/352496\/revisions"}],"wp:attachment":[{"href":"https:\/\/www.focolare.org\/fr\/wp-json\/wp\/v2\/media?parent=352496"}],"wp:term":[{"taxonomy":"category","embeddable":true,"href":"https:\/\/www.focolare.org\/fr\/wp-json\/wp\/v2\/categories?post=352496"},{"taxonomy":"post_tag","embeddable":true,"href":"https:\/\/www.focolare.org\/fr\/wp-json\/wp\/v2\/tags?post=352496"}],"curies":[{"name":"wp","href":"https:\/\/api.w.org\/{rel}","templated":true}]}}