{"id":352560,"date":"2012-11-01T04:00:17","date_gmt":"2012-11-01T03:00:17","guid":{"rendered":"https:\/\/www.focolare.org\/nous-ne-pouvons-nous-passer-de-vous\/"},"modified":"2024-06-06T12:43:33","modified_gmt":"2024-06-06T10:43:33","slug":"nous-ne-pouvons-nous-passer-de-vous","status":"publish","type":"post","link":"https:\/\/www.focolare.org\/fr\/nous-ne-pouvons-nous-passer-de-vous\/","title":{"rendered":"Nous ne pouvons nous passer de vous"},"content":{"rendered":"<p><em>Au cours d&rsquo;un dialogue dense avec des personnes de convictions non religieuses, Chiara Lubich, en 1995, explique pourquoi, sans les personnes non-croyantes, les Focolari perdraient leur identit\u00e9.<\/em><\/p>\n<p>\u00ab\u00a0C&rsquo;est absolument vrai\u00a0! Comme mouvement, comme \u0152uvre nouvelle, n\u00e9e dans l&rsquo;\u00c9glise, nous avons une vocation universelle.<\/p>\n<p>Par cons\u00e9quent notre devise est\u00a0: \u00ab\u00a0Que tous soient un\u00a0\u00bb. Or, ce \u00ab\u00a0tous\u00a0\u00bb vous englobe vous aussi. <strong>Nous ne pouvons nous passer de vous, parce que vous \u00eates englob\u00e9s dans ce \u00ab\u00a0tous\u00a0\u00bb,<\/strong> autrement nous \u00e9carterions la moiti\u00e9 du monde ou un tiers du monde et nous l&rsquo;exclurions. Au contraire, nous disons\u00a0: \u00ab\u00a0Que tous soient un\u00a0\u00bb.<\/p>\n<p>Bien s\u00fbr, nous devons \u00eatre \u00ab\u00a0un\u00a0\u00bb comme nous le pouvons. \u00c0 pr\u00e9sent, nous serons \u00ab\u00a0un\u00a0\u00bb dans les valeurs ou dans d&rsquo;autres id\u00e9es, nous serons \u00ab\u00a0un\u00a0\u00bb en quelque chose de concret\u00a0\u00bb.<\/p>\n<p><em>Chiara Lubich aux amis de convictions non religieuses, Loppiano, 7\u00a0mai 1995<\/em><\/p>\n<p><em>Publi\u00e9 sur \u00ab\u00a0DiaLogos\u00a0\u00bb, CNx, 2\u00a0septembre 2012<\/em><\/p>\n","protected":false},"excerpt":{"rendered":"<p>Comment Chiara Lubich consid\u00e9raient les personnes non-croyantes<\/p>\n","protected":false},"author":34,"featured_media":0,"comment_status":"open","ping_status":"open","sticky":false,"template":"","format":"standard","meta":{"give_campaign_id":0,"_seopress_robots_primary_cat":"","_seopress_titles_title":"","_seopress_titles_desc":"","_seopress_robots_index":"","_et_pb_use_builder":"","_et_pb_old_content":"","_et_gb_content_width":"","footnotes":""},"categories":[47],"tags":[],"class_list":["post-352560","post","type-post","status-publish","format-standard","hentry","category-non-classifiee"],"_links":{"self":[{"href":"https:\/\/www.focolare.org\/fr\/wp-json\/wp\/v2\/posts\/352560","targetHints":{"allow":["GET"]}}],"collection":[{"href":"https:\/\/www.focolare.org\/fr\/wp-json\/wp\/v2\/posts"}],"about":[{"href":"https:\/\/www.focolare.org\/fr\/wp-json\/wp\/v2\/types\/post"}],"author":[{"embeddable":true,"href":"https:\/\/www.focolare.org\/fr\/wp-json\/wp\/v2\/users\/34"}],"replies":[{"embeddable":true,"href":"https:\/\/www.focolare.org\/fr\/wp-json\/wp\/v2\/comments?post=352560"}],"version-history":[{"count":0,"href":"https:\/\/www.focolare.org\/fr\/wp-json\/wp\/v2\/posts\/352560\/revisions"}],"wp:attachment":[{"href":"https:\/\/www.focolare.org\/fr\/wp-json\/wp\/v2\/media?parent=352560"}],"wp:term":[{"taxonomy":"category","embeddable":true,"href":"https:\/\/www.focolare.org\/fr\/wp-json\/wp\/v2\/categories?post=352560"},{"taxonomy":"post_tag","embeddable":true,"href":"https:\/\/www.focolare.org\/fr\/wp-json\/wp\/v2\/tags?post=352560"}],"curies":[{"name":"wp","href":"https:\/\/api.w.org\/{rel}","templated":true}]}}