{"id":352608,"date":"2012-11-17T06:00:23","date_gmt":"2012-11-17T05:00:23","guid":{"rendered":"https:\/\/www.focolare.org\/netone-rencontre-en-ligne-les-bonnes-nouvelles-suffisent-elle\/"},"modified":"2024-06-06T12:43:43","modified_gmt":"2024-06-06T10:43:43","slug":"netone-rencontre-en-ligne-les-bonnes-nouvelles-suffisent-elle","status":"publish","type":"post","link":"https:\/\/www.focolare.org\/fr\/netone-rencontre-en-ligne-les-bonnes-nouvelles-suffisent-elle\/","title":{"rendered":"NetOne, rencontre en ligne: les bonnes nouvelles suffisent-elle?"},"content":{"rendered":"<p><a title=\"NetOne\" href=\"http:\/\/www.net-one.org\" target=\"_blank\" rel=\"noopener\"><img alt=\"\" alt=\"\" loading=\"lazy\" decoding=\"async\" class=\"size-full wp-image-74382 alignright\" style=\"margin-left: 10px;border: 0px none\" src=\"https:\/\/www.focolare.org\/wp-content\/uploads\/2012\/11\/NetOne.jpg\" alt=\"\" width=\"200\" height=\"60\" \/><\/a><\/p>\n<p><em>Les bonnes nouvelles suffisent-elles?<\/em> Cette th\u00e9matique a \u00e9t\u00e9 au centre de la rencontre en ligne qui, vendredi 9 novembre 2012, a reli\u00e9 301 points de diff\u00e9rentes nations. Il est possible d&rsquo;y acc\u00e9der au d\u00e9part du site: <a href=\"http:\/\/www.net-one.org\/\">http:\/\/www.net-one.org<\/a>.<\/p>\n<p>Net One rassemble dans leur plus grande diversit\u00e9 des professionnels du monde des media et de la communication: des journalistes, des r\u00e9alisateurs, des \u00e9tudiants, des universitaires, des photographes, des publicitaires\u2026 Son caract\u00e8re international et les points de vue qu&rsquo;elle adopte \u00e0 propos des th\u00e8mes et des probl\u00e8mes du secteur, l&rsquo;accent mis sur l&rsquo;action, sur l&rsquo;engagement personnel \u00e0 c\u00f4t\u00e9 de la pens\u00e9e et des mots, sont une expression concr\u00e8te de l&rsquo;id\u00e9al de fraternit\u00e9 universelle de Chiara Lubich, sur lequel Net One fonde sa mission: les media pour un monde uni (<em>media for a united world<\/em><em>)<\/em>.<\/p>\n<p><strong><img alt=\"\" alt=\"\" loading=\"lazy\" decoding=\"async\" class=\"alignleft size-full wp-image-74381\" style=\"margin-right: 10px;border: 0px none\" src=\"https:\/\/www.focolare.org\/wp-content\/uploads\/2012\/11\/ValterHugoMuniz.jpg\" alt=\"\" width=\"150\" height=\"189\" \/><\/strong><\/p>\n<p>La diffusion directe a amen\u00e9 \u00e0 constater cette question: \u00ab\u00a0les bonnes nouvelles suffisent-elles, r\u00e9pondre aux interrogations pressantes de la soci\u00e9t\u00e9? Comment interpr\u00e9ter ou r\u00e9interpr\u00e9ter, comment les communicants peuvent-ils mettre les choses au diapason dans une optique de service du prochain? C&rsquo;est que le journalisme (et les journalistes) ne poursuivent pas des objectifs purement commerciaux. C&rsquo;est de ce principe qu&rsquo;est parti Valter Hugo Muniz, pour lequel un journaliste devrait avoir conscience du fait que l&rsquo;information est avant tout vou\u00e9e \u00e0 servir l&rsquo;homme et la communaut\u00e9 humaine.<\/p>\n<p>Sont en outre intervenus \u00e0 la rencontre sur le Web: dela Belgique, Paolo Aversano, chercheur dans le domaine de la mod\u00e9lisation d&rsquo;affaires et les villes intelligentes (Business Modelling &amp; Smart Cities) \u00e0 l&rsquo;universit\u00e9 VUB de Bruxelles; de Bari, Emanuela Megli Armenio, formatrice professionnelle sp\u00e9cialis\u00e9e en comunication ainsi que Domenica Calabrese, Pr\u00e9sident de l&rsquo;Association locale <a href=\"https:\/\/www.focolare.org\/fr\/chiara-lubich\/chi-e-chiara\/igino-giordani\/\" target=\"_blank\" rel=\"noopener\"><strong>Igino Giordani<\/strong><\/a>. On a parl\u00e9 de commission des sages, de fronti\u00e8res nouvelles offertes par le Web, d&rsquo;opportunit\u00e9s telles que l&rsquo;interculturalit\u00e9 et le dialogue.<\/p>\n<p>Parmi les invit\u00e9s, Jos\u00e9 Andr\u00e9s Sardina, architecte espagnol, qui a s\u00e9journ\u00e9 et travaill\u00e9 quelques ann\u00e9es \u00e0 Cuba, a pr\u00e9sent\u00e9 un aper\u00e7u, une sorte de plan en coupe de la partialit\u00e9 de l\u2019information relative aux d\u00e9vastations provoqu\u00e9es par l&rsquo;ouragan Sandy. Il a montr\u00e9 des images du d\u00e9sastre en fournissant un certain nombre de donn\u00e9es \u00e9manant de la Croix rouge relative \u00e0 la ville de Santiago de Cuba: 9 morts, 5.000 maisons d\u00e9truites, 27.000 sans abri et plus de 100.000 personnes dont la maison est endommag\u00e9e, repr\u00e9sentant un montant estim\u00e9 \u00e0 88 millions de dollars.<\/p>\n<p>S&rsquo;en est suivi le r\u00e9cit de deux rencontres des Focolari, de la voix m\u00eame des personnes qui les ont v\u00e9cues: Jessica Valle de l&rsquo;\u00e9quipe de communication sociale (<em>Social communication team<\/em>) du <strong>Genfest 2012 <\/strong>(manifestation mondiale de jeunes qui s&rsquo;est tenue \u00e0 Budapest) et Michele Zanzucchi, directeur de <strong>Citt\u00e0 Nuova<\/strong>, l&rsquo;un des promoteurs de LoppianoLab: un laboratoire incitant \u00e0 la r\u00e9flexion \u00e0 propos de l&rsquo;Italie et de ses d\u00e9fis et \u00e0 la conception de projets destin\u00e9s \u00e0 leur r\u00e9pondre concr\u00e8tement.<\/p>\n<p>Nedo Pozzi, coordinateur de la commission internationale de Net One, a conclu la rencontre sur le Web en rappellant l&rsquo;intervention de Chiara Lubich \u00e0 l\u2019ONU (mai 1997), dans laquelle Chiara a soulign\u00e9 l&rsquo;importance de la pratique de l&rsquo;Evangile. \u00abIl faut vivre! Non pas enseigner, mais faire [\u2026] Essayons de nous mettre \u00e0 nous aimer, y compris ici \u00e0 l\u2019ONU, l&rsquo;un vis-\u00e0-vis de l&rsquo;autre, un ambassadeur vis-\u00e0-vis de l&rsquo;autre, un fonctionnaire vis-\u00e0-vis de l&rsquo;autre. Nous voyons alors ce qui en ressort. Il devrait en ressortir la pr\u00e9sence du Christ au milieu d&rsquo;eux. Et qu&rsquo;est-ce que cela signifierait? La paix serait assur\u00e9e pour eux comme d&rsquo;ailleurs pour tant de personnes\u00bb. Une invitation qui, dans son essence, peut certainement \u00eatre accueillie par tous ceux qui oeuvrent \u00e0 la communication.<\/p>\n<p><em>de Maria Rosa Logozzo <\/em><em>(Source<\/em>: <a href=\"http:\/\/www.zenit.org\/index.php?l=italian\">ZENIT.org<\/a>, 14 novembre 2012)<\/p>\n","protected":false},"excerpt":{"rendered":"<p>Rencontre en ligne, ce 9 novembre, de l\u2019association qui rassemble des sp\u00e9cialistes en communication du monde des media et de la comunication. Objectif: une information correcte au service de la personne.<\/p>\n","protected":false},"author":34,"featured_media":0,"comment_status":"open","ping_status":"open","sticky":false,"template":"","format":"standard","meta":{"give_campaign_id":0,"_seopress_robots_primary_cat":"","_seopress_titles_title":"","_seopress_titles_desc":"","_seopress_robots_index":"","_et_pb_use_builder":"","_et_pb_old_content":"","_et_gb_content_width":"","footnotes":""},"categories":[47],"tags":[],"class_list":["post-352608","post","type-post","status-publish","format-standard","hentry","category-non-classifiee"],"_links":{"self":[{"href":"https:\/\/www.focolare.org\/fr\/wp-json\/wp\/v2\/posts\/352608","targetHints":{"allow":["GET"]}}],"collection":[{"href":"https:\/\/www.focolare.org\/fr\/wp-json\/wp\/v2\/posts"}],"about":[{"href":"https:\/\/www.focolare.org\/fr\/wp-json\/wp\/v2\/types\/post"}],"author":[{"embeddable":true,"href":"https:\/\/www.focolare.org\/fr\/wp-json\/wp\/v2\/users\/34"}],"replies":[{"embeddable":true,"href":"https:\/\/www.focolare.org\/fr\/wp-json\/wp\/v2\/comments?post=352608"}],"version-history":[{"count":0,"href":"https:\/\/www.focolare.org\/fr\/wp-json\/wp\/v2\/posts\/352608\/revisions"}],"wp:attachment":[{"href":"https:\/\/www.focolare.org\/fr\/wp-json\/wp\/v2\/media?parent=352608"}],"wp:term":[{"taxonomy":"category","embeddable":true,"href":"https:\/\/www.focolare.org\/fr\/wp-json\/wp\/v2\/categories?post=352608"},{"taxonomy":"post_tag","embeddable":true,"href":"https:\/\/www.focolare.org\/fr\/wp-json\/wp\/v2\/tags?post=352608"}],"curies":[{"name":"wp","href":"https:\/\/api.w.org\/{rel}","templated":true}]}}