{"id":352678,"date":"2012-12-18T08:30:04","date_gmt":"2012-12-18T07:30:04","guid":{"rendered":"https:\/\/www.focolare.org\/un-prix-destine-aux-jeunes-pour-un-monde-uni-de-la-hongrie\/"},"modified":"2024-06-06T12:43:57","modified_gmt":"2024-06-06T10:43:57","slug":"un-prix-destine-aux-jeunes-pour-un-monde-uni-de-la-hongrie","status":"publish","type":"post","link":"https:\/\/www.focolare.org\/fr\/un-prix-destine-aux-jeunes-pour-un-monde-uni-de-la-hongrie\/","title":{"rendered":"Un prix destin\u00e9 aux \u2018\u2019Jeunes pour un Monde Uni\u2019\u2019 de la Hongrie"},"content":{"rendered":"<p><strong><\/strong><a href=\"https:\/\/www.focolare.org\/wp-content\/uploads\/2012\/12\/20121218-02.jpg\"><img alt=\"\" alt=\"\" loading=\"lazy\" decoding=\"async\" class=\"alignleft  wp-image-76194\" style=\"margin-right: 10px;border: 0px none\" src=\"https:\/\/www.focolare.org\/wp-content\/uploads\/2012\/12\/20121218-02.jpg\" alt=\"\" width=\"384\" height=\"253\" \/><\/a><\/p>\n<p>Cela n\u2019arrive pas tous les jours de franchir le seuil d\u2019un minist\u00e8re pour recevoir une reconnaissance officielle. C\u2019est ce qui est arriv\u00e9 aux Jeunes pour Un Monde Uni (JPMU) de la Hongrie, qui, durant plus d\u2019une ann\u00e9e ont travaill\u00e9 dur dans leur Pays, pour la r\u00e9alisation du Genfest. Ce grand \u00e9v\u00e9nement avait rassembl\u00e9 dans la capitale hongroise 12.000 jeunes du monde entier, du 31 ao\u00fbt au 2 septembre 2012. Parmi eux, 2000 \u00e9taient hongrois. Rita et Agoston, parmi les protagonistes, nous parlent de ce prix re\u00e7u \u00e0 la fin du mois de novembre.<\/p>\n<p><strong>Pourquoi ce prix\u00a0? <\/strong>\u00ab\u00a0D\u00e9but octobre le minist\u00e8re des Ressources Humaines hongroises nous a envoy\u00e9 un message nous communiquant que, comme <strong>reconnaissance de notre professionnalit\u00e9, <\/strong>d\u00e9montr\u00e9e au Genfest \u00e9tait attribu\u00e9 aux Jeunes pour un Monde Uni des Focolari une attestation de m\u00e9rite. Nous sommes rest\u00e9s surpris et heureux de cette nouvelle qui s\u2019est rapidement diffus\u00e9e parmi les jeunes du Mouvement. Le ministre, acceptant notre candidature, d\u00e9cernait un prix \u00e0 la section des jeunes du Mouvement des Focolari, en nous invitant \u00e0 la distribution des prix qui a eu lieu le 20 novembre \u00e0 l\u2019occasion de la <strong><a href=\"http:\/\/www.un.org\/fr\/events\/childrenday\/\">Journ\u00e9e mondiale de l\u2019enfance<\/a>.\u00a0\u00bb<\/strong><\/p>\n<p><a href=\"https:\/\/www.focolare.org\/wp-content\/uploads\/2012\/12\/20121218-03.jpg\"><img alt=\"\" alt=\"\" loading=\"lazy\" decoding=\"async\" class=\"wp-image-76195 alignright\" style=\"margin-left: 10px;border: 0px none\" src=\"https:\/\/www.focolare.org\/wp-content\/uploads\/2012\/12\/20121218-03.jpg\" alt=\"\" width=\"246\" height=\"165\" \/><\/a><\/p>\n<p>La nomination des JPMU a \u00e9t\u00e9 propos\u00e9e par une personne du Minist\u00e8re qui \u00e9tait pr\u00e9sent &#8211; avec le sous-secr\u00e9taire d\u2019Etat pour la famille et la jeunesse, <strong>Miklos Solt\u00e9sz &#8211; <\/strong>\u00e0 l\u2019ouverture du Genfest. \u00ab\u00a0Tous les deux \u2013 continuent Rita et Agoston \u2013 \u00e9taient impressionn\u00e9s par le dynamisme, l\u2019enthousiasme et l\u2019exp\u00e9rience de fraternit\u00e9 v\u00e9cus par les jeunes tous ensemble.\u00a0\u00bb<\/p>\n<p>C\u2019est ainsi que le 20 d\u00e9cembre, une <strong>d\u00e9l\u00e9gation form\u00e9e de cinq jeunes repr\u00e9sentant les Focolari<\/strong> et les Jeunes pour un monde uni, sont all\u00e9s au Minist\u00e8re\u00a0: \u00ab\u00a0Les prix \u2013 quatorze au total \u2013 ont \u00e9t\u00e9 attribu\u00e9s aux organisations et aux personnes qui ont effectu\u00e9 un travail sp\u00e9cial pour les enfants et pour les jeunes. Miklos Solt\u00e8sz, dans son discours, a en outre soulign\u00e9 que les laur\u00e9ats sont des \u2018\u2019<em>mod\u00e8les\u2019\u2019<\/em> qui, avec leurs travaux, leur po\u00e9sie, leurs \u00e9crits, ont form\u00e9 et \u00e9duqu\u00e9 les enfants et, \u00e0 travers eux, ont rendu un service aussi aux parents, en leur donnant soutien et aide dans les moments critiques.\u00a0\u00bb<\/p>\n<p><a href=\"https:\/\/www.focolare.org\/wp-content\/uploads\/2012\/12\/20121218-04.jpg\"><img alt=\"\" alt=\"\" loading=\"lazy\" decoding=\"async\" class=\"alignleft  wp-image-76196\" style=\"margin-right: 10px;border: 0px none\" src=\"https:\/\/www.focolare.org\/wp-content\/uploads\/2012\/12\/20121218-04.jpg\" alt=\"\" width=\"384\" height=\"253\" \/><\/a><\/p>\n<p>Selon la motivation officielle, la section des jeunes du Mouvement des Focolari a re\u00e7u l\u2019attestation du m\u00e9rite pour avoir conduit un \u00e9v\u00e9nement, tel le Genfest, <strong>collectivement, avec professionnalit\u00e9 et de fa\u00e7on efficace et exemplaire dans le secteur de la jeunesse. <\/strong>Pour les JPMU, une agr\u00e9able surprise\u00a0:\u00a0\u00ab\u00a0Le mot \u2018\u2019collectivement\u2019\u2019 nous a fait tr\u00e8s plaisir, parce qu\u2019il d\u00e9montre que notre intention de construire la fraternit\u00e9 universelle, en vivant la <span style=\"text-decoration: underline\">spiritualit\u00e9 de l\u2019unit\u00e9<\/span>, a \u00e9t\u00e9 comprise.\u00a0\u00bb<\/p>\n<p>Des perspectives ouvertes pour les jeunes hongrois, dans le post-Genfest, avec leur United World Project\u00a0: \u00ab\u00a0Apr\u00e8s la c\u00e9r\u00e9monie le sous-secr\u00e9taire d\u2019Etat a confirm\u00e9 combien, l\u2019exp\u00e9rience faite dans cette rencontre internationale a \u00e9t\u00e9 importante pour lui. Il a exprim\u00e9 aussi <strong>l\u2019esp\u00e9rance de collaborer avec nous<\/strong> dans le futur pour le bien des jeunes. Pour le remercier, nous lui avons offert un num\u00e9ro de Nouvelle Cit\u00e9 (<strong>Uj Varos) <\/strong>qui rapporte des articles sur le Genfest.\u00a0\u00bb<\/p>\n<p>\u00ab\u00a0Maintenant, concluent Rita et Agoston, avec les nombreux jeunes que nous avons accompagn\u00e9s durant ces ann\u00e9es dans les initiatives entreprises, nous continuons notre route dans la construction d\u2019un monde plus uni \u2018<strong>ensemble\u2019<\/strong>, comme le mettait en \u00e9vidence la motivation officielle de la distribution des prix.\u00a0\u00bb<\/p>\n","protected":false},"excerpt":{"rendered":"<p>Le minist\u00e8re des Ressources Humaines de la R\u00e9publique hongroise reconna\u00eet par l\u2019attribution d\u2019une  attestation de m\u00e9rite le travail effectu\u00e9 par les jeunes hongrois pour la r\u00e9alisation du Genfest \u00e0 Budapest.<\/p>\n","protected":false},"author":34,"featured_media":0,"comment_status":"open","ping_status":"open","sticky":false,"template":"","format":"standard","meta":{"give_campaign_id":0,"_seopress_robots_primary_cat":"","_seopress_titles_title":"","_seopress_titles_desc":"","_seopress_robots_index":"","_et_pb_use_builder":"","_et_pb_old_content":"","_et_gb_content_width":"","footnotes":""},"categories":[906],"tags":[],"class_list":["post-352678","post","type-post","status-publish","format-standard","hentry","category-focolare-worldwide-2-3"],"_links":{"self":[{"href":"https:\/\/www.focolare.org\/fr\/wp-json\/wp\/v2\/posts\/352678","targetHints":{"allow":["GET"]}}],"collection":[{"href":"https:\/\/www.focolare.org\/fr\/wp-json\/wp\/v2\/posts"}],"about":[{"href":"https:\/\/www.focolare.org\/fr\/wp-json\/wp\/v2\/types\/post"}],"author":[{"embeddable":true,"href":"https:\/\/www.focolare.org\/fr\/wp-json\/wp\/v2\/users\/34"}],"replies":[{"embeddable":true,"href":"https:\/\/www.focolare.org\/fr\/wp-json\/wp\/v2\/comments?post=352678"}],"version-history":[{"count":0,"href":"https:\/\/www.focolare.org\/fr\/wp-json\/wp\/v2\/posts\/352678\/revisions"}],"wp:attachment":[{"href":"https:\/\/www.focolare.org\/fr\/wp-json\/wp\/v2\/media?parent=352678"}],"wp:term":[{"taxonomy":"category","embeddable":true,"href":"https:\/\/www.focolare.org\/fr\/wp-json\/wp\/v2\/categories?post=352678"},{"taxonomy":"post_tag","embeddable":true,"href":"https:\/\/www.focolare.org\/fr\/wp-json\/wp\/v2\/tags?post=352678"}],"curies":[{"name":"wp","href":"https:\/\/api.w.org\/{rel}","templated":true}]}}