{"id":352686,"date":"2012-12-20T05:30:40","date_gmt":"2012-12-20T04:30:40","guid":{"rendered":"https:\/\/www.focolare.org\/legion-dhonneur-pour-catherine-belzung\/"},"modified":"2024-06-06T12:43:59","modified_gmt":"2024-06-06T10:43:59","slug":"legion-dhonneur-pour-catherine-belzung","status":"publish","type":"post","link":"https:\/\/www.focolare.org\/fr\/legion-dhonneur-pour-catherine-belzung\/","title":{"rendered":"L\u00e9gion d&rsquo;honneur pour Catherine Belzung"},"content":{"rendered":"<p><strong><a href=\"https:\/\/www.focolare.org\/wp-content\/uploads\/2012\/12\/20121220-02.png\"><img alt=\"\" alt=\"\" loading=\"lazy\" decoding=\"async\" class=\"alignright  wp-image-76338\" style=\"margin-left: 10px;border: 0pt none\" src=\"https:\/\/www.focolare.org\/wp-content\/uploads\/2012\/12\/20121220-02.png\" alt=\"\" width=\"302\" height=\"218\" \/><\/a>C\u2019est dans l\u2019enceinte de l\u2019Universit\u00e9 Fran\u00e7ois Rabelais \u00e0 Tours<\/strong> que, le 11 d\u00e9cembre, Catherine Belzung, professeur de neurosciences, a re\u00e7u les insignes de Chevalier de la L\u00e9gion d\u2019honneur.\u00a0Sp\u00e9cialis\u00e9e dans la psychobiologie des \u00e9motions, elle a contribu\u00e9 \u00e0 des avanc\u00e9es cruciales pour la compr\u00e9hension de l\u2019\u00eatre humain, en particulier sur la d\u00e9pression. Elle a par exemple mis en \u00e9vidence que, contrairement \u00e0 ce que l\u2019on croyait jusqu\u2019alors, dans une certaine zone du cerveau, des cellules se renouvellent et contr\u00f4lent les syst\u00e8mes hormonaux et nerveux. Mais ce qui a surtout contribu\u00e9 \u00e0 la remise de cette d\u00e9coration, c\u2019est sa capacit\u00e9 \u00e0 partager et faire partager les savoirs et les questionnements scientifiques dans une dimension humaniste. O\u00f9 chacun apporte et \u00ab\u00a0perd\u00a0\u00bb son raisonnement scientifique, pour une approche nouvelle et inattendue. Ce type de d\u00e9marche dans le dialogue est un v\u00e9ritable d\u00e9fi dans ce foisonnement universitaire o\u00f9 de nombreux points de vue multiples semblent irr\u00e9conciliables. Ses conf\u00e9rences sont suivies par de nombreux jeunes et \u00e9tudiants qui se forment ainsi \u00e0 la pratique du dialogue et ouvrent la voie \u00e0 de nouvelles recherches. Car pour Catherine, \u00ab\u00a0ce sont surtout les personnes qui dialoguent, et non les disciplines\u00a0\u00bb.<\/p>\n<p><strong>C.deP.<\/strong><\/p>\n","protected":false},"excerpt":{"rendered":"<p>Les insignes de Chevalier de la l\u00e9gion d&rsquo;honneur ont \u00e9t\u00e9 remises \u00e0 la collaboratrice de Nouvelle Cit\u00e9, qui est aussi professeur de neurosciences.<\/p>\n","protected":false},"author":34,"featured_media":0,"comment_status":"open","ping_status":"open","sticky":false,"template":"","format":"standard","meta":{"give_campaign_id":0,"_seopress_robots_primary_cat":"","_seopress_titles_title":"","_seopress_titles_desc":"","_seopress_robots_index":"","_et_pb_use_builder":"","_et_pb_old_content":"","_et_gb_content_width":"","footnotes":""},"categories":[906],"tags":[],"class_list":["post-352686","post","type-post","status-publish","format-standard","hentry","category-focolare-worldwide-2-3"],"_links":{"self":[{"href":"https:\/\/www.focolare.org\/fr\/wp-json\/wp\/v2\/posts\/352686","targetHints":{"allow":["GET"]}}],"collection":[{"href":"https:\/\/www.focolare.org\/fr\/wp-json\/wp\/v2\/posts"}],"about":[{"href":"https:\/\/www.focolare.org\/fr\/wp-json\/wp\/v2\/types\/post"}],"author":[{"embeddable":true,"href":"https:\/\/www.focolare.org\/fr\/wp-json\/wp\/v2\/users\/34"}],"replies":[{"embeddable":true,"href":"https:\/\/www.focolare.org\/fr\/wp-json\/wp\/v2\/comments?post=352686"}],"version-history":[{"count":0,"href":"https:\/\/www.focolare.org\/fr\/wp-json\/wp\/v2\/posts\/352686\/revisions"}],"wp:attachment":[{"href":"https:\/\/www.focolare.org\/fr\/wp-json\/wp\/v2\/media?parent=352686"}],"wp:term":[{"taxonomy":"category","embeddable":true,"href":"https:\/\/www.focolare.org\/fr\/wp-json\/wp\/v2\/categories?post=352686"},{"taxonomy":"post_tag","embeddable":true,"href":"https:\/\/www.focolare.org\/fr\/wp-json\/wp\/v2\/tags?post=352686"}],"curies":[{"name":"wp","href":"https:\/\/api.w.org\/{rel}","templated":true}]}}