{"id":352800,"date":"2013-02-02T06:00:56","date_gmt":"2013-02-02T05:00:56","guid":{"rendered":"https:\/\/www.focolare.org\/universite-recherche-engagement-et-sourire\/"},"modified":"2024-06-06T12:44:22","modified_gmt":"2024-06-06T10:44:22","slug":"universite-recherche-engagement-et-sourire","status":"publish","type":"post","link":"https:\/\/www.focolare.org\/fr\/universite-recherche-engagement-et-sourire\/","title":{"rendered":"Universit\u00e9, recherche, engagement et\u2026 sourire"},"content":{"rendered":"<p><strong><a href=\"https:\/\/www.focolare.org\/wp-content\/uploads\/2013\/02\/Alejandra_-Paraguay-_1.jpg\"><img alt=\"\" alt=\"\" loading=\"lazy\" decoding=\"async\" class=\"alignleft  wp-image-79117\" style=\"margin-left: 10px;margin-right: 10px\" src=\"https:\/\/www.focolare.org\/wp-content\/uploads\/2013\/02\/Alejandra_-Paraguay-_1.jpg\" alt=\"\" width=\"190\" height=\"205\" \/><\/a><\/strong><\/p>\n<p><strong>Une jeune dans la vingtaine avec un magnifique sourire, <\/strong>spontan\u00e9 et modeste: ainsi se pr\u00e9sente Alejandra Gim\u00e9nez, \u00e9tudiante en deuxi\u00e8me ann\u00e9e de m\u00e9decine \u00e0 Asunci\u00f3n, Paraguay, o\u00f9 elle vit avec ses parents et son petit fr\u00e8re. Alejandra raconte avec enthousiasme son engagement \u00e0 l\u2019universit\u00e9, dans le domaine scientifique comme dans les associations d\u2019\u00e9tudiants. Des engagements et des activit\u00e9s qui, naturellement, lui enl\u00e8vent du temps aux \u00e9tudes, pour lesquelles elle doit sacrifier de nombreuses choses qui lui plaisent. Mais elle r\u00e9ussit \u00e0 honorer tous ces engagements et aussi \u00e0 \u00e9tudier, parce qu\u2019elle r\u00e9serve toujours un temps suffisant pour sa formation spirituelle. C\u2019est pour cela qu\u2019elle se r\u00e9unit r\u00e9guli\u00e8rement avec les autres <a href=\"https:\/\/www.focolare.org\/fr\/movimento-dei-focolari\/scelte-e-impegno\/gen\/\">jeunes des Focolari<\/a>, qui la soutiennent.<\/p>\n<p>Mais laissons-la raconter.<\/p>\n<p><strong>\u00ab\u00a0J\u2019ai \u00e9t\u00e9 \u00e0 un congr\u00e8s m\u00e9dical, <\/strong>o\u00f9 il a \u00e9t\u00e9 question de mort c\u00e9r\u00e9brale et de don d&rsquo;organes. \u00c0 partir de l\u00e0, j&rsquo;ai d\u00e9cid\u00e9 d&rsquo;organiser une campagne de sensibilisation sur ce th\u00e8me. J\u2019ai contact\u00e9 la <em>Soci\u00e9t\u00e9 scientifique des \u00c9tudiants en M\u00e9decine <\/em>de l\u2019Universidad Nacional de Asunci\u00f3n (UNA) et, maintenant, j\u2019occupe le poste de directrice du D\u00e9partement d\u2019\u00c9ducation m\u00e9dicale. Avec trois coll\u00e8gues de cours, Eliana Duarte, Aracy Do Nascimento et Lilian Carrera, nous avons approfondi le sujet avec une recherche scientifique sur la connaissance et la diffusion du don d\u2019organes chez les \u00e9tudiants en m\u00e9decine. Elle a ensuite \u00e9t\u00e9 s\u00e9lectionn\u00e9e pour repr\u00e9senter mon universit\u00e9 \u00e0 une importante journ\u00e9e d\u2019\u00e9tudes \u00e0 Curitiba au Br\u00e9sil, puis, en septembre 2013, \u00e0 un congr\u00e8s international aux \u00c9mirats arabes unis.\u00a0\u00bb<\/p>\n<p><a href=\"https:\/\/www.focolare.org\/wp-content\/uploads\/2013\/02\/Alejandra_-Paraguay-_6.jpg\"><img alt=\"\" alt=\"\" loading=\"lazy\" decoding=\"async\" class=\"alignright  wp-image-79165\" style=\"margin-left: 10px;margin-right: 10px\" src=\"https:\/\/www.focolare.org\/wp-content\/uploads\/2013\/02\/Alejandra_-Paraguay-_6.jpg\" alt=\"\" width=\"191\" height=\"190\" \/><\/a><\/p>\n<p>Une autre de ses recherches concerne les \u00ab\u00a0faux r\u00e9sultats de l\u2019alcotest\u00a0\u00bb sur les automobilistes. Dans cette \u00e9tude, les \u00ab\u00a0croyances\u00a0\u00bb qui circulent parmi la population jeune s\u2019affrontent, par exemple celle qui indique qu\u2019utiliser un collutoire pour les gencives ou un sirop pour la toux rend le test positif et donc alt\u00e8re les r\u00e9sultats. Les accidents de la route sont la premi\u00e8re cause de mortalit\u00e9 chez les jeunes du Paraguay, donc alcool, accidents et don d\u2019organes sont des th\u00e8mes \u00e9troitement li\u00e9s entre eux.<\/p>\n<p>Alejandra a \u00e9t\u00e9 par la suite \u00e9lue dans d\u2019autres associations scientifiques d\u2019\u00e9tudiants et a continu\u00e9 \u00e0 organiser des activit\u00e9s de sensibilisation, dont une pour la sant\u00e9 cardiovasculaire, une sur le cancer du sein et une autre sur le diab\u00e8te. En outre, avec ses coll\u00e8gues, elle a au programme de nombreuses autres propositions pour cette nouvelle ann\u00e9e, dont \u00ab\u00a0Les Journ\u00e9es de Formation en Recherche pour \u00e9tudiants en m\u00e9decine\u00a0\u00bb.<\/p>\n<p><a href=\"https:\/\/www.focolare.org\/wp-content\/uploads\/2013\/02\/Alejandra_-Paraguay-_2.jpg\"><img alt=\"\" alt=\"\" loading=\"lazy\" decoding=\"async\" class=\"wp-image-79116 alignleft\" style=\"margin-left: 10px;margin-right: 10px\" src=\"https:\/\/www.focolare.org\/wp-content\/uploads\/2013\/02\/Alejandra_-Paraguay-_2.jpg\" alt=\"\" width=\"290\" height=\"176\" \/><\/a><\/p>\n<p>\u00ab\u00a0Effectivement \u2013 admet-elle \u2013, je fais de nombreuses choses et je ne pourrai probablement pas toutes les r\u00e9aliser, mais je pr\u00e9f\u00e8re me fixer des objectifs \u00e9lev\u00e9s. Ensuite, si je ne r\u00e9ussis pas, d\u2019autres coll\u00e8gues pourront les atteindre.\u00a0\u00bb<\/p>\n<p>Elle ne regrette pas d\u2019avoir choisi de vivre sa jeunesse pour les autres, et son sourire en est la preuve!<\/p>\n<p><strong>Source<\/strong>:\u00a0Ciudad Nueva Uruguay \u2013 Paraguay (Dicembre 2012)<\/p>\n<p>Notre traduction.<\/p>\n","protected":false},"excerpt":{"rendered":"<p>L\u2019histoire d\u2019une jeune paraguayenne, \u00e9tudiante en m\u00e9decine, engag\u00e9e dans les \u00e9tudes et pour les autres, mais sans perdre de vue la spiritualit\u00e9.<\/p>\n","protected":false},"author":34,"featured_media":0,"comment_status":"open","ping_status":"open","sticky":false,"template":"","format":"standard","meta":{"give_campaign_id":0,"_seopress_robots_primary_cat":"","_seopress_titles_title":"","_seopress_titles_desc":"","_seopress_robots_index":"","_et_pb_use_builder":"","_et_pb_old_content":"","_et_gb_content_width":"","footnotes":""},"categories":[906],"tags":[],"class_list":["post-352800","post","type-post","status-publish","format-standard","hentry","category-focolare-worldwide-2-3"],"_links":{"self":[{"href":"https:\/\/www.focolare.org\/fr\/wp-json\/wp\/v2\/posts\/352800","targetHints":{"allow":["GET"]}}],"collection":[{"href":"https:\/\/www.focolare.org\/fr\/wp-json\/wp\/v2\/posts"}],"about":[{"href":"https:\/\/www.focolare.org\/fr\/wp-json\/wp\/v2\/types\/post"}],"author":[{"embeddable":true,"href":"https:\/\/www.focolare.org\/fr\/wp-json\/wp\/v2\/users\/34"}],"replies":[{"embeddable":true,"href":"https:\/\/www.focolare.org\/fr\/wp-json\/wp\/v2\/comments?post=352800"}],"version-history":[{"count":0,"href":"https:\/\/www.focolare.org\/fr\/wp-json\/wp\/v2\/posts\/352800\/revisions"}],"wp:attachment":[{"href":"https:\/\/www.focolare.org\/fr\/wp-json\/wp\/v2\/media?parent=352800"}],"wp:term":[{"taxonomy":"category","embeddable":true,"href":"https:\/\/www.focolare.org\/fr\/wp-json\/wp\/v2\/categories?post=352800"},{"taxonomy":"post_tag","embeddable":true,"href":"https:\/\/www.focolare.org\/fr\/wp-json\/wp\/v2\/tags?post=352800"}],"curies":[{"name":"wp","href":"https:\/\/api.w.org\/{rel}","templated":true}]}}