{"id":352814,"date":"2013-02-07T06:34:31","date_gmt":"2013-02-07T05:34:31","guid":{"rendered":"https:\/\/www.focolare.org\/sophia-entre-politique-et-theologie\/"},"modified":"2024-06-06T12:44:25","modified_gmt":"2024-06-06T10:44:25","slug":"sophia-entre-politique-et-theologie","status":"publish","type":"post","link":"https:\/\/www.focolare.org\/fr\/sophia-entre-politique-et-theologie\/","title":{"rendered":"Sophia: entre politique et th\u00e9ologie"},"content":{"rendered":"<p><a href=\"https:\/\/www.focolare.org\/wp-content\/uploads\/2013\/02\/Gabriel-5.jpg\"><img alt=\"\" alt=\"\" loading=\"lazy\" decoding=\"async\" class=\"alignright  wp-image-79503\" style=\"margin-left: 10px;margin-right: 10px\" src=\"https:\/\/www.focolare.org\/wp-content\/uploads\/2013\/02\/Gabriel-5.jpg\" alt=\"\" width=\"269\" height=\"172\" \/><\/a>  Gabriel de Almeida a 25 ans. Rio de Janeiro, o\u00f9 il est n\u00e9, est une m\u00e9tropole br\u00e9silienne active et dynamique: c\u2019est l\u00e0 qu\u2019auront lieu les prochaines Journ\u00e9es Mondiales de la Jeunesse et l&rsquo;\u00e9dition 2014 de la Coupe du monde de football. De la grande Rio, Gabriel a amen\u00e9 \u00e0 <strong>l\u2019Institut Universitaire Sophia<\/strong> <strong>(IUS) <\/strong>la vivacit\u00e9 et l\u2019\u00e9lan vers le futur de la population carioca. L&rsquo;itin\u00e9raire des \u00e9tudes qu\u2019il est entrain de conclure est int\u00e9ressant de diff\u00e9rents points de vue.  <strong>Pourquoi t\u2019es-tu inscrit \u00e0 l\u2019IUS? <\/strong><em><\/em>  <em>\u00ab<\/em><em>Rentr\u00e9 chez moi avec un doctorat en Relations internationales, je ressentais la n\u00e9cessit\u00e9 de faire un pas au-del\u00e0 des limites des th\u00e9ories politiques et d\u2019explorer l&rsquo;horizon de l&rsquo;humanisme. Apr\u00e8s plus de quatre ans et demi \u00e0 l&rsquo;universit\u00e9, je me retrouvais&#8230;avec une grande soif: je recherchais o\u00f9 et comment r\u00e9pondre \u00e0 mes questions. Ce que me racontaient quelques amis qui avaient d\u00e9j\u00e0 fr\u00e9quent\u00e9 Sophia m\u2019a donn\u00e9 l\u2019intuition que l\u2019endroit juste pouvait \u00eatre justement \u00e0 l\u2019IUS. <\/em>  <strong>Pourquoi as-tu choisi la sp\u00e9cialisation en \u00abOntologie trinitaire\u00bb, toi qui a un bagage d\u2019\u00e9tudes politiques? Quel rapport y-a-t\u2019il entre les deux parcours? <\/strong>  <em>\u00ab<\/em><em>Je suis arriv\u00e9 \u00e0 Sophia en pensant faire la sp\u00e9cialisation en politique\u00a0: c\u2019\u00e9tait un choix plus que naturel pour moi. Mais apr\u00e8s quelques mois, ont \u00e9merg\u00e9es deux nouvelles impressions. <\/em><em>La premi\u00e8re \u00e9tait l\u2019\u00e9tonnement: l\u2019\u00e9tonnement de me retrouver \u00e0 d\u00e9couvrir qui est J\u00e9sus, peut-\u00eatre pour la premi\u00e8re fois d\u2019une fa\u00e7on aussi personnelle, surtout en fr\u00e9quentant le cours sur l\u2019Evangile de Marc. La seconde: une nouvelle compr\u00e9hension de moi-m\u00eame qui a muri \u00e0 l\u2019occasion d\u2019un s\u00e9minaire sur des th\u00e8mes th\u00e9ologiques; je me suis senti \u00abcapable\u00bb de me rapprocher de la pens\u00e9e de J\u00e9sus, de ce que Paul appelle le <\/em><em>\u00abno\u00fbs christos\u00bb,<\/em><em> non pas pour une quelconque ambition de conna\u00eetre le sens de tout, d\u2019arriver \u00e0 poss\u00e9der la logique du r\u00e9el, mais pour la d\u00e9couverte d\u2019un lieu pleinement humain<strong> <\/strong>d\u2019o\u00f9 lire le monde et ses d\u00e9fis, tout en en respectant les langages et les raisons. <\/em>  <img alt=\"\" alt=\"\" loading=\"lazy\" decoding=\"async\" class=\"alignleft  wp-image-79504\" style=\"margin-left: 10px;margin-right: 10px\" src=\"https:\/\/www.focolare.org\/wp-content\/uploads\/2013\/02\/Gabriel-1.jpg\" alt=\"\" width=\"250\" height=\"176\" \/>  <strong>Tu es inscrit en deuxi\u00e8me ann\u00e9e: as-tu commenc\u00e9 la pr\u00e9paration d\u2019une th\u00e8se?<\/strong>  <em>\u00ab<\/em><em>Oui, j\u2019ai d\u00e9j\u00e0 choisi le sujet, la ph\u00e9nom\u00e9nologie de l\u2019\u00ab\u00e9tranger\u00bb, si on peut le dire ainsi, un sujet qui a un grand impact en politique, mais que je veux analyser \u00e0 partir de ses fondements philosophiques. Je me retrouve donc \u00e0 \u00eatre de nouveau confront\u00e9 \u00e0 la politique, cependant mon regard sera diff\u00e9rent, parce que je traiterai les flux migratoires qui traversent les soci\u00e9t\u00e9s contemporaines en faisant \u00e9merger \u2013 d\u2019un \u00ablieu\u00bb de connaissance qui s\u2019inspire des raisons de l&rsquo;Amour \u2013 de nouvelles d\u00e9clinaisons politiques et culturelles.<\/em>  <strong>Tu es \u00e0 l\u2019IUS depuis presque deux ans: comment d\u00e9finirais-tu ce temps? <\/strong><em>Je voudrais continuer \u00e0 utiliser la m\u00e9taphore<\/em>  <a href=\"https:\/\/www.focolare.org\/wp-content\/uploads\/2013\/02\/Gabriel-2.jpg\"><img alt=\"\" alt=\"\" loading=\"lazy\" decoding=\"async\" class=\"alignright  wp-image-79505\" style=\"margin-left: 10px;margin-right: 10px\" src=\"https:\/\/www.focolare.org\/wp-content\/uploads\/2013\/02\/Gabriel-2.jpg\" alt=\"\" width=\"231\" height=\"156\" \/><\/a>  <em>\u00a0du \u00ablieu\u00bb: Sophia est avant tout un lieu d\u2019o\u00f9 regarder&#8230; les innombrables et diverses r\u00e9alit\u00e9s humaines \u00e0 partir de la fraternit\u00e9, elle donne une id\u00e9e profond\u00e9ment novatrice de socialit\u00e9. De plus, Sophia me donne les outils pour non seulement r\u00e9fl\u00e9chir, mais aussi pour agir concr\u00e8tement en pla\u00e7ant au centre la personne dans toute la richesse de ses relations. Je sais qu\u2019une quantit\u00e9 de moments d\u2019\u00ab\u00e9tonnement\u00bb m\u2019attendent encore, de cet \u00e9tonnement philosophique qui anticipe et r\u00e9v\u00e8le la connaissance, et avec les autres \u00e9tudiants et toute la communaut\u00e9 de l\u2019IUS je me sens plus que jamais en chemin. <\/em>\u00a0<strong><\/strong>  Source: <span style=\"text-decoration: underline\">Institut Universitaire Sophia<\/span><\/p>\n","protected":false},"excerpt":{"rendered":"<p>Le r\u00e9cit d\u2019un \u00e9tudiant br\u00e9silien qui fait \u00abla d\u00e9couverte d\u2019un lieu pleinement humain d\u2019o\u00f9 lire le monde et ses d\u00e9fis, tout en en respectant les langages et les raisons\u00bb.<\/p>\n","protected":false},"author":34,"featured_media":0,"comment_status":"open","ping_status":"open","sticky":false,"template":"","format":"standard","meta":{"give_campaign_id":0,"_seopress_robots_primary_cat":"","_seopress_titles_title":"","_seopress_titles_desc":"","_seopress_robots_index":"","_et_pb_use_builder":"","_et_pb_old_content":"","_et_gb_content_width":"","footnotes":""},"categories":[906,907],"tags":[],"class_list":["post-352814","post","type-post","status-publish","format-standard","hentry","category-focolare-worldwide-2-3","category-senza-categoria-2-3"],"_links":{"self":[{"href":"https:\/\/www.focolare.org\/fr\/wp-json\/wp\/v2\/posts\/352814","targetHints":{"allow":["GET"]}}],"collection":[{"href":"https:\/\/www.focolare.org\/fr\/wp-json\/wp\/v2\/posts"}],"about":[{"href":"https:\/\/www.focolare.org\/fr\/wp-json\/wp\/v2\/types\/post"}],"author":[{"embeddable":true,"href":"https:\/\/www.focolare.org\/fr\/wp-json\/wp\/v2\/users\/34"}],"replies":[{"embeddable":true,"href":"https:\/\/www.focolare.org\/fr\/wp-json\/wp\/v2\/comments?post=352814"}],"version-history":[{"count":0,"href":"https:\/\/www.focolare.org\/fr\/wp-json\/wp\/v2\/posts\/352814\/revisions"}],"wp:attachment":[{"href":"https:\/\/www.focolare.org\/fr\/wp-json\/wp\/v2\/media?parent=352814"}],"wp:term":[{"taxonomy":"category","embeddable":true,"href":"https:\/\/www.focolare.org\/fr\/wp-json\/wp\/v2\/categories?post=352814"},{"taxonomy":"post_tag","embeddable":true,"href":"https:\/\/www.focolare.org\/fr\/wp-json\/wp\/v2\/tags?post=352814"}],"curies":[{"name":"wp","href":"https:\/\/api.w.org\/{rel}","templated":true}]}}