{"id":352818,"date":"2013-02-09T12:31:21","date_gmt":"2013-02-09T11:31:21","guid":{"rendered":"https:\/\/www.focolare.org\/le-pays-en-difficulte-etait-le-mien\/"},"modified":"2024-06-06T12:44:25","modified_gmt":"2024-06-06T10:44:25","slug":"le-pays-en-difficulte-etait-le-mien","status":"publish","type":"post","link":"https:\/\/www.focolare.org\/fr\/le-pays-en-difficulte-etait-le-mien\/","title":{"rendered":"Le pays en difficult\u00e9 \u00e9tait le mien"},"content":{"rendered":"<p><img alt=\"\" alt=\"\" loading=\"lazy\" decoding=\"async\" class=\"alignleft size-full wp-image-79714\" style=\"margin-right: 10px\" src=\"https:\/\/www.focolare.org\/wp-content\/uploads\/2013\/02\/20130210-01.jpg\" alt=\"\" width=\"314\" height=\"177\" \/><\/p>\n<p><strong>\u00ab\u00a0Toujours \u00e0 la recherche de quelque chose qui me rende vraiment heureux, j\u2019essayais tout.<\/strong><strong> <\/strong>Ici, j\u2019ai compris que le bonheur que je convoitais dans les choses, je ne l\u2019aurais jamais trouv\u00e9. Un autre bonheur, vrai et profond, \u00e9tait \u00e0 d\u00e9couvrir totalement.\u00a0\u00bb Lorsque Daniele De Patre arrive au <a href=\"http:\/\/pagasasocialcenter.org\/\" target=\"_blank\" rel=\"noopener\">Centre social Pag-asa<\/a>, il fait une exp\u00e9rience qui change profond\u00e9ment sa vie. Les visages de ces personnes et la pauvret\u00e9 de ces lieux, souvent vus \u00e0 la t\u00e9l\u00e9vision, deviennent quelque chose de tangible.<\/p>\n<p><strong>\u00c0 Tagaytay, <\/strong>aux <a href=\"https:\/\/www.focolare.org\/it\/focolare-worldwide\/asia\/filippine\/\" target=\"_blank\" rel=\"noopener\">Philippines,<\/a> les maisons sont constitu\u00e9es d\u2019une seule pi\u00e8ce, avec le sol en terre battue et sans eau courante. Les familles n\u2019ont pas acc\u00e8s aux services socio-sanitaires et n\u2019ont pas d\u2019opportunit\u00e9 de travail.<\/p>\n<p>Dans cette zone rurale et pauvre, de nombreux enfants sont abandonn\u00e9s \u00e0 leur sort et, souvent, n\u2019ont pas d\u2019identit\u00e9 l\u00e9gale. Pour cette raison, ils restent exclus des services sociaux de base, c\u2019est-\u00e0-dire l\u2019\u00e9ducation, la sant\u00e9 et d\u2019\u00e9ventuels soutiens \u00e9conomiques. Ils sont \u00e0 la merci de travaux inhumains et d\u2019activit\u00e9s criminelles.<\/p>\n<p><img alt=\"\" alt=\"\" loading=\"lazy\" decoding=\"async\" class=\"alignright size-full wp-image-79713\" style=\"margin-left: 10px\" src=\"https:\/\/www.focolare.org\/wp-content\/uploads\/2013\/02\/20130210-02.jpg\" alt=\"\" width=\"314\" height=\"177\" \/><\/p>\n<p>Le Centre, gr\u00e2ce au soutien \u00e0 distance d\u2019<span style=\"text-decoration: underline\"><a href=\"http:\/\/www.famiglienuove.org\/it\/afn.php\" target=\"_blank\" rel=\"noopener\">Action pour Familles Nouvelles,<\/a><\/span> propose de nombreuses activit\u00e9s dans les domaines sanitaire et \u00e9ducatif, ainsi que dans la formation professionnelle, avec un accompagnement pour 400 mineurs. Le dispensaire m\u00e9dical soigne des patients avec des handicaps permanents. C\u2019est ici que Daniele, en tant que kin\u00e9sith\u00e9rapeute volontaire, comprend la n\u00e9cessit\u00e9 d\u2019une approche th\u00e9rapeutique diff\u00e9rente, bas\u00e9e sur une interaction continuelle et un rapport d\u2019\u00e9change r\u00e9ciproque avec les patients. En traduisant les lettres que les enfants soutenus \u00e0 distance \u00e9crivent aux donateurs, Daniele se sent int\u00e9gr\u00e9 dans leur monde. Il per\u00e7oit les joies, les difficult\u00e9s, les espoirs de ces enfants, qu&rsquo;ensuite il observe et rencontre en personne durant les visites dans les <em>barrios<\/em>.<\/p>\n<p><strong>La vie \u00e0 Teramo, ville d\u2019origine de Daniele, est d\u00e9sormais bien loin<\/strong>, ainsi que ses 26 ans, v\u00e9cus entre travail et sorties avec les amis. \u00ab\u00a0Voir des situations de pauvret\u00e9 tr\u00e8s profondes et enracin\u00e9es \u2013 commente-t-il \u2013 a \u00e9t\u00e9 difficile \u00e0 accepter. Mais, petit \u00e0 petit, j&rsquo;ai aussi d\u00e9couvert une solidarit\u00e9 et une g\u00e9n\u00e9rosit\u00e9 entre les personnes qui m\u2019ont fait penser que le v\u00e9ritable pays en difficult\u00e9 \u00e9tait peut-\u00eatre le mien, avec l\u2019indiff\u00e9rence, l\u2019isolement et l\u2019\u00e9troitesse d\u2019esprit\u2026\u00a0\u00bb<\/p>\n<p><strong>\u00ab\u00a0Une fois \u2013 raconte-t-il \u2013 nous nous sommes rendus dans un <em>barrio <\/em>si boueux, <\/strong>qu&rsquo;il n&rsquo;\u00e9tait vraiment pas possible de gravir la colline avec des tongs. Donc Heero et moi les avons laiss\u00e9es en bas de la rue. Au retour, elles n\u2019\u00e9taient plus l\u00e0\u2026 Mais, deux jours apr\u00e8s, nous les avons retrouv\u00e9es au Centre social.\u00a0\u00bb \u00ab\u00a0Je n\u2019ai pas oubli\u00e9 \u2013 continue-t-il \u2013 ce jour o\u00f9 nous sommes all\u00e9s faire des visites dans un <em>barrio<\/em>. Il pleuvait tellement que nous nous \u00e9tions pratiquement perdus, mais trois enfants nous ont vus et rejoints sous la pluie. Tr\u00e8s heureux, ils nous ont servis de guide.\u00a0\u00bb Durant ces mois \u00e0 Tagaytay, Daniele a trouv\u00e9, dans chaque acte de g\u00e9n\u00e9rosit\u00e9, ce qu\u2019il cherchait\u00a0: \u00ab\u00a0la vie est beaucoup plus que ce qu\u2019on peut mesurer\u00a0\u00bb.<\/p>\n<p><strong>Tout ce qui \u00e9tait gratuit et \u00e9vident dans sa vie ais\u00e9e \u00e0 Teramo<\/strong> \u00e9tait ici gagn\u00e9 durement\u00a0: nourriture, v\u00eatements, m\u00e9dicaments et n\u2019importe quoi d\u2019autre. \u00ab\u00a0Je veux moi aussi \u2013 \u00e9crit-il \u2013 contribuer \u00e0 la construction d\u2019un monde o\u00f9 mes fr\u00e8res et moi puissions manger de la m\u00eame fa\u00e7on, avoir la possibilit\u00e9 d\u2019\u00e9tudier et de nous instruire, avoir les moyens de nous habiller et de jouer sans mendier, avoir un toit et un lit sur lequel se reposer la nuit et r\u00eaver que, finalement, un monde plus juste ne reste pas qu\u2019une utopie.\u00a0\u00bb<\/p>\n","protected":false},"excerpt":{"rendered":"<p>Le r\u00e9cit d\u2019un jeune kin\u00e9sith\u00e9rapeute italien du Centre social Pag-asa de Tagaytay, aux Philippines. Une exp\u00e9rience qui change profond\u00e9ment sa vie.<\/p>\n","protected":false},"author":34,"featured_media":0,"comment_status":"open","ping_status":"open","sticky":false,"template":"","format":"standard","meta":{"give_campaign_id":0,"_seopress_robots_primary_cat":"","_seopress_titles_title":"","_seopress_titles_desc":"","_seopress_robots_index":"","_et_pb_use_builder":"","_et_pb_old_content":"","_et_gb_content_width":"","footnotes":""},"categories":[906],"tags":[],"class_list":["post-352818","post","type-post","status-publish","format-standard","hentry","category-focolare-worldwide-2-3"],"_links":{"self":[{"href":"https:\/\/www.focolare.org\/fr\/wp-json\/wp\/v2\/posts\/352818","targetHints":{"allow":["GET"]}}],"collection":[{"href":"https:\/\/www.focolare.org\/fr\/wp-json\/wp\/v2\/posts"}],"about":[{"href":"https:\/\/www.focolare.org\/fr\/wp-json\/wp\/v2\/types\/post"}],"author":[{"embeddable":true,"href":"https:\/\/www.focolare.org\/fr\/wp-json\/wp\/v2\/users\/34"}],"replies":[{"embeddable":true,"href":"https:\/\/www.focolare.org\/fr\/wp-json\/wp\/v2\/comments?post=352818"}],"version-history":[{"count":0,"href":"https:\/\/www.focolare.org\/fr\/wp-json\/wp\/v2\/posts\/352818\/revisions"}],"wp:attachment":[{"href":"https:\/\/www.focolare.org\/fr\/wp-json\/wp\/v2\/media?parent=352818"}],"wp:term":[{"taxonomy":"category","embeddable":true,"href":"https:\/\/www.focolare.org\/fr\/wp-json\/wp\/v2\/categories?post=352818"},{"taxonomy":"post_tag","embeddable":true,"href":"https:\/\/www.focolare.org\/fr\/wp-json\/wp\/v2\/tags?post=352818"}],"curies":[{"name":"wp","href":"https:\/\/api.w.org\/{rel}","templated":true}]}}