{"id":352894,"date":"2013-03-09T05:30:52","date_gmt":"2013-03-09T04:30:52","guid":{"rendered":"https:\/\/www.focolare.org\/pour-une-eglise-communion\/"},"modified":"2024-06-06T12:44:41","modified_gmt":"2024-06-06T10:44:41","slug":"pour-une-eglise-communion","status":"publish","type":"post","link":"https:\/\/www.focolare.org\/fr\/pour-une-eglise-communion\/","title":{"rendered":"Pour une Eglise-communion"},"content":{"rendered":"<p><img alt=\"\" alt=\"\" loading=\"lazy\" decoding=\"async\" class=\"size-full wp-image-81514 alignright\" style=\"margin-left: 10px\" src=\"https:\/\/www.focolare.org\/wp-content\/uploads\/2013\/03\/20130309-01.jpg\" alt=\"\" width=\"228\" height=\"314\" \/>\u00ab Il me semble que la d\u00e9cision du pape Ratzinger, le 11\u00a0f\u00e9vrier dernier, nous a offert un distillat de sa r\u00e9flexion th\u00e9ologique et spirituelle. Avant tout, la mise en \u00e9vidence de la supr\u00e9matie de Dieu, le sens que c&rsquo;est Lui qui\u00a0 conduit l&rsquo;histoire. Et encore, le fait de nous orienter \u00e0 saisir les signes des temps et \u00e0 y r\u00e9pondre en ayant le courage des choix difficiles mais innovateurs ; avec une note d&rsquo;esp\u00e9rance, claire, avec cette \u00ab\u00a0certitude que l&rsquo;\u00c9glise appartient au Christ\u00a0\u00bb.<\/p>\n<p>Mais quelle est cette \u00c9glise consid\u00e9r\u00e9e par Beno\u00eet XVI\u00a0? Par amour de quelle \u00c9glise a-t-il fait ce pas d&rsquo;une telle port\u00e9e\u00a0? Je pense ne pas me tromper en indiquant <strong>l&rsquo;\u00c9glise-communion,<\/strong> fruit de Vatican II mais \u00e9galement perspective \u00ab\u00a0toujours davantage expression de l&rsquo;essence de l&rsquo;\u00c9glise\u00a0\u00bb, comme l&rsquo;a encore soulign\u00e9 le pape Ratzinger\u00a0 \u00e0 la fin de son pontificat.<\/p>\n<p>Un \u00a0\u00bb\u00a0<span style=\"text-decoration: underline\">toujours davantage<\/span>\u00ab\u00a0, pour dire que nous n&rsquo;y sommes pas encore pleinement. Quelle est alors la direction \u00e0 prendre\u00a0?<\/p>\n<p>L&rsquo;\u00c9glise, on le sait, est <em>pour<\/em> le monde. Pour cette raison, face aux exigences d&rsquo;une r\u00e9forme <em>ad intra<\/em>, il me semble qu&rsquo;elle doit privil\u00e9gier le fait de porter son regard en dehors d&rsquo;elle-m\u00eame, d&rsquo;intensifier le dialogue avec la soci\u00e9t\u00e9. Un tel contact vital lui permettrait de faire entendre clairement sa voix dans la fid\u00e9lit\u00e9 \u00e0 l&rsquo;\u00c9vangile et en m\u00eame temps, d&rsquo;\u00e9couter les exigences des hommes et des femmes de notre temps\u00a0; la cons\u00e9quence ? trouver de nouvelles ressources et une vitalit\u00e9 inattendue en son sein.<\/p>\n<p>Il faudra s\u00fbrement insister sur le dialogue \u0153cum\u00e9nique, sur le grand th\u00e8me de l&rsquo;union visible entre les \u00c9glises en essayant de parvenir \u00e0 des d\u00e9finitions de la foi et de la pratique eccl\u00e9siale acceptables par tous les chr\u00e9tiens.<\/p>\n<p>Je souhaiterais encore une \u00c9glise plus sobre, aussi bien par rapport aux biens qu&rsquo;elle poss\u00e8de que dans ses expressions liturgiques et ses manifestations\u00a0; je proposerais une communication plus fluide et directe avec la soci\u00e9t\u00e9 contemporaine qui permette aux personnes d&rsquo;entrer plus facilement en relation avec elle, et une <strong>\u00a0<\/strong>\u00a0attitude d&rsquo;accueil particuli\u00e8rement large surtout par rapport aux personnes qui ne partagent pas ses id\u00e9es.<\/p>\n<p>Universalit\u00e9 et ouverture aux dialogues seraient donc deux notes qui devraient \u00eatre recueillies par le nouveau pape. Pour qu&rsquo;il puisse r\u00e9pondre \u00e0 ses \u00e9normes d\u00e9fis, nous imaginons qu&rsquo;il soit un homme poss\u00e9dant une spiritualit\u00e9 profonde, uni \u00e0 Dieu afin de cueillir de l&rsquo;Esprit-Saint les solutions aux probl\u00e8mes dans l&rsquo;exercice constant de la coll\u00e9gialit\u00e9, faisant aussi participer les la\u00efcs, hommes et femmes, \u00e0 la pens\u00e9e et \u00e0 l&rsquo;action de l&rsquo;\u00c9glise.<\/p>\n<p>C&rsquo;est un travail avec un nouveau sens de responsabilit\u00e9. Il s&rsquo;agit de susciter de nouvelles impulsions cr\u00e9atives \u00e0 diff\u00e9rents niveaux. Je pense \u00e0 l&rsquo;\u00e9conomie qui ne sortira de la crise qu&rsquo;en se mettant au service de l&rsquo;homme\u00a0; \u00e0 la politique qui doit retrouver une cr\u00e9dibilit\u00e9 en revenant \u00e0 \u00eatre \u00ab\u00a0vie commune dans la <em>polis<\/em>\u00a0\u00bb\u00a0; \u00e0 la justice dans l&rsquo;ouverture envers celui qui a fait fausse route, qui souffre les plaies de l&rsquo;exploitation, envers celui qui a souffert \u00e0 cause des erreurs d&rsquo;autres hommes et d&rsquo;autres femmes, m\u00eame dans l&rsquo;\u00c9glise. Je pense \u00e0 ceux qui se sentent exclus de la communion eccl\u00e9siale, comme les \u00ab\u00a0nouvelles unions\u00a0\u00bb par exemple. Cela aussi est \u00c9glise parce que le Christ, qui l&rsquo;a fond\u00e9e, est mort sur la croix pour gu\u00e9rir toute division.<\/p>\n<p>Il s&rsquo;agit de faire briller le vrai visage de l&rsquo;\u00c9glise. C&rsquo;est pour cette raison que j&rsquo;ai invit\u00e9 tous ceux qui partagent l&rsquo;esprit du Mouvement (des Focolari) dans le monde entier, \u00e0 faire un nouveau \u00ab\u00a0pacte\u00a0\u00bb qui fasse partout grandir l&rsquo;\u00e9coute, la confiance, l&rsquo;amour r\u00e9ciproque en ce temps d&rsquo;attente, afin que dans l&rsquo;unit\u00e9 et la coll\u00e9gialit\u00e9, l&rsquo;\u00c9glise puisse choisir le pape dont l&rsquo;humanit\u00e9 a tout aussi besoin \u00bb.<\/p>\n<p>Source : <a href=\"http:\/\/www.zenit.org\/it\/articles\/speriamo-con-la-certezza-che-la-chiesa-e-amore-e-comunione\" target=\"_blank\" rel=\"noopener\"><strong><ins cite=\"mailto:gustavo.claria\" datetime=\"2013-03-08T10:21\">Zenit<\/ins><\/strong><\/a><\/p>\n","protected":false},"excerpt":{"rendered":"<p>La Pr\u00e9sidente des Focolari, Maria Voce, a offert \u00e0 Zenit une r\u00e9flexion sur le moment important que vit l&rsquo;\u00c9glise catholique. En voici le texte dans son int\u00e9gralit\u00e9.<\/p>\n","protected":false},"author":34,"featured_media":0,"comment_status":"open","ping_status":"open","sticky":false,"template":"","format":"standard","meta":{"give_campaign_id":0,"_seopress_robots_primary_cat":"","_seopress_titles_title":"","_seopress_titles_desc":"","_seopress_robots_index":"","_et_pb_use_builder":"","_et_pb_old_content":"","_et_gb_content_width":"","footnotes":""},"categories":[47],"tags":[],"class_list":["post-352894","post","type-post","status-publish","format-standard","hentry","category-non-classifiee"],"_links":{"self":[{"href":"https:\/\/www.focolare.org\/fr\/wp-json\/wp\/v2\/posts\/352894","targetHints":{"allow":["GET"]}}],"collection":[{"href":"https:\/\/www.focolare.org\/fr\/wp-json\/wp\/v2\/posts"}],"about":[{"href":"https:\/\/www.focolare.org\/fr\/wp-json\/wp\/v2\/types\/post"}],"author":[{"embeddable":true,"href":"https:\/\/www.focolare.org\/fr\/wp-json\/wp\/v2\/users\/34"}],"replies":[{"embeddable":true,"href":"https:\/\/www.focolare.org\/fr\/wp-json\/wp\/v2\/comments?post=352894"}],"version-history":[{"count":0,"href":"https:\/\/www.focolare.org\/fr\/wp-json\/wp\/v2\/posts\/352894\/revisions"}],"wp:attachment":[{"href":"https:\/\/www.focolare.org\/fr\/wp-json\/wp\/v2\/media?parent=352894"}],"wp:term":[{"taxonomy":"category","embeddable":true,"href":"https:\/\/www.focolare.org\/fr\/wp-json\/wp\/v2\/categories?post=352894"},{"taxonomy":"post_tag","embeddable":true,"href":"https:\/\/www.focolare.org\/fr\/wp-json\/wp\/v2\/tags?post=352894"}],"curies":[{"name":"wp","href":"https:\/\/api.w.org\/{rel}","templated":true}]}}