{"id":352910,"date":"2013-03-15T14:16:07","date_gmt":"2013-03-15T13:16:07","guid":{"rendered":"https:\/\/www.focolare.org\/chiara-lubich-entre-lhistoire-et-la-culture-un-charisme\/"},"modified":"2024-06-06T12:44:45","modified_gmt":"2024-06-06T10:44:45","slug":"chiara-lubich-entre-lhistoire-et-la-culture-un-charisme","status":"publish","type":"post","link":"https:\/\/www.focolare.org\/fr\/chiara-lubich-entre-lhistoire-et-la-culture-un-charisme\/","title":{"rendered":"Chiara Lubich: entre l\u2019histoire et la culture, un charisme"},"content":{"rendered":"<p><a href=\"https:\/\/www.focolare.org\/wp-content\/blogs.dir\/1\/files\/convegno-la-sapienza-14-3-2013\/dscf1570.jpg\"><img loading=\"lazy\" decoding=\"async\" class=\"ngg-singlepic ngg-none alignleft\" style=\"margin-right: 10px\" src=\"https:\/\/www.focolare.org\/wp-content\/blogs.dir\/1\/files\/convegno-la-sapienza-14-3-2013\/dscf1570.jpg\" alt=\"\" width=\"384\" height=\"288\" \/><\/a>\u00ab\u00a0Vous devez penser que tout ce que vous faites est en fonction des autres\u00a0\u00bb, raconte <strong>Micaela Gliozzi, chercheuse en pharmacologie de la Calabre.<\/strong> \u00ab\u00a0Je fais de la recherche pr\u00e9clinique, donc je ne pense pas qu\u2019au r\u00e9sultat du travail en soi, mais je me projette toujours vers la signification pour qui est devant moi.\u00a0\u00bb<\/p>\n<p><strong>Felipe De Mato Miller, philosophe de Porto Alegre:<\/strong> \u00ab\u00a0Je suis reconnaissant envers <a href=\"https:\/\/www.focolare.org\/fr\/chiara-lubich\/\" target=\"_blank\" rel=\"noopener\">Chiara Lubich<\/a> pour avoir donn\u00e9<a href=\"https:\/\/www.focolare.org\/fr\/chiara-lubich\/spiritualita-dellunita\/\" target=\"_blank\" rel=\"noopener\"> son charisme<\/a>, qui m\u2019a inspir\u00e9 pour d\u00e9velopper, dans ma discipline, l\u2019\u00e9pist\u00e9mologie: une nouvelle piste de recherche sur la dimension relationnelle et sociale de la connaissance\u00a0\u00bb.<\/p>\n<p><strong>Lina O\u2019Bankien, de l\u2019<a href=\"https:\/\/www.focolare.org\/fr\/focolare-worldwide\/asia\/india\/\" target=\"_blank\" rel=\"noopener\">Inde<\/a>, dans le domaine de l\u2019\u00e9conomie<\/strong>, traite souvent avec le gouvernement. Le probl\u00e8me de la corruption n\u2019est pas une surprise, mais \u00ab\u00a0j\u2019ai d\u00e9couvert que je peux moi aussi contribuer \u00e0 r\u00e9aliser un monde meilleur, avec les autres, pas toute seule\u00a0\u00bb.<\/p>\n<p>De l\u2019\u00e9pist\u00e9mologie, donc, aux effets sur les maladies cardiovasculaires, \u00e0 la lutte contre la corruption: qu\u2019ont ces trois entr\u00e9es en commun? Elles appartiennent \u00e0 certains des chercheurs, doctorants, \u00e9tudiants et professeurs, provenant de toutes les parties du monde et participant au congr\u00e8s international \u00ab\u00a0Chiara Lubich: Charisme Histoire Culture\u00a0\u00bb, qui s\u2019est d\u00e9roul\u00e9 \u00e0 Rome le 14 mars, pour continuer \u00e0 Castelgandolfo le 15, \u00e0 l\u2019occasion du 5<sup>e<\/sup> anniversaire de la disparition de Chiara Lubich. Elles ont en commun la d\u00e9couverte d\u2019une spiritualit\u00e9 qui peut animer chaque profession et pens\u00e9e.<\/p>\n<p><strong>Plus de 600 personnes ont afflu\u00e9 <\/strong>au congr\u00e8s, marqu\u00e9 par la nouvelle du nouveau pape. On se souvient de son appel \u00e0 la fraternit\u00e9, un terme familier aux focolarini en raison de l&rsquo;affinit\u00e9 avec leur propre mission, la fraternit\u00e9 contenue dans le <em>\u00ab\u00a0<a href=\"https:\/\/www.focolare.org\/fr\/chiara-lubich\/spiritualita-dellunita\/unita\/\" target=\"_blank\" rel=\"noopener\">que tous soient un\u00a0\u00bb <\/a><\/em>de J\u00e9sus (Jn 17,21), motif inspirateur du Mouvement.\u00a0Parmi les participants, le repr\u00e9sentant de l&rsquo;<strong>UNESCO<\/strong>, l&rsquo;Ambassadeur<strong> Lucio A.\u00a0 Savoia<\/strong>. Le pr\u00e9sident de la R\u00e9publique italienne, Giorgio Napolitano, et le cardinal Gianfranco Ravasi sont pr\u00e9sents \u00e0 travers des messages.<\/p>\n<p><strong>Chiara avait une grande passion: les \u00e9tudes, <\/strong>qu\u2019elle avait<strong> <\/strong>abandonn\u00e9es<strong> \u2013 <\/strong>on s\u2019en souvient \u2013 <em>\u00ab\u00a0en mettant les livres au grenier\u00a0\u00bb <\/em>pour suivre Dieu et le Mouvement naissant. Mais le charisme qui lui a \u00e9t\u00e9 confi\u00e9 \u00e9tait destin\u00e9 \u00e0 fleurir aussi dans l&rsquo;aspect culturel, comme le d\u00e9montrent non seulement les nombreux doctorats re\u00e7us, mais aussi les centaines de sp\u00e9cialistes ici pr\u00e9sents. Comme le d\u00e9clarent les organisateurs du <em>Centre d\u2019\u00c9tudes du Mouvement: l\u2019<a href=\"https:\/\/www.focolare.org\/fr\/all-opera\/studio-e-formazione\/scuola-abba\/\" target=\"_blank\" rel=\"noopener\">\u00c9cole Abb\u00e0<\/a>, <\/em>m\u00eame si cet approfondissement en est \u00e0 ses d\u00e9buts, on commence \u00e0 voir les reflets sur le savoir contemporain. <strong><a href=\"http:\/\/www.ecoone.org\/\" target=\"_blank\" rel=\"noopener\">Question environnementale<\/a>, <a href=\"http:\/\/www.edc-online.org\/\" target=\"_blank\" rel=\"noopener\">\u00e9conomie<\/a> au temps des biens communs, <a href=\"http:\/\/comunionediritto.org\/br\/\" target=\"_blank\" rel=\"noopener\">la loi <\/a>et les n\u0153uds de <a href=\"http:\/\/www.mppu.org\/\" target=\"_blank\" rel=\"noopener\">la politique <\/a><\/strong>sont les domaines choisis pour ce moment d\u2019\u00e9valuation.<\/p>\n<p>Les r\u00e9flexions pr\u00e9sent\u00e9es durant la journ\u00e9e trouvent certainement leurs racines dans une dimension th\u00e9ologique et philosophique, qui ont \u00e9t\u00e9 amplement trait\u00e9es dans les relations du <strong>professeur Piero Coda <\/strong>et de la sociologue <strong>Vera Araujo.<\/strong> En particulier, Coda a abord\u00e9 le \u00ab\u00a0centre\u00a0\u00bb de la doctrine de Chiara Lubich: le regard sur <a href=\"https:\/\/www.focolare.org\/fr\/chiara-lubich\/spiritualita-dellunita\/gesu-abbandonato\/\" target=\"_blank\" rel=\"noopener\">J\u00e9sus abandonn\u00e9<\/a>, \u00ab\u00a0la plaie qui, durant ces ann\u00e9es, [la terreur de la Seconde Guerre mondiale et des totalitarismes, ndlr] avait secr\u00e8tement attir\u00e9 la soif de v\u00e9rit\u00e9 et de justice d\u2019hommes et de femmes (Bonhoeffer, Stein, Weil), qui exp\u00e9rimentent dans toute leur crudit\u00e9 expliqu\u00e9e les cons\u00e9quences tragiques de cette mort de Dieu\u2026\u00a0\u00bb.<\/p>\n<p><strong><a href=\"https:\/\/www.focolare.org\/wp-content\/blogs.dir\/1\/files\/convegno-la-sapienza-14-3-2013\/dscf1566.jpg\" target=\"_blank\" rel=\"noopener\"><strong><img loading=\"lazy\" decoding=\"async\" class=\"ngg-singlepic ngg-none alignright\" style=\"margin-left: 10px;margin-right: 10px\" src=\"https:\/\/www.focolare.org\/wp-content\/blogs.dir\/1\/files\/convegno-la-sapienza-14-3-2013\/dscf1566.jpg\" alt=\"dscf1566\" width=\"288\" height=\"216\" \/>Maria Voce<\/strong><\/a><\/strong> parle avec une certaine \u00e9motion. En effet, c\u2019est dans cette universit\u00e9 qu\u2019elle a eu son premier contact avec l\u2019id\u00e9al de Chiara, qu\u2019elle a d\u00e9cid\u00e9 de suivre toute sa vie, et y retourne maintenant en tant que pr\u00e9sidente des Focolari, la premi\u00e8re \u00e0 succ\u00e9der \u00e0 la fondatrice. Elle parle de <em>\u00ab\u00a0culture de la r\u00e9surrection\u00a0\u00bb<\/em>, comme aimait la d\u00e9finir aussi Chiara, une culture fruit de la recherche de l\u2019homme contemporain: \u00ab\u00a0une recherche parfois difficile et obscure, semblable \u00e0 une nuit historique et collective, \u00e0 laquelle elle-m\u00eame a particip\u00e9 dans la derni\u00e8re partie de son existence terrestre. Mais, en m\u00eame temps, une recherche dans laquelle Chiara a toujours su voir des ouvertures qui laissaient pr\u00e9sager la naissance d\u2019une culture envahie par la lumi\u00e8re qui, myst\u00e9rieusement mais r\u00e9ellement, jaillit par le passage \u00e0 travers la mort vers la Vie\u00a0\u00bb.<\/p>\n<p>Une impression de la riche journ\u00e9e nous parvient de Brendan Leahy, \u00e9v\u00eaque irlandais de Limerick nouvellement \u00e9lu et membre de l&rsquo;<em>\u00c9cole Abb\u00e0 <\/em>pour l\u2019eccl\u00e9siologie. \u00ab\u00a0Aujourd\u2019hui, nous sommes nombreux \u00e0 r\u00e9fl\u00e9chir sur la vie et la doctrine d&rsquo;une femme qui a eu un charisme, dont nous commen\u00e7ons \u00e0 comprendre la profondeur peut-\u00eatre seulement maintenant. En r\u00e9\u00e9coutant, dans ce contexte, des paroles que Chiara a dites au fil des ans, nous pouvons saisir ses implications et combien son message sur la cl\u00e9 de l\u2019unit\u00e9 est actuel: ce myst\u00e8re de J\u00e9sus abandonn\u00e9 qui ouvre Dieu, ouvre l\u2019homme pour nous. Le n\u00e9gatif existe et il faut le reconna\u00eetre, mais il n\u2019est pas le dernier mot.\u00a0\u00bb<\/p>\n","protected":false},"excerpt":{"rendered":"<p>Plus de 600 personnes, entre professeurs et sp\u00e9cialistes, \u00e0 l\u2019Aula Magna de l\u2019Universit\u00e9 La Sapienza de Rome, ont rappel\u00e9 la figure de la fondatrice des Focolari, en retra\u00e7ant les d\u00e9veloppements et les actualisations de sa doctrine spirituelle.<\/p>\n","protected":false},"author":34,"featured_media":0,"comment_status":"open","ping_status":"open","sticky":false,"template":"","format":"standard","meta":{"give_campaign_id":0,"_seopress_robots_primary_cat":"","_seopress_titles_title":"","_seopress_titles_desc":"","_seopress_robots_index":"","_et_pb_use_builder":"","_et_pb_old_content":"","_et_gb_content_width":"","footnotes":""},"categories":[907],"tags":[],"class_list":["post-352910","post","type-post","status-publish","format-standard","hentry","category-senza-categoria-2-3"],"_links":{"self":[{"href":"https:\/\/www.focolare.org\/fr\/wp-json\/wp\/v2\/posts\/352910","targetHints":{"allow":["GET"]}}],"collection":[{"href":"https:\/\/www.focolare.org\/fr\/wp-json\/wp\/v2\/posts"}],"about":[{"href":"https:\/\/www.focolare.org\/fr\/wp-json\/wp\/v2\/types\/post"}],"author":[{"embeddable":true,"href":"https:\/\/www.focolare.org\/fr\/wp-json\/wp\/v2\/users\/34"}],"replies":[{"embeddable":true,"href":"https:\/\/www.focolare.org\/fr\/wp-json\/wp\/v2\/comments?post=352910"}],"version-history":[{"count":0,"href":"https:\/\/www.focolare.org\/fr\/wp-json\/wp\/v2\/posts\/352910\/revisions"}],"wp:attachment":[{"href":"https:\/\/www.focolare.org\/fr\/wp-json\/wp\/v2\/media?parent=352910"}],"wp:term":[{"taxonomy":"category","embeddable":true,"href":"https:\/\/www.focolare.org\/fr\/wp-json\/wp\/v2\/categories?post=352910"},{"taxonomy":"post_tag","embeddable":true,"href":"https:\/\/www.focolare.org\/fr\/wp-json\/wp\/v2\/tags?post=352910"}],"curies":[{"name":"wp","href":"https:\/\/api.w.org\/{rel}","templated":true}]}}