{"id":352920,"date":"2013-03-19T14:39:51","date_gmt":"2013-03-19T13:39:51","guid":{"rendered":"https:\/\/www.focolare.org\/le-pape-francois-nous-sommes-gardiens-les-uns-des-autres\/"},"modified":"2024-06-06T12:44:47","modified_gmt":"2024-06-06T10:44:47","slug":"le-pape-francois-nous-sommes-gardiens-les-uns-des-autres","status":"publish","type":"post","link":"https:\/\/www.focolare.org\/fr\/le-pape-francois-nous-sommes-gardiens-les-uns-des-autres\/","title":{"rendered":"Le Pape Fran\u00e7ois: \u00abNous sommes gardiens les uns des autres\u00bb"},"content":{"rendered":"<p><a href=\"https:\/\/www.focolare.org\/wp-content\/uploads\/2013\/03\/20130319-01.jpg\"><img alt=\"\" alt=\"\" loading=\"lazy\" decoding=\"async\" class=\"alignleft size-full wp-image-81957\" style=\"margin-right: 10px\" src=\"https:\/\/www.focolare.org\/wp-content\/uploads\/2013\/03\/20130319-01.jpg\" alt=\"\" width=\"305\" height=\"210\" \/><\/a>  \u00abNous avons entendu dans l\u2019\u00c9vangile que <em>\u00abJoseph fit ce que l\u2019ange du Seigneur lui avait prescrit : il prit chez lui son \u00e9pouse\u00bb<\/em> (Mt 1, 24). Dans ces paroles est d\u00e9j\u00e0 contenue la mission que Dieu confie \u00e0 Joseph, celle d\u2019\u00eatre <em>custos<\/em>, gardien. Gardien de qui? De Marie et de J\u00e9sus; mais c\u2019est une garde qui s\u2019\u00e9tend ensuite \u00e0 l\u2019\u00c9glise [\u2026].  Comment Joseph exerce-t-il cette garde? Avec discr\u00e9tion, avec humilit\u00e9, dans le silence, mais par une pr\u00e9sence constante et une fid\u00e9lit\u00e9 totale, m\u00eame quand il ne comprend pas. Depuis son mariage avec Marie jusqu\u2019\u00e0 l\u2019\u00e9pisode de J\u00e9sus, enfant de douze ans, dans le Temple de J\u00e9rusalem, il accompagne chaque moment avec pr\u00e9venance et avec amour. Il est aupr\u00e8s de Marie son \u00e9pouse dans les moments sereins et dans les moments difficiles de la vie, dans le voyage \u00e0 Bethl\u00e9em pour le recensement et dans les heures d\u2019anxi\u00e9t\u00e9 et de joie de l\u2019enfantement; au moment dramatique de la fuite en \u00c9gypte et dans la recherche inqui\u00e8te du fils au Temple; et ensuite dans le quotidien de la maison de Nazareth, dans l\u2019atelier o\u00f9 il a enseign\u00e9 le m\u00e9tier \u00e0 J\u00e9sus.  Comment Joseph vit-il sa vocation de gardien de Marie, de J\u00e9sus, de l\u2019\u00c9glise? Dans la constante attention \u00e0 Dieu, ouvert \u00e0 ses signes, disponible \u00e0 son projet, non pas tant au sien propre [\u2026]. Joseph est \u00ab gardien \u00bb, parce qu\u2019il sait \u00e9couter Dieu, il se laisse guider par sa volont\u00e9, et justement pour cela il est encore plus sensible aux personnes qui lui sont confi\u00e9es, il sait lire avec r\u00e9alisme les \u00e9v\u00e9nements, il est attentif \u00e0 ce qui l\u2019entoure, et il sait prendre les d\u00e9cisions les plus sages. En lui, chers amis, nous voyons comment on r\u00e9pond \u00e0 la vocation de Dieu, avec disponibilit\u00e9, avec promptitude, mais nous voyons aussi quel est le centre de la vocation chr\u00e9tienne : le Christ ! Nous gardons le Christ dans notre vie, pour garder les autres, pour garder la cr\u00e9ation !  La vocation de garder, cependant, ne nous concerne pas seulement nous les chr\u00e9tiens, elle a une dimension qui pr\u00e9c\u00e8de et qui est simplement humaine, elle concerne tout le monde. C\u2019est le fait de garder la cr\u00e9ation tout enti\u00e8re, la beaut\u00e9 de la cr\u00e9ation, comme il nous est dit dans le Livre de la Gen\u00e8se et comme nous l\u2019a montr\u00e9 saint Fran\u00e7ois d\u2019Assise : c\u2019est le fait d\u2019avoir du respect pour toute cr\u00e9ature de Dieu et pour l\u2019environnement dans lequel nous vivons. C\u2019est le fait de garder les gens, d\u2019avoir soin de tous, de chaque personne, avec amour, sp\u00e9cialement des enfants, des personnes \u00e2g\u00e9es, de celles qui sont plus fragiles et qui souvent sont dans la p\u00e9riph\u00e9rie de notre c\u0153ur. C\u2019est d\u2019avoir soin l\u2019un de l\u2019autre [\u2026]. Au fond, tout est confi\u00e9 \u00e0 la garde de l\u2019homme, et c\u2019est une responsabilit\u00e9 qui nous concerne tous. Soyez des gardiens des dons de Dieu!  Et quand l\u2019homme manque \u00e0 cette responsabilit\u00e9, quand nous ne prenons pas soin de la cr\u00e9ation et des fr\u00e8res, alors la destruction trouve une place et le c\u0153ur s\u2019endurcit [\u2026]. Je voudrais demander, s\u2019il vous pla\u00eet, \u00e0 tous ceux qui occupent des r\u00f4les de responsabilit\u00e9 dans le domaine \u00e9conomique, politique ou social, \u00e0 tous les hommes et \u00e0 toutes les femmes de bonne volont\u00e9 : nous sommes \u00abgardiens\u00bb de la cr\u00e9ation, du dessein de Dieu inscrit dans la nature, gardiens de l\u2019autre, de l\u2019environnement ; ne permettons pas que des signes de destruction et de mort accompagnent la marche de notre monde ! Mais pour \u00abgarder\u00bb nous devons aussi avoir soin de nous-m\u00eames! [\u2026] Nous ne devons pas avoir peur de la bont\u00e9, et m\u00eame pas non plus de la tendresse!  [\u2026] Dans les \u00c9vangiles, saint Joseph appara\u00eet comme un homme fort, courageux, travailleur, mais dans son \u00e2me \u00e9merge une grande tendresse, qui n\u2019est pas la vertu du faible, mais au contraire, d\u00e9note une force d\u2019\u00e2me et une capacit\u00e9 d\u2019attention, de compassion, de vraie ouverture \u00e0 l\u2019autre, d\u2019amour.[&#8230;] Aujourd\u2019hui, en m\u00eame temps que la f\u00eate de saint Joseph, nous c\u00e9l\u00e9brons l\u2019inauguration du minist\u00e8re du nouvel \u00c9v\u00eaque de Rome, successeur de Pierre, qui comporte aussi un pouvoir. [\u2026] N\u2019oublions jamais que le vrai pouvoir est le service et que le Pape aussi, pour exercer le pouvoir, doit entrer toujours plus dans ce service qui a son sommet lumineux sur la Croix ; il doit regarder vers le service humble, concret, riche de foi, de saint Joseph et comme lui, ouvrir les bras pour garder tout le peuple de Dieu et accueillir avec affection et tendresse l\u2019humanit\u00e9 tout enti\u00e8re, sp\u00e9cialement les plus pauvres, les plus faibles, les plus petits, ceux que Matthieu d\u00e9crit dans le jugement final sur la charit\u00e9 : celui qui a faim, soif, qui est \u00e9tranger, nu, malade, en prison (cf. Mt 25, 31-46). Seul celui qui sert avec amour sait garder ! [\u2026]\u00bb.  <strong>Lire le texte int\u00e9gral\u00a0: \u00a0<\/strong><a href=\"http:\/\/www.news.va\/fr\/news\/le-pape-francois-soyez-des-gardiens-des-dons-de-di\">http:\/\/www.news.va\/fr\/news\/le-pape-francois-soyez-des-gardiens-des-dons-de-di<\/a><\/p>\n","protected":false},"excerpt":{"rendered":"<p>Nous publions des extraits de l\u2019hom\u00e9lie du Pape Fran\u00e7ois, prononc\u00e9e lors de la messe d\u2019inauguration de son pontificat. Le texte int\u00e9gral se trouve sur le site du Vatican.<\/p>\n","protected":false},"author":34,"featured_media":0,"comment_status":"open","ping_status":"open","sticky":false,"template":"","format":"standard","meta":{"give_campaign_id":0,"_seopress_robots_primary_cat":"","_seopress_titles_title":"","_seopress_titles_desc":"","_seopress_robots_index":"","_et_pb_use_builder":"","_et_pb_old_content":"","_et_gb_content_width":"","footnotes":""},"categories":[906],"tags":[],"class_list":["post-352920","post","type-post","status-publish","format-standard","hentry","category-focolare-worldwide-2-3"],"_links":{"self":[{"href":"https:\/\/www.focolare.org\/fr\/wp-json\/wp\/v2\/posts\/352920","targetHints":{"allow":["GET"]}}],"collection":[{"href":"https:\/\/www.focolare.org\/fr\/wp-json\/wp\/v2\/posts"}],"about":[{"href":"https:\/\/www.focolare.org\/fr\/wp-json\/wp\/v2\/types\/post"}],"author":[{"embeddable":true,"href":"https:\/\/www.focolare.org\/fr\/wp-json\/wp\/v2\/users\/34"}],"replies":[{"embeddable":true,"href":"https:\/\/www.focolare.org\/fr\/wp-json\/wp\/v2\/comments?post=352920"}],"version-history":[{"count":0,"href":"https:\/\/www.focolare.org\/fr\/wp-json\/wp\/v2\/posts\/352920\/revisions"}],"wp:attachment":[{"href":"https:\/\/www.focolare.org\/fr\/wp-json\/wp\/v2\/media?parent=352920"}],"wp:term":[{"taxonomy":"category","embeddable":true,"href":"https:\/\/www.focolare.org\/fr\/wp-json\/wp\/v2\/categories?post=352920"},{"taxonomy":"post_tag","embeddable":true,"href":"https:\/\/www.focolare.org\/fr\/wp-json\/wp\/v2\/tags?post=352920"}],"curies":[{"name":"wp","href":"https:\/\/api.w.org\/{rel}","templated":true}]}}