{"id":353118,"date":"2013-05-24T20:00:23","date_gmt":"2013-05-24T18:00:23","guid":{"rendered":"https:\/\/www.focolare.org\/congres-gen-3-un-coeur-en-action\/"},"modified":"2024-06-06T12:45:25","modified_gmt":"2024-06-06T10:45:25","slug":"congres-gen-3-un-coeur-en-action","status":"publish","type":"post","link":"https:\/\/www.focolare.org\/fr\/congres-gen-3-un-coeur-en-action\/","title":{"rendered":"Congr\u00e8s Gen 3: un c\u0153ur en action"},"content":{"rendered":"<p><strong><a href=\"https:\/\/www.focolare.org\/wp-content\/uploads\/2013\/05\/20130524-03.jpg\"><img alt=\"\" alt=\"\" loading=\"lazy\" decoding=\"async\" class=\"wp-image-86063 alignleft\" style=\"margin-right: 10px\" src=\"https:\/\/www.focolare.org\/wp-content\/uploads\/2013\/05\/20130524-03.jpg\" alt=\"\" width=\"384\" height=\"288\" \/><\/a><\/strong><\/p>\n<p><em>\u00abContinuez \u00e0 travailler avec le c\u0153ur en action!\u00bb.<\/em> C\u2019est ainsi que le pape Fran\u00e7ois a encourag\u00e9 deux G<span style=\"text-decoration: underline\">en 3<\/span> tr\u00e8s \u00e9mus \u2013 paraguayen et \u00e9quatorien \u2013 qui, au nom des 800 enfants environ \u00e0 l\u2019audience g\u00e9n\u00e9rale de mercredi 22 mai, lui ont remis un album photos des nombreuses initiatives en diff\u00e9rents points du monde. Le Pape a commenc\u00e9 \u00e0 le feuilleter en s\u2019arr\u00eatant sur les images et en ajoutant qu\u2019il l\u2019aurait regard\u00e9 par la suite avec plus d\u2019attention.<\/p>\n<p>Le pape Fran\u00e7ois avait d\u00e9sir\u00e9 saluer \u00ables enfants du Mouvement des Focolari r\u00e9unis pour leur Congr\u00e8s International \u2018Gen 3\u2019 qui,\u00a0entra\u00een\u00e9s\u00a0par le th\u00e8me <a href=\"http:\/\/www.teens4unity.net\/home_ita.html\" target=\"_blank\" rel=\"noopener\">\u2018Un c\u0153ur en action<span style=\"text-decoration: underline\">\u2019<\/span><\/a>, ont suivi cette ann\u00e9e la pratique des \u0153uvres de mis\u00e9ricorde\u00bb<em>. <\/em>Dans les paroles du Pape sur l\u2019unit\u00e9, sur la communion et sur l\u2019action de l\u2019Esprit Saint, les Gen 3 ont exp\u00e9riment\u00e9 d\u2019\u00eatre \u00e0 l\u2019unisson avec le style de vie qu\u2019ils essaient d\u2019avoir. \u00abJ\u2019ai ressenti une joie que je n\u2019arrive pas \u00e0 expliquer\u2026 impressionnant!\u00bb, confie l\u2019un d\u2019eux; \u00abCe qu\u2019il nous a dit correspondait exactement avec ce que nous a toujours dit <a href=\"https:\/\/www.focolare.org\/fr\/chiara-lubich\/chi-e-chiara\/\" target=\"_blank\" rel=\"noopener\">Chiara (Lubich<\/a>)\u00bb, observe un autre.<\/p>\n<p>De nationalit\u00e9s diff\u00e9rentes et d\u2019\u00e2ge compris entre 9 et 13 ans, les Gen 3 filles commencent leur Congr\u00e8s dimanche 19 mai, alors que les Gen 3 gar\u00e7ons concluent le leur (plus de 1200 en tout), avec un programme qui vise haut d\u2019embl\u00e9e, pr\u00e9sentant \u00e0 la population de Castelgandolfo (Italie) et au maire Milvia Monachesi, la \u00ab<span style=\"text-decoration: underline\">R\u00e8gle d\u2019or<\/span>\u00bb avec des danses et des jeux.<\/p>\n<p>Dans l\u2019apr\u00e8s-midi, en direct streaming [liaison en direct par internet], ils vivent ensemble un \u2018c\u0153ur \u00e0 c\u0153ur\u2019 avec <a href=\"https:\/\/www.focolare.org\/fr\/news\/2011\/01\/20\/maria-voce\/\" target=\"_blank\" rel=\"noopener\">Maria Voce,<\/a> pr\u00e9sidente du Mouvement des Focolari. Ils lui pr\u00e9sentent leurs contributions du monde entier au projet \u00abun c\u0153ur en action\u00bb: la petite entreprise \u00abdonner du go\u00fbt avec un peu d\u2019amour\u00bb en Hongrie; ne pas gaspiller la nourriture dans les cantines scolaires d\u2019une ville italienne; l\u2019ensemencement d\u2019un jardin potager dans un quartier de Los Angeles dont\u00a0 les fruits et l\u00e9gumes seront destin\u00e9s aux personnes d\u00e9favoris\u00e9es; la r\u00e9cup\u00e9ration de chaussures pour un groupe d\u2019enfants des Philippines; une activit\u00e9 pour payer les soins d\u2019une amie malade au Nig\u00e9ria, pour n\u2019en citer que quelques-unes.<\/p>\n<p><img alt=\"\" alt=\"\" loading=\"lazy\" decoding=\"async\" class=\"alignright size-full wp-image-86064\" style=\"margin-left: 10px\" src=\"https:\/\/www.focolare.org\/wp-content\/uploads\/2013\/05\/20130524-04.jpg\" alt=\"\" width=\"314\" height=\"235\" \/><\/p>\n<p>Suivent des questions sur la violence, sur l\u2019identit\u00e9 des Gen 3, sur la souffrance, \u00e0 celle qui <em>\u00absait se mettre dans nos \u2018pannes\u2019, et, avec un peu d\u2019exp\u00e9rience sait nous donner un conseil\u00bb<\/em>. Avec d\u00e9termination, Maria Voce invite \u00e0 \u00abaimer, en sachant qu\u2019\u00e0 la racine de la violence il n\u2019y a pas la force mais la faiblesse, et sans avoir peur\u00bb; \u00abDans les Gen 3 \u2013 affirme-t-elle \u2013 j\u2019ai trouv\u00e9 une vivacit\u00e9 exceptionnelle, une capacit\u00e9 d\u2019initiative, toujours pr\u00eats \u00e0 inventer des fa\u00e7ons nouvelles de transmettre l\u2019id\u00e9al de l\u2019unit\u00e9 aux autres, avec une vie pleine. Mais le plus beau, c\u2019est que dans le monde entier, pour les Gen 3 filles et gar\u00e7ons, J\u00e9sus est vraiment un ami!\u00bb. Et elle conclut: \u00abChiara Lubich a commenc\u00e9 \u00e0 partir de l\u2019Evangile qui nous demande de faire une communion, de donner avec g\u00e9n\u00e9rosit\u00e9\u2026 \u00a0votre c\u0153ur en action vous pousse \u00e0 vous faire amis avec les enfants d\u2019un foyer, \u00e0 vous rendre proche de ceux qui ont la maladie d\u2019Alzheimer. Ce que vous avez gagn\u00e9 avec vos activit\u00e9s, J\u00e9sus en \u00e9change vous donne, vous donne, vous donne\u2026 c\u2019est une comp\u00e9tition de g\u00e9n\u00e9rosit\u00e9 entre vous et J\u00e9sus\u2026 pour changer la mentalit\u00e9 du monde, o\u00f9 tout le monde veut poss\u00e9der\u00bb.<\/p>\n<p>Particuli\u00e8rement touchante est la lecture de la lettre envoy\u00e9e par les Gen 3 d\u2019Alep (<a href=\"https:\/\/www.focolare.org\/fr\/focolare-worldwide\/asia\/siria\/\" target=\"_blank\" rel=\"noopener\">Syrie<\/a>), qui auraient voulu \u00eatre pr\u00e9sentes: <em>\u00abNous nous engageons \u00e0 \u00eatre une irradiation d\u2019amour pour faire en sorte que les terroristes laissent tomber leurs pens\u00e9es noires\u2026 nous avons commenc\u00e9 \u00e0 faire des projets \u00e0 notre mesure pour les pauvres qui sont de plus en plus nombreux, qui ont perdu leur maison, leur travail, leurs enfants. Nous sommes tr\u00e8s contentes du <span style=\"text-decoration: underline\">Time Out<\/span> pour la paix, merci de penser \u00e0 nous!\u00bb<\/em><\/p>\n<p>En les quittant, Maria Voce partage et confie, \u00e0 tous les Gen 3 du monde, l\u2019engagement de ce rendez-vous quotidien: \u00ab<em>Prier avec le Time Out, chaque jour, et faire sentir que nous sommes une seule chose, que nous vivons avec eux cette situation\u00bb.<\/em><\/p>\n<p><a title=\"Congresso Gen 3\" href=\"http:\/\/www.flickr.com\/photos\/2013gen3\" target=\"_blank\" rel=\"noopener\">galerie photos sur Flickr<\/a><\/p>\n<p>La Vid\u00e9o sur Vim\u00e9o<\/p>\n<p><iframe loading=\"lazy\" title=\"Gen 3 Congress - May 2013\" src=\"https:\/\/player.vimeo.com\/video\/66912754?dnt=1&amp;app_id=122963\" width=\"640\" height=\"480\" frameborder=\"0\" allow=\"autoplay; fullscreen; picture-in-picture; clipboard-write\"><\/iframe><\/p>\n","protected":false},"excerpt":{"rendered":"<p>A Castelgandolfo, 1200 enfants des Focolari de diff\u00e9rentes nationalit\u00e9s se retrouvent pour faire le point sur leur projet envers les personnes d\u00e9favoris\u00e9es et pour affronter les probl\u00e8mes typiques de leur \u00e2ge. En conclusion: la rencontre avec le pape Fran\u00e7ois.<\/p>\n","protected":false},"author":34,"featured_media":0,"comment_status":"open","ping_status":"open","sticky":false,"template":"","format":"standard","meta":{"give_campaign_id":0,"_seopress_robots_primary_cat":"","_seopress_titles_title":"","_seopress_titles_desc":"","_seopress_robots_index":"","_et_pb_use_builder":"","_et_pb_old_content":"","_et_gb_content_width":"","footnotes":""},"categories":[906,907],"tags":[],"class_list":["post-353118","post","type-post","status-publish","format-standard","hentry","category-focolare-worldwide-2-3","category-senza-categoria-2-3"],"_links":{"self":[{"href":"https:\/\/www.focolare.org\/fr\/wp-json\/wp\/v2\/posts\/353118","targetHints":{"allow":["GET"]}}],"collection":[{"href":"https:\/\/www.focolare.org\/fr\/wp-json\/wp\/v2\/posts"}],"about":[{"href":"https:\/\/www.focolare.org\/fr\/wp-json\/wp\/v2\/types\/post"}],"author":[{"embeddable":true,"href":"https:\/\/www.focolare.org\/fr\/wp-json\/wp\/v2\/users\/34"}],"replies":[{"embeddable":true,"href":"https:\/\/www.focolare.org\/fr\/wp-json\/wp\/v2\/comments?post=353118"}],"version-history":[{"count":0,"href":"https:\/\/www.focolare.org\/fr\/wp-json\/wp\/v2\/posts\/353118\/revisions"}],"wp:attachment":[{"href":"https:\/\/www.focolare.org\/fr\/wp-json\/wp\/v2\/media?parent=353118"}],"wp:term":[{"taxonomy":"category","embeddable":true,"href":"https:\/\/www.focolare.org\/fr\/wp-json\/wp\/v2\/categories?post=353118"},{"taxonomy":"post_tag","embeddable":true,"href":"https:\/\/www.focolare.org\/fr\/wp-json\/wp\/v2\/tags?post=353118"}],"curies":[{"name":"wp","href":"https:\/\/api.w.org\/{rel}","templated":true}]}}