{"id":353138,"date":"2013-06-01T05:30:47","date_gmt":"2013-06-01T03:30:47","guid":{"rendered":"https:\/\/www.focolare.org\/la-garderie-arcoiris-faire-le-bien-dans-une-banlieue-venezuelienne\/"},"modified":"2024-06-06T12:45:29","modified_gmt":"2024-06-06T10:45:29","slug":"la-garderie-arcoiris-faire-le-bien-dans-une-banlieue-venezuelienne","status":"publish","type":"post","link":"https:\/\/www.focolare.org\/fr\/la-garderie-arcoiris-faire-le-bien-dans-une-banlieue-venezuelienne\/","title":{"rendered":"La garderie Arcoiris, \u201cfaire le bien\u201d dans une banlieue v\u00e9n\u00e9zuelienne"},"content":{"rendered":"<p><strong><a href=\"https:\/\/www.focolare.org\/wp-content\/uploads\/2013\/06\/20130601-01.jpg\"><img alt=\"\" alt=\"\" loading=\"lazy\" decoding=\"async\" class=\"alignleft  wp-image-86469\" style=\"margin-right: 10px\" src=\"https:\/\/www.focolare.org\/wp-content\/uploads\/2013\/06\/20130601-01.jpg\" alt=\"\" width=\"269\" height=\"358\" \/><\/a><\/strong><\/p>\n<p>A Colinas de Guacamaya, quartier d\u00e9grad\u00e9 de Valencia, importante ville industrielle du V\u00e9n\u00e9zuela, de nombreux parents ne savent o\u00f9 laisser leurs enfants quand ils travaillent, comme cela arrive aussi dans de nombreux endroits.<\/p>\n<p>Il y a d\u00e9j\u00e0 plusieurs ann\u00e9es, Ofelia, une volontaire du Mouvement des Focolari, a cr\u00e9\u00e9 une garderie, <em>Arcoiris<\/em>, en construisant le si\u00e8ge dans le jardin de sa maison. L\u00e0, les enfants re\u00e7oivent une attention sp\u00e9cifique et les notions fondamentales pour pouvoir fr\u00e9quenter l\u2019\u00e9cole \u00e9l\u00e9mentaire de fa\u00e7on profitable leur sont enseign\u00e9es.<\/p>\n<p>Actuellement, 40 enfants viennent \u00e0 la garderie, de quatre ans \u00e0&#8230; 14 ans. En fait, \u00e9tant donn\u00e9 que de nombreux enfants ne vont pas \u00e0 l\u2019\u00e9cole officielle, pour diverses raisons ind\u00e9pendantes de leur volont\u00e9, il a \u00e9t\u00e9 d\u00e9cid\u00e9 de leur offrir la possibilit\u00e9 de continuer, d\u2019une certaine fa\u00e7on, leur instruction dans les structures de la cr\u00e8che.<\/p>\n<p>Il y a quelque temps, une fusillade a \u00e9clat\u00e9, entre la police et la p\u00e8gre organis\u00e9e qui contr\u00f4le le quartier. Ce n\u2019\u00e9tait pas la premi\u00e8re fois, 6 personnes sont d\u00e9j\u00e0 mortes. Mais cette fois-ci, cela s\u2019est pass\u00e9 tout pr\u00e8s de la cr\u00e8che.<\/p>\n<p>Ofelia raconte: <em>\u00ab\u00a0Pour \u00e9viter que les enfants ne s\u2019effrayent, nous les avons fait chanter. Ensuite, quand les mamans affol\u00e9es sont arriv\u00e9es pour r\u00e9cup\u00e9rer leurs enfants, j\u2019ai parl\u00e9 avec chacune, en essayant de les calmer, et en leur expliquant que nous devions nous contr\u00f4ler pour le bien des enfants. Je les ai invit\u00e9es \u00e0 prier ensemble afin que cesse la violence.\u00a0\u00bb.<\/em><\/p>\n<p><img alt=\"\" alt=\"\" loading=\"lazy\" decoding=\"async\" class=\"size-full wp-image-86471 alignright\" style=\"margin-left: 10px\" src=\"https:\/\/www.focolare.org\/wp-content\/uploads\/2013\/06\/20130601-02.jpg\" alt=\"\" width=\"235\" height=\"314\" \/><\/p>\n<p>Ofelia continue : <em>\u00ab\u00a0Le lendemain, nous avons lanc\u00e9 le <a href=\"http:\/\/gen4.focolare.org\/fr\/partez\/le-de-de-l-amour.html\" target=\"_blank\" rel=\"noopener\">\u2018d\u00e9 de l\u2019Amour<\/a>\u2019 avec les enfants, et, quand \u2018aimer tous\u2019 est sorti, ils nous ont demand\u00e9 : \u2018Mais, m\u00eame les bandits ?\u2019, puis : \u2018M\u00eame les policiers\u00a0?\u2019. Nous, enseignants, leur avons r\u00e9pondu : \u2018Oui ! Et savez-vous comment on peut faire ? Nous pouvons prier pour eux\u2019. Alors, nous avons demand\u00e9 aux enfants de prier spontan\u00e9ment, et ces pri\u00e8res spontan\u00e9es furent tr\u00e8s belles, dans leur innocence. Une fillette de 4 ans a demand\u00e9 que tous les pistolets disparaissent de la terre, et un autre gar\u00e7onnet a demand\u00e9 que Dieu l\u2019aide \u00e0 aimer encore plus et qu\u2019il change le coeur des bandits.\u201d <\/em><\/p>\n<p>Un autre front sur lequel travaille la garderie <em>Arcoiris<\/em> est la relation avec les parents. C\u2019est tr\u00e8s important, car les enfants ne restent \u00e0 la garderie que quelques ann\u00e9es. L\u2019exp\u00e9rience qu\u2019ils font, bien que belle et riche de valeurs, est temporaire. Alors qu\u2019ils resteront avec leurs parents tout le temps n\u00e9cessaire \u00e0 leur formation en tant que personnes.<\/p>\n<p>Le th\u00e8me que nous avons abord\u00e9 cette ann\u00e9e \u00e9tait \u201cComment communiquer avec nos enfants\u201d. Les nombreuses activit\u00e9s pr\u00e9vues dans les ateliers \u00e9taient dirig\u00e9es par les ma\u00eetres eux-m\u00eames. Ceux-ci avaient g\u00e9n\u00e9reusement accept\u00e9 de passer un dimanche entier d\u00e9di\u00e9 aux parents, conscients de faire un investissement v\u00e9ritable et juste pour l\u2019avenir de leurs petits \u00e9l\u00e8ves.<\/p>\n<p>Garderie <em>Arcoiris<\/em>: une petite semence d\u2019espoir dans une violente banlieue v\u00e9n\u00e9zuelienne.<\/p>\n","protected":false},"excerpt":{"rendered":"<p>Une cr\u00e8che pour r\u00e9pondre aux besoins des mamans qui travaillent. Une fa\u00e7on de \u201cfaire le bien\u201d dans un quartier de banlieue au V\u00e9n\u00e9zuela, une illustration de la Parole de Vie de ce mois-ci.<\/p>\n","protected":false},"author":34,"featured_media":0,"comment_status":"open","ping_status":"open","sticky":false,"template":"","format":"standard","meta":{"give_campaign_id":0,"_seopress_robots_primary_cat":"","_seopress_titles_title":"","_seopress_titles_desc":"","_seopress_robots_index":"","_et_pb_use_builder":"","_et_pb_old_content":"","_et_gb_content_width":"","footnotes":""},"categories":[906],"tags":[],"class_list":["post-353138","post","type-post","status-publish","format-standard","hentry","category-focolare-worldwide-2-3"],"_links":{"self":[{"href":"https:\/\/www.focolare.org\/fr\/wp-json\/wp\/v2\/posts\/353138","targetHints":{"allow":["GET"]}}],"collection":[{"href":"https:\/\/www.focolare.org\/fr\/wp-json\/wp\/v2\/posts"}],"about":[{"href":"https:\/\/www.focolare.org\/fr\/wp-json\/wp\/v2\/types\/post"}],"author":[{"embeddable":true,"href":"https:\/\/www.focolare.org\/fr\/wp-json\/wp\/v2\/users\/34"}],"replies":[{"embeddable":true,"href":"https:\/\/www.focolare.org\/fr\/wp-json\/wp\/v2\/comments?post=353138"}],"version-history":[{"count":0,"href":"https:\/\/www.focolare.org\/fr\/wp-json\/wp\/v2\/posts\/353138\/revisions"}],"wp:attachment":[{"href":"https:\/\/www.focolare.org\/fr\/wp-json\/wp\/v2\/media?parent=353138"}],"wp:term":[{"taxonomy":"category","embeddable":true,"href":"https:\/\/www.focolare.org\/fr\/wp-json\/wp\/v2\/categories?post=353138"},{"taxonomy":"post_tag","embeddable":true,"href":"https:\/\/www.focolare.org\/fr\/wp-json\/wp\/v2\/tags?post=353138"}],"curies":[{"name":"wp","href":"https:\/\/api.w.org\/{rel}","templated":true}]}}