{"id":353162,"date":"2013-06-09T05:00:54","date_gmt":"2013-06-09T03:00:54","guid":{"rendered":"https:\/\/www.focolare.org\/argentine-ledec-au-forum-moverse\/"},"modified":"2024-06-06T12:45:33","modified_gmt":"2024-06-06T10:45:33","slug":"argentine-ledec-au-forum-moverse","status":"publish","type":"post","link":"https:\/\/www.focolare.org\/fr\/argentine-ledec-au-forum-moverse\/","title":{"rendered":"Argentine: l\u2019EdeC au Forum MoveRSE"},"content":{"rendered":"<p><a href=\"https:\/\/www.focolare.org\/wp-content\/uploads\/2013\/06\/Foro-RSE2013-prensa-14.jpg\"><img alt=\"\" alt=\"\" loading=\"lazy\" decoding=\"async\" class=\"alignright size-articolo_1 wp-image-87121\" style=\"margin: 5px\" src=\"https:\/\/www.focolare.org\/wp-content\/uploads\/2013\/06\/Foro-RSE2013-prensa-14-250x165.jpg\" alt=\"\" width=\"250\" height=\"165\" \/><\/a>  L\u2019ONG <a href=\"http:\/\/www.moverse.org\/\" target=\"_blank\" rel=\"noopener\">MoveRSE<\/a>, dont le si\u00e8ge est \u00e0 Rosario (Argentine), a organis\u00e9 le 24 mai dernier, \u00e0 la Bourse du Commerce, l\u2019\u00e9dition 2013 du Forum \u00abMoveRSE\u00bb. Il s\u2019agit d\u2019un congr\u00e8s d\u00e9di\u00e9 \u00e0 la responsabilit\u00e9 sociale et au d\u00e9veloppement durable (RSE, en espagnol) qui convoque chaque ann\u00e9e des responsables de secteurs d\u2019entreprises, publiques et priv\u00e9es, avec pour objectif de se confronter aux principaux d\u00e9fis que toute gestion d\u2019entreprise doit affronter au profit d\u2019un d\u00e9veloppement durable, participatif et transparent.  C\u2019est dans ce cadre et dans le domaine des \u00abInitiatives de d\u00e9veloppement durable\u00bb \u2013\u00a0 une s\u00e9rie de projets pr\u00e9sent\u00e9s aux 300 personnes pr\u00e9sentes dans l\u2019Auditorium, que Francisco Buchara, de la commission Jeunes de l\u2019<a href=\"http:\/\/www.edc-online.org\/es\/\" target=\"_blank\" rel=\"noopener\">Economie de Communion<\/a> (EdeC), a pr\u00e9sent\u00e9 le projet original, n\u00e9 au Br\u00e9sil en 1991, auquel environ un millier d\u2019entreprises dans le monde ont adh\u00e9r\u00e9.  <a href=\"https:\/\/www.focolare.org\/wp-content\/uploads\/2013\/06\/image002-e1370547041138.jpg\"><img alt=\"\" alt=\"\" loading=\"lazy\" decoding=\"async\" class=\"alignleft  wp-image-87122\" style=\"margin: 5px\" src=\"https:\/\/www.focolare.org\/wp-content\/uploads\/2013\/06\/image002-e1370547041138-250x188.jpg\" alt=\"\" width=\"250\" height=\"188\" \/><\/a>  \u00ab<em>A la diff\u00e9rence d\u2019autres entreprises solidaires<\/em> \u2013 a commenc\u00e9 F.Buchara \u2013 <em>qui produisent d\u2019abord et ensuite d\u00e9cident comment utiliser les b\u00e9n\u00e9fices (les donner, les destiner \u00e0 un projet social, ou \u00e0 d\u2019autres initiatives de bienfaisance), les entreprises de l\u2019Economie de Communion, depuis leur origine, visent \u00e0 engendrer des \u2018biens relationnels\u2019, c\u2019est-\u00e0-dire des biens non mat\u00e9riels, non consommables individuellement, mais li\u00e9s \u00e0 des rapports interpersonnels. Des biens rares, donc, qui ont besoin d\u2019au moins deux personnes pour na\u00eetre et qui n\u00e9cessairement engendrent la r\u00e9ciprocit\u00e9\u00bb.<\/em>  F.Buchara poursuit son expos\u00e9 en d\u00e9finissant les piliers de l\u2019EdeC: \u00ab\u2026<em>les pauvres, les premiers protagonistes de l\u2019EdeC qui na\u00eet, justement, pour r\u00e9duire le d\u00e9calage toujours plus grand entre pauvret\u00e9 et richesse; les entreprises; les p\u00f4les industriels; et une culture du partage. Cette derni\u00e8re est \u00e0 la base de l\u2019EdeC qui d\u00e9sire introduire dans l\u2019action \u00e9conomique une nouvelle fa\u00e7on d\u2019entreprendre<\/em>\u00bb.  Ce jeune entrepreneur surprend lorsqu\u2019il explique que \u00ab<em>le projet de l\u2019EdeC na\u00eet d\u2019un charisme; pareil aux banques qui, comme on le sait, sont n\u00e9es du charisme franciscain. On peut donc affirmer que les charismes sont importants aussi pour l\u2019\u00e9conomie, parce qu\u2019ils r\u00e9ussissent \u00e0 voir avant et plus loin<\/em>\u00bb.  <a href=\"https:\/\/www.focolare.org\/wp-content\/uploads\/2013\/06\/Foro-RSE2013-prensa-13-e1370547210150.jpg\"><img alt=\"\" alt=\"\" loading=\"lazy\" decoding=\"async\" class=\"alignright size-articolo_1 wp-image-87120\" style=\"margin: 5px\" src=\"https:\/\/www.focolare.org\/wp-content\/uploads\/2013\/06\/Foro-RSE2013-prensa-13-e1370547210150-250x165.jpg\" alt=\"\" width=\"250\" height=\"165\" \/><\/a>  Son intervention est accompagn\u00e9e de la pr\u00e9sentation de deux entreprises qui adh\u00e8rent \u00e0 l\u2019EdeC: une Agence de tourisme, <a href=\"http:\/\/boomerangviajes.tur.ar\/\" target=\"_blank\" rel=\"noopener\">Boomerang Viajes<\/a> (de Buenos Aires), et Dimaco, important centre de distribution de mat\u00e9riel de construction (de Paran\u00e1, ville au nord-est de l\u2019Argentine). Elles ont en commun l\u2019attitude de se mettre au service, entra\u00eenant une r\u00e9action en chaine positive.  Un exemple? \u00ab<em>Un jour<\/em> \u2013 raconte German Jorge di Dimarco \u2013 <em>notre principal concurrent m\u2019appelle au t\u00e9l\u00e9phone pour me demander de lui avancer du ciment parce que les autres fournisseurs ne lui font plus cr\u00e9dit; il traversait une situation financi\u00e8rement difficile. Pendant des ann\u00e9es, il avait fait de forts enjeux sur le march\u00e9, en me mettant m\u00eame dos au mur. J\u2019avais l\u2019occasion de me venger ou de rester fid\u00e8le aux choix de l\u2019EdeC et de changer nos rapports. Le bonheur que j\u2019ai \u00e9prouv\u00e9 quand j\u2019ai d\u00e9cid\u00e9 de lui donner ce qu\u2019il me demandait valait pour moi beaucoup plus que le ciment. Or, c\u2019est cette fa\u00e7on de se comporter, m\u00eame avec la concurrence, qui renforce notre r\u00e9putation. C\u2019est alors que nous sont souvent offertes de nouvelles possibilit\u00e9s de travail, presque sans avoir besoin d\u2019aller les chercher<\/em>\u00bb.<\/p>\n","protected":false},"excerpt":{"rendered":"<p>Dans le cadre de l\u2019\u00e9dition 2013 du Forum \u00abMoveRSE\u00bb, dans la ville argentine de Rosario en mai dernier, l&rsquo;Economie de Communion a \u00e9t\u00e9 pr\u00e9sent\u00e9e parmi les initiatives de d\u00e9veloppement durable.<\/p>\n","protected":false},"author":1,"featured_media":0,"comment_status":"open","ping_status":"open","sticky":false,"template":"","format":"standard","meta":{"give_campaign_id":0,"_seopress_robots_primary_cat":"","_seopress_titles_title":"","_seopress_titles_desc":"","_seopress_robots_index":"","_et_pb_use_builder":"","_et_pb_old_content":"","_et_gb_content_width":"","footnotes":""},"categories":[907],"tags":[],"class_list":["post-353162","post","type-post","status-publish","format-standard","hentry","category-senza-categoria-2-3"],"_links":{"self":[{"href":"https:\/\/www.focolare.org\/fr\/wp-json\/wp\/v2\/posts\/353162","targetHints":{"allow":["GET"]}}],"collection":[{"href":"https:\/\/www.focolare.org\/fr\/wp-json\/wp\/v2\/posts"}],"about":[{"href":"https:\/\/www.focolare.org\/fr\/wp-json\/wp\/v2\/types\/post"}],"author":[{"embeddable":true,"href":"https:\/\/www.focolare.org\/fr\/wp-json\/wp\/v2\/users\/1"}],"replies":[{"embeddable":true,"href":"https:\/\/www.focolare.org\/fr\/wp-json\/wp\/v2\/comments?post=353162"}],"version-history":[{"count":0,"href":"https:\/\/www.focolare.org\/fr\/wp-json\/wp\/v2\/posts\/353162\/revisions"}],"wp:attachment":[{"href":"https:\/\/www.focolare.org\/fr\/wp-json\/wp\/v2\/media?parent=353162"}],"wp:term":[{"taxonomy":"category","embeddable":true,"href":"https:\/\/www.focolare.org\/fr\/wp-json\/wp\/v2\/categories?post=353162"},{"taxonomy":"post_tag","embeddable":true,"href":"https:\/\/www.focolare.org\/fr\/wp-json\/wp\/v2\/tags?post=353162"}],"curies":[{"name":"wp","href":"https:\/\/api.w.org\/{rel}","templated":true}]}}