{"id":353258,"date":"2013-07-19T03:00:58","date_gmt":"2013-07-19T01:00:58","guid":{"rendered":"https:\/\/www.focolare.org\/juniors-pour-un-monde-uni-une-explosion-de-vitalite\/"},"modified":"2024-06-06T12:45:53","modified_gmt":"2024-06-06T10:45:53","slug":"juniors-pour-un-monde-uni-une-explosion-de-vitalite","status":"publish","type":"post","link":"https:\/\/www.focolare.org\/fr\/juniors-pour-un-monde-uni-une-explosion-de-vitalite\/","title":{"rendered":"Juniors pour un Monde Uni: une explosion de vitalit\u00e9"},"content":{"rendered":"<p style=\"text-align: center\"><a href=\"https:\/\/www.focolare.org\/wp-content\/uploads\/2013\/07\/2013_7_18_a.jpg\"><img alt=\"\" alt=\"\" loading=\"lazy\" decoding=\"async\" class=\" wp-image-88928 aligncenter\" src=\"https:\/\/www.focolare.org\/wp-content\/uploads\/2013\/07\/2013_7_18_a.jpg\" alt=\"\" width=\"621\" height=\"330\" \/><\/a><\/p>\n<p>\u00ab\u00a0C\u2019\u00e9tait tr\u00e8s beau de voir notre g\u00e9n\u00e9ration travailler et suer pour un id\u00e9al d\u2019amour et de solidarit\u00e9 sans rien recevoir en \u00e9change\u2026 Et j\u2019esp\u00e8re qu\u2019ainsi, l\u2019opinion commune que les jeunes sont fain\u00e9ants et indiff\u00e9rents change. Nous sommes la preuve vivante que, malgr\u00e9 notre jeune \u00e2ge, avec l\u2019amour et la volont\u00e9, nous pouvons r\u00e9aliser quelque chose de grandiose, divertissant et particuli\u00e8rement significatif, ensemble, en \u00e9tant actifs!\u00a0\u00bb<\/p>\n<p><strong>Ce sont les paroles d\u2019un des 120 jeunes, \u00e2g\u00e9s de 8 \u00e0 17 ans, <\/strong>provenant de toute la Lombardie, qui ont mis en sc\u00e8ne une com\u00e9die musicale intitul\u00e9e \u00ab\u00a0Rayons de lumi\u00e8re\u00a0\u00bb, le 15 juin, pr\u00e8s de Brescia. Le spectacle a \u00e9t\u00e9 pens\u00e9 et voulu par ces juniors des Focolari pour traduire en musique, chant et paroles la vie extraordinaire de Chiara Luce, une jeune comme eux, afin que le message sous-jacent de sa vie puisse atteindre le plus de c\u0153urs possible. Du 26 au 30 juin, \u00e0 <strong>Sassello<\/strong>, sa ville natale, un chantier a r\u00e9uni 70 adolescents du Nord de l\u2019Italie.<\/p>\n<p style=\"text-align: center\"><a href=\"https:\/\/www.focolare.org\/wp-content\/uploads\/2013\/07\/2013_7_18_b2.jpg\"><img alt=\"\" alt=\"\" loading=\"lazy\" decoding=\"async\" class=\"aligncenter  wp-image-88934\" src=\"https:\/\/www.focolare.org\/wp-content\/uploads\/2013\/07\/2013_7_18_b2.jpg\" alt=\"\" width=\"621\" height=\"174\" \/><\/a><\/p>\n<p><strong>Il s\u2019agit de fragments du kal\u00e9idoscope d\u2019initiatives <\/strong>que les Juniors pour un Monde Uni ont promues dans toute l\u2019Italie, en abordant des th\u00e9matiques aussi diversifi\u00e9es et importantes qu\u2019actuelles, avec un d\u00e9nominateur commun: parcourir des chemins et construire des ponts qui m\u00e8nent au monde uni. <strong>En Toscane, <\/strong>45 juniors de 9 \u00e0 12 ans se sont \u00ab\u00a0exerc\u00e9s\u00a0\u00bb, en commen\u00e7ant gentiment, \u00e0 mettre en premier des piliers (amiti\u00e9, valeurs vraies\u2026) pour ensuite arriver vers l\u2019autre, diff\u00e9rent, mais porteur d\u2019une richesse souvent insoup\u00e7onn\u00e9e.<\/p>\n<p><strong>Les impressions expriment l\u2019intensit\u00e9 des moments v\u00e9cus:<\/strong> \u00ab\u00a0Dans une p\u00e9riode de doute, cette exp\u00e9rience a \u00e9t\u00e9 pour moi un tremplin pour recommencer dans l\u2019amour et red\u00e9couvrir la joie d\u2019aimer gratuitement\u00a0\u00bb. Et encore: \u00ab\u00a0Certains de mes amis faisaient la course, durant l\u2019excursion, pour arriver en premier au d\u00eener. Mais un junior \u00e9tait tr\u00e8s fatigu\u00e9 et n&rsquo;arrivait pas \u00e0 courir avec les autres, alors j&rsquo;ai pens\u00e9 \u00e0 la devise et je suis retourn\u00e9 en arri\u00e8re pour lui tenir compagnie\u00a0\u00bb.<br \/> p style=\u00a0\u00bbtext-align: center;\u00a0\u00bb&gt;&lt;a href=&quot;https:\/\/www.focolare.org\/wp-content\/uploads\/2013\/07<br \/> <strong>En Ombrie, 65 juniors sont all\u00e9s \u00ab\u00a0\u00e0 la recherche du bonheur\u00a0\u00bb <\/strong>avec l\u2019aide de quelques experts dans le domaine de la psychologie, qui expliquaient qu\u2019il a \u00e9t\u00e9 scientifiquement prouv\u00e9 qu\u2019aimer rend heureux. Promenades dans la nature, ateliers, comp\u00e9titions sportives et moments musicaux ont \u00e9t\u00e9 des occasions d&rsquo;\u00e9change et de rapport profond.<\/p>\n<p style=\"text-align: center\"><a href=\"https:\/\/www.focolare.org\/wp-content\/uploads\/2013\/07\/2013_7_18_c.jpg\"><img alt=\"\" alt=\"\" loading=\"lazy\" decoding=\"async\" class=\"aligncenter  wp-image-88936\" src=\"https:\/\/www.focolare.org\/wp-content\/uploads\/2013\/07\/2013_7_18_c.jpg\" alt=\"\" width=\"615\" height=\"182\" \/><\/a><\/p>\n<p><strong>\u00ab\u00a0Big Bang: une explosion qui unit\u00a0\u00bb est le titre de la rencontre qui s&rsquo;est d\u00e9roul\u00e9e en Calabre, <\/strong>et qui a rassembl\u00e9 150 adolescents, filles et gar\u00e7ons de 13 \u00e0 16 ans, provenant de Calabre et de Sicile. <strong>Parents d\u2019un policier assassin\u00e9 par la mafia,<\/strong> les \u00e9poux D\u2019Agostino ont \u00e9t\u00e9 des invit\u00e9s d\u2019exception<strong>, <\/strong>qui ont sensibilis\u00e9 les jeunes \u00e0 la l\u00e9galit\u00e9. En m\u00eame temps, \u00e0 l\u2019autre bout de la p\u00e9ninsule, <strong>en Frioul-V\u00e9n\u00e9tie julienne<\/strong>, un chantier r\u00e9unissait une cinquantaine de jeunes du m\u00eame \u00e2ge, sous l\u2019enseigne de cinq mots d\u2019ordre: \u00catre toujours dans la joie, Marcher sur le rayon, Aimer toujours, Recommencer, Vivre l&rsquo;instant pr\u00e9sent.<\/p>\n<p><strong>Il ne manque que \u00ab\u00a0Stop\u2019n go 3\u00a0\u00bb<\/strong>, la troisi\u00e8me \u00e9dition du Camp des Juniors pour un Monde Uni du Latium, du 17 au 21 juillet, pr\u00e8s de Viterbe. Durant ces journ\u00e9es, des moments de solidarit\u00e9 s\u2019alterneront, comme l\u2019animation dans une maison de repos, des actions \u00e9cologiques et des moments de r\u00e9flexion fournis par des experts dans le domaine de l\u2019affectivit\u00e9 et du dialogue entre chr\u00e9tiens et musulmans.<\/p>\n<p style=\"text-align: center\"><a href=\"https:\/\/www.focolare.org\/wp-content\/uploads\/2013\/07\/2013_7_18_d3.jpg\"><img alt=\"\" alt=\"\" loading=\"lazy\" decoding=\"async\" class=\"aligncenter  wp-image-88941\" src=\"https:\/\/www.focolare.org\/wp-content\/uploads\/2013\/07\/2013_7_18_d3.jpg\" alt=\"\" width=\"621\" height=\"162\" \/><\/a><\/p>\n<p><strong>\u00ab\u00a0Ce ne sont pas les vacances habituelles, mais l\u2019amour \u00e0 100%!\u00a0\u00bb, <\/strong>affirme une des jeunes protagonistes. De l\u2019Autriche au Br\u00e9sil, comme dans d\u2019autres pays, de nouvelles activit\u00e9s sont en cours ou au programme.<\/p>\n<p>La suite au prochain \u00e9pisode!<\/p>\n","protected":false},"excerpt":{"rendered":"<p>Entre la fin juin et le mois de juillet, toute l\u2019Italie a accueilli des initiatives et des s\u00e9jours d\u2019approfondissement et d\u2019activit\u00e9s promus par les juniors des Focolari. Tour d\u2019horizon.<\/p>\n","protected":false},"author":34,"featured_media":0,"comment_status":"open","ping_status":"open","sticky":false,"template":"","format":"standard","meta":{"give_campaign_id":0,"_seopress_robots_primary_cat":"","_seopress_titles_title":"","_seopress_titles_desc":"","_seopress_robots_index":"","_et_pb_use_builder":"","_et_pb_old_content":"","_et_gb_content_width":"","footnotes":""},"categories":[906],"tags":[],"class_list":["post-353258","post","type-post","status-publish","format-standard","hentry","category-focolare-worldwide-2-3"],"_links":{"self":[{"href":"https:\/\/www.focolare.org\/fr\/wp-json\/wp\/v2\/posts\/353258","targetHints":{"allow":["GET"]}}],"collection":[{"href":"https:\/\/www.focolare.org\/fr\/wp-json\/wp\/v2\/posts"}],"about":[{"href":"https:\/\/www.focolare.org\/fr\/wp-json\/wp\/v2\/types\/post"}],"author":[{"embeddable":true,"href":"https:\/\/www.focolare.org\/fr\/wp-json\/wp\/v2\/users\/34"}],"replies":[{"embeddable":true,"href":"https:\/\/www.focolare.org\/fr\/wp-json\/wp\/v2\/comments?post=353258"}],"version-history":[{"count":0,"href":"https:\/\/www.focolare.org\/fr\/wp-json\/wp\/v2\/posts\/353258\/revisions"}],"wp:attachment":[{"href":"https:\/\/www.focolare.org\/fr\/wp-json\/wp\/v2\/media?parent=353258"}],"wp:term":[{"taxonomy":"category","embeddable":true,"href":"https:\/\/www.focolare.org\/fr\/wp-json\/wp\/v2\/categories?post=353258"},{"taxonomy":"post_tag","embeddable":true,"href":"https:\/\/www.focolare.org\/fr\/wp-json\/wp\/v2\/tags?post=353258"}],"curies":[{"name":"wp","href":"https:\/\/api.w.org\/{rel}","templated":true}]}}