{"id":353292,"date":"2013-08-02T03:00:35","date_gmt":"2013-08-02T01:00:35","guid":{"rendered":"https:\/\/www.focolare.org\/ouverts-aux-autres\/"},"modified":"2024-06-06T12:46:00","modified_gmt":"2024-06-06T10:46:00","slug":"ouverts-aux-autres","status":"publish","type":"post","link":"https:\/\/www.focolare.org\/fr\/ouverts-aux-autres\/","title":{"rendered":"Ouverts aux autres"},"content":{"rendered":"<p><img alt=\"\" alt=\"\" loading=\"lazy\" decoding=\"async\" class=\"alignright size-full wp-image-89555\" style=\"margin-left: 10px\" src=\"https:\/\/www.focolare.org\/wp-content\/uploads\/2013\/08\/106_large.jpg\" alt=\"\" width=\"305\" height=\"215\" \/><\/p>\n<p><strong>Une caricature<\/strong><\/p>\n<p>Un des copains a fait circuler dans toute l\u2019\u00e9cole une caricature de moi (j\u2019ai un petit d\u00e9faut physique \u00e0 une oreille et je souffre quand quelqu\u2019un se moque de moi). Au lieu de le frapper, en me souvenant de l\u2019invitation de J\u00e9sus \u00e0 pardonner, je lui ai parl\u00e9 calmement. Par la suite je l\u2019ai invit\u00e9 chez moi, je lui ai propos\u00e9 de m\u2019aider \u00e0 faire un devoir, d\u2019aller ensemble dans un supermarch\u00e9 et d\u2019aller voir un film. Il a accept\u00e9, m\u00eame s\u2019il se m\u00e9fiait. Quand il m\u2019a demand\u00e9 pourquoi je ne l\u2019avais pas frapp\u00e9, j\u2019ai pu lui expliquer que j\u2019essayais de voir J\u00e9sus en chaque prochain, sachant qu\u2019on pouvait tous se tromper. Maintenant, lui aussi s\u2019engage \u00e0 mettre en pratique les paroles de l\u2019\u00e9vangile. (Daniel \u2013 Br\u00e9sil)<\/p>\n<p><img alt=\"\" alt=\"\" loading=\"lazy\" decoding=\"async\" class=\"alignleft  wp-image-89552\" style=\"margin-right: 10px\" src=\"https:\/\/www.focolare.org\/wp-content\/uploads\/2013\/08\/0mother-son_tinturia2_529605565_3.jpg\" alt=\"\" width=\"258\" height=\"173\" \/><strong>Le cinqui\u00e8me enfant<\/strong><\/p>\n<p>Il y a quelques jours, K., une amie tunisienne, m\u2019a confi\u00e9 qu\u2019elle \u00e9tait enceinte mais qu\u2019elle voulait avorter : elle avait honte d\u2019attendre son cinqui\u00e8me enfant dans un pays comme le n\u00f4tre o\u00f9 il n\u2019y en a qu\u2019un ou deux par famille. Nous lui avons assur\u00e9 toute notre assistance possible en nous engageant \u00e0 le prendre en charge nous, si elle avait d\u00e9cid\u00e9 de garder l\u2019enfant. Apr\u00e8s quelques jours elle et le mari se sont d\u00e9cid\u00e9s pour la vie du nouveau n\u00e9. Le m\u00eame jour est arriv\u00e9e une belle somme d\u2019argent pour eux ; de son c\u00f4t\u00e9 le Centre d\u2019aide pour la vie assure un p\u00e9cule mensuel. (F.T. \u2013 Italie)<\/p>\n<p><strong>Aux urgences<\/strong><\/p>\n<p><img alt=\"\" alt=\"\" loading=\"lazy\" decoding=\"async\" class=\"alignright size-full wp-image-89599\" style=\"margin-left: 10px\" src=\"https:\/\/www.focolare.org\/wp-content\/uploads\/2013\/08\/20130802-03.jpg\" alt=\"\" width=\"113\" height=\"168\" \/>En vacances \u00e0 l\u2019\u00e9tranger, \u00e0 cause d\u2019une mauvaise chute, j\u2019ai d\u00fb accompagner mon enfant aux urgences. Je souffrais doublement, aussi bien parce que Lion pleurait \u00e0 chaudes larmes, que parce que je continuais \u00e0 me r\u00e9p\u00e9ter que je devais faire plus attention. A l\u2019h\u00f4pital, mettant de c\u00f4t\u00e9 mon anxi\u00e9t\u00e9, j\u2019ai pris sur moi celle de la dame allemande qui avait son fils hospitalis\u00e9 \u00e0 c\u00f4t\u00e9 du mien : elle parlait uniquement anglais et j\u2019ai pu faire l\u2019interpr\u00e8te avec le m\u00e9decin et l\u2019infirmi\u00e8re. Lorsque mon mari est arriv\u00e9 et que je le lui ai pr\u00e9sent\u00e9, elle m\u2019a remerci\u00e9 pour ma proximit\u00e9 \u00e0 un moment difficile pour elle. Si je ne perds pas de temps en pensant \u00e0 mes limites, je suis en paix et je construis de nouveaux rapports. (B.F. \u2013Angleterre)<\/p>\n<p><strong>Source:<\/strong> l\u2019\u00e9vangile du jour, Ed. Citt\u00e0 Nuova, aout 2013<\/p>\n","protected":false},"excerpt":{"rendered":"<p>Quelques t\u00e9moignages brefs \u00e0 propos de la phrase de l\u2019\u00e9vangile qui nous est propos\u00e9e de mettre en pratique au cours du mois d\u2019aout. Aimer, \u00eatre attentifs, m\u00eame envers ceux qui font parti de notre entourage.<\/p>\n","protected":false},"author":34,"featured_media":0,"comment_status":"open","ping_status":"open","sticky":false,"template":"","format":"standard","meta":{"give_campaign_id":0,"_seopress_robots_primary_cat":"","_seopress_titles_title":"","_seopress_titles_desc":"","_seopress_robots_index":"","_et_pb_use_builder":"","_et_pb_old_content":"","_et_gb_content_width":"","footnotes":""},"categories":[47],"tags":[],"class_list":["post-353292","post","type-post","status-publish","format-standard","hentry","category-non-classifiee"],"_links":{"self":[{"href":"https:\/\/www.focolare.org\/fr\/wp-json\/wp\/v2\/posts\/353292","targetHints":{"allow":["GET"]}}],"collection":[{"href":"https:\/\/www.focolare.org\/fr\/wp-json\/wp\/v2\/posts"}],"about":[{"href":"https:\/\/www.focolare.org\/fr\/wp-json\/wp\/v2\/types\/post"}],"author":[{"embeddable":true,"href":"https:\/\/www.focolare.org\/fr\/wp-json\/wp\/v2\/users\/34"}],"replies":[{"embeddable":true,"href":"https:\/\/www.focolare.org\/fr\/wp-json\/wp\/v2\/comments?post=353292"}],"version-history":[{"count":0,"href":"https:\/\/www.focolare.org\/fr\/wp-json\/wp\/v2\/posts\/353292\/revisions"}],"wp:attachment":[{"href":"https:\/\/www.focolare.org\/fr\/wp-json\/wp\/v2\/media?parent=353292"}],"wp:term":[{"taxonomy":"category","embeddable":true,"href":"https:\/\/www.focolare.org\/fr\/wp-json\/wp\/v2\/categories?post=353292"},{"taxonomy":"post_tag","embeddable":true,"href":"https:\/\/www.focolare.org\/fr\/wp-json\/wp\/v2\/tags?post=353292"}],"curies":[{"name":"wp","href":"https:\/\/api.w.org\/{rel}","templated":true}]}}