{"id":353294,"date":"2013-08-05T04:00:23","date_gmt":"2013-08-05T02:00:23","guid":{"rendered":"https:\/\/www.focolare.org\/jeunes-depuis-toujours-au-coeur-des-focolari\/"},"modified":"2024-06-06T12:46:00","modified_gmt":"2024-06-06T10:46:00","slug":"jeunes-depuis-toujours-au-coeur-des-focolari","status":"publish","type":"post","link":"https:\/\/www.focolare.org\/fr\/jeunes-depuis-toujours-au-coeur-des-focolari\/","title":{"rendered":"Jeunes: depuis toujours au c\u0153ur des Focolari"},"content":{"rendered":"<p><img alt=\"\" alt=\"\" loading=\"lazy\" decoding=\"async\" class=\"alignright size-full wp-image-89664\" src=\"https:\/\/www.focolare.org\/wp-content\/uploads\/2013\/08\/2013_08_02_012.jpg\" alt=\"\" width=\"398\" height=\"313\" \/><\/p>\n<p>Chiara les appelait \u00ab\u00a0popetti\u00a0\u00bb, c\u2019est-\u00e0-dire \u00ab\u00a0enfants\u00a0\u00bb en dialecte trentin. C\u2019\u00e9taient les jeunes qui, en contact avec le Mouvement des Focolari naissant au d\u00e9but des ann\u00e9es 50, entr\u00e8rent dans l\u2019orbite de la premi\u00e8re communaut\u00e9, suivirent de pr\u00e8s les \u00e9v\u00e9nements, partag\u00e8rent en tant que protagonistes joies et souffrances et aussi de grands moments comme les Mariapolis, durant la p\u00e9riode estivale dans les Dolomites, autour du premier groupe de focolarini et focolarines.<\/p>\n<p>Luigi Liberati, romain, a connu la spiritualit\u00e9 de l\u2019Unit\u00e9 fin 1953. \u00ab\u00a0Toute personne qui a re\u00e7u le cadeau de se trouver pr\u00e8s de Chiara a la certitude qu\u2019elle l\u2019a aim\u00e9e en exclusivit\u00e9. J\u2019ai toujours dans l\u2019esprit et dans l\u2019\u00e2me l\u2019exp\u00e9rience forte de me sentir toujours aim\u00e9 et mis \u00e0 la premi\u00e8re place\u00a0\u00bb, commence-t-il. Son r\u00e9cit offre un cadre tant in\u00e9dit et vivant qu\u2019intense et profond. \u00ab\u00a0En ao\u00fbt 1954, j&rsquo;ai particip\u00e9 \u00e0 ma premi\u00e8re Mariapolis. Puisque nous n\u2019\u00e9tions pas nombreux, le contact avec Chiara \u00e9tait tr\u00e8s facile.\u00a0\u00bb Luigi se souvient d\u2019une petite anecdote: \u00ab\u00a0L\u2019\u00c9vangile de la messe disait \u00ab\u00a0\u2026qui accueille un de ces petits\u2026\u00a0\u00bb et, aussit\u00f4t, \u00e0 la sortie, Chiara d\u00e9clare: \u00ab\u00a0Popetti, tous en voiture! On va au refuge pour manger des fraises \u00e0 la cr\u00e8me\u00a0\u00bb. Imm\u00e9diatement, nous nous serrons tous dans la Fiat 103. Chiara portait les plus petits sur ses genoux et, ensuite, en route pour nous r\u00e9galer de cr\u00e8me et de fraises!\u00a0\u00bb.<\/p>\n<p><img alt=\"\" alt=\"\" loading=\"lazy\" decoding=\"async\" class=\"alignleft  wp-image-89661\" src=\"https:\/\/www.focolare.org\/wp-content\/uploads\/2013\/08\/2013_08_02_05.jpg\" alt=\"\" width=\"402\" height=\"379\" \/>Durant ces premi\u00e8res Mariapolis, Chiara a confi\u00e9 le groupe de jeunes constamment en augmentation \u00e0 Vincenzo Folonari, famili\u00e8rement appel\u00e9 Eletto: \u00ab\u00a0L\u00e0 ressort toute la valeur spirituelle d\u2019Eletto. Avec lui, j\u2019ai exp\u00e9riment\u00e9 des gr\u00e2ces jamais v\u00e9cues auparavant: il a ouvert avec nous un dialogue qui \u00e9tait compl\u00e9mentaire \u00e0 celui de Chiara. Elle nous aimait, nous formait et enseignait, et Eletto nous aidait \u00e0 traduire tout cela en action\u00a0\u00bb.<\/p>\n<p>Au fil du temps, le groupe de jeunes augmentait, et Chiara a cr\u00e9\u00e9 un petit centre pour qu\u2019ils restent li\u00e9s: \u00ab\u00a0Presque chaque jour, certains d\u2019entre nous se rencontraient l\u00e0 apr\u00e8s l\u2019\u00e9cole. Nous maintenions la correspondance avec d&rsquo;autres jeunes de diff\u00e9rentes parties de l\u2019Italie. Chiara venait souvent, nous donnait des conseils et nous encourageait.\u00a0\u00bb Le rapport avec elle \u00e9tait direct et filial: \u00ab\u00a0Lorsqu\u2019en 1957 elle a eu un accident de voiture et s\u2019est cass\u00e9 l&rsquo;\u00e9paule, Paolo Carta et moi allions presque tous les jours \u00e0 la clinique o\u00f9 elle \u00e9tait hospitalis\u00e9e et nous laissions un billet sur sa voiture parqu\u00e9e pour lui faire parvenir tout notre amour\u00a0\u00bb.<\/p>\n<p>\u00ab\u00a0\u00c0 un certain moment, nous avons senti le besoin d&rsquo;organiser une rencontre nationale, tellement nous avions grandi. Ce jour-l\u00e0, nous avons ressenti une responsabilit\u00e9 qui faisait nous sentir compl\u00e8tement \u00e0 \u00e9galit\u00e9 avec les adultes, et nous avons v\u00e9cu le tout avec sacralit\u00e9.\u00a0\u00bb Les bases de la diffusion de la spiritualit\u00e9 de l\u2019Unit\u00e9 dans les nouvelles g\u00e9n\u00e9rations \u00e9taient donc jet\u00e9es: \u00ab\u00a0Malgr\u00e9 tout \u2013 conclut Luigi \u2013 Dieu nous pr\u00e9parait pour ce qui allait ensuite sortir de mani\u00e8re explosive avec les \u201cGen\u201d durant la d\u00e9cennie suivante\u00a0\u00bb. Mais c\u2019est un autre chapitre.<\/p>\n<p><a href=\"https:\/\/www.focolare.org\/wp-content\/uploads\/2013\/08\/2013_08_02_06.jpg\"><img alt=\"\" alt=\"\" loading=\"lazy\" decoding=\"async\" class=\"alignleft size-full wp-image-89666\" src=\"https:\/\/www.focolare.org\/wp-content\/uploads\/2013\/08\/2013_08_02_06.jpg\" alt=\"\" width=\"576\" height=\"311\" \/><\/a><\/p>\n","protected":false},"excerpt":{"rendered":"<p>Les paroles d\u2019un t\u00e9moin direct nous offrent une description in\u00e9dite des d\u00e9buts du Mouvement des Focolari: la pr\u00e9sence d\u2019enfants et de jeunes dans les premi\u00e8res communaut\u00e9s et leur rapport avec Chiara Lubich.<\/p>\n","protected":false},"author":34,"featured_media":0,"comment_status":"open","ping_status":"open","sticky":false,"template":"","format":"standard","meta":{"give_campaign_id":0,"_seopress_robots_primary_cat":"","_seopress_titles_title":"","_seopress_titles_desc":"","_seopress_robots_index":"","_et_pb_use_builder":"","_et_pb_old_content":"","_et_gb_content_width":"","footnotes":""},"categories":[47],"tags":[],"class_list":["post-353294","post","type-post","status-publish","format-standard","hentry","category-non-classifiee"],"_links":{"self":[{"href":"https:\/\/www.focolare.org\/fr\/wp-json\/wp\/v2\/posts\/353294","targetHints":{"allow":["GET"]}}],"collection":[{"href":"https:\/\/www.focolare.org\/fr\/wp-json\/wp\/v2\/posts"}],"about":[{"href":"https:\/\/www.focolare.org\/fr\/wp-json\/wp\/v2\/types\/post"}],"author":[{"embeddable":true,"href":"https:\/\/www.focolare.org\/fr\/wp-json\/wp\/v2\/users\/34"}],"replies":[{"embeddable":true,"href":"https:\/\/www.focolare.org\/fr\/wp-json\/wp\/v2\/comments?post=353294"}],"version-history":[{"count":0,"href":"https:\/\/www.focolare.org\/fr\/wp-json\/wp\/v2\/posts\/353294\/revisions"}],"wp:attachment":[{"href":"https:\/\/www.focolare.org\/fr\/wp-json\/wp\/v2\/media?parent=353294"}],"wp:term":[{"taxonomy":"category","embeddable":true,"href":"https:\/\/www.focolare.org\/fr\/wp-json\/wp\/v2\/categories?post=353294"},{"taxonomy":"post_tag","embeddable":true,"href":"https:\/\/www.focolare.org\/fr\/wp-json\/wp\/v2\/tags?post=353294"}],"curies":[{"name":"wp","href":"https:\/\/api.w.org\/{rel}","templated":true}]}}